{"id":270256,"date":"2025-07-24T10:46:20","date_gmt":"2025-07-24T10:46:20","guid":{"rendered":"https:\/\/www.europesays.com\/fr\/270256\/"},"modified":"2025-07-24T10:46:20","modified_gmt":"2025-07-24T10:46:20","slug":"zak-brown-spectateur-interesse-des-liens-entre-verstappen-et-mercedes","status":"publish","type":"post","link":"https:\/\/www.europesays.com\/fr\/270256\/","title":{"rendered":"Zak Brown, \u00ab\u00a0spectateur int\u00e9ress\u00e9\u00a0\u00bb des liens entre Verstappen et Mercedes"},"content":{"rendered":"<p><a href=\"https:\/\/fr.motorsport.com\/driver\/max-verstappen\/93029\/\" target=\"_blank\" rel=\"noopener\">Max Verstappen<\/a> et <a href=\"https:\/\/fr.motorsport.com\/team\/mercedes\/611\/\" target=\"_blank\" rel=\"noopener\">Mercedes<\/a>, c&rsquo;est l&rsquo;alliance que certains entrevoient \u00e0 quelques mois de la r\u00e9volution r\u00e9glementaire 2026.\u00a0<\/p>\n<p>Toto Wolff, le directeur de l&rsquo;\u00e9curie allemande, n&rsquo;a pas cach\u00e9 que des discussions \u00e9taient en cours pour tenter de convaincre le quadruple champion du monde de rejoindre les rangs de sa structure dans un avenir proche, m\u00eame s&rsquo;il a reconnu que la probabilit\u00e9 que ce mariage ait lieu d\u00e8s 2026 \u00e9tait faible.\u00a0<\/p>\n<p>\u00ab\u00a0Je pense que lorsque l&rsquo;on regarde la situation avec Kimi [Antonelli] et George [Russell], nous avons un duo parfait qui nous pla\u00eet beaucoup et qui, selon nous, repr\u00e9sente l&rsquo;avenir\u00a0\u00bb, avait expliqu\u00e9 Wolff \u00e0 Sky Sports en juin. \u00ab\u00a0Mais en m\u00eame temps, il y a un quadruple champion du monde qui doit d\u00e9cider de son futur, et en tant que directeur d&rsquo;\u00e9curie, vous devez voir o\u00f9 cela va mener. Mais je pense que je donne tr\u00e8s peu de chances que cela arrive.\u00a0\u00bb<\/p>\n<p>Puis il avait pr\u00e9cis\u00e9 : \u00ab\u00a0On ne sait pas ce qui va se passer dans trois ou cinq ans, c&rsquo;est pourquoi il faut r\u00e9fl\u00e9chir \u00e0 ce qui doit \u00eatre pris en compte sur le long terme.\u00a0\u00bb<\/p>\n<p>   <img decoding=\"async\" draggable=\"false\" src=\"https:\/\/www.europesays.com\/fr\/wp-content\/uploads\/2025\/07\/1753353980_631_max-verstappen-red-bull-racing.jpg\" alt=\"Max Verstappen (Red Bull)\" width=\"1200\" height=\"800\" loading=\"lazy\"\/> <\/p>\n<p class=\"title\">Max Verstappen (Red Bull)<\/p>\n<p class=\"photographer\">Photo de: James Sutton \/ Motorsport Images<\/p>\n<p>Interrog\u00e9 sur le sujet aupr\u00e8s de\u00a0<a href=\"https:\/\/www.youtube.com\/watch?v=sXTLFXPirXE\" target=\"_blank\" rel=\"noopener\">TSN<\/a>, ainsi que sur l&rsquo;\u00e9ventualit\u00e9 que son \u00e9curie puisse elle-m\u00eame mener des discussions avec Verstappen, le PDG de <a href=\"https:\/\/fr.motorsport.com\/team\/mclaren\/609\/\" target=\"_blank\" rel=\"noopener\">McLaren<\/a> Racing, Zak Brown, a r\u00e9pondu\u00a0: \u00ab\u00a0Je ne pourrais pas \u00eatre plus heureux avec Oscar et Lando. Donc, \u00e0 part \u00eatre un spectateur int\u00e9ress\u00e9, je suis tr\u00e8s heureux de mon duo de pilotes. Je ne passe pas vraiment de temps l\u00e0-dessus, sauf quand quelque chose appara\u00eet sur mon t\u00e9l\u00e9phone.\u00a0\u00bb<\/p>\n<p>Verstappen dispose d&rsquo;un contrat allant jusqu&rsquo;en 2028 avec <a href=\"https:\/\/fr.motorsport.com\/team\/red-bull\/553\/\" target=\"_blank\" rel=\"noopener\">Red Bull\u00a0Racing<\/a>. Toutefois, les difficult\u00e9s de l&rsquo;\u00e9curie depuis plus d&rsquo;un an et sa baisse de comp\u00e9titivit\u00e9 dans la hi\u00e9rarchie ont contribu\u00e9 \u00e0 remettre en cause son engagement.\u00a0<\/p>\n<p>En plus des questions sportives, Red Bull a connu une situation interne turbulente qui a abouti, d\u00e9but juillet, \u00e0 <a href=\"https:\/\/fr.motorsport.com\/topic\/christian-horner-evince-de-red-bull\/2770\/\" target=\"_self\" rel=\"noopener\">l&rsquo;\u00e9viction de Christian Horner<\/a> du poste de PDG et directeur de l&rsquo;\u00e9curie qu&rsquo;il occupait depuis plus de 20 ans. Il a \u00e9t\u00e9 remplac\u00e9 avec effet imm\u00e9diat par le Fran\u00e7ais Laurent Mekies. \u00c0 ce stade, il n&rsquo;est pas possible de savoir si ce changement aura, dans un sens ou dans un autre, un effet direct sur l&rsquo;avenir de Verstappen.<\/p>\n<p>Lire aussi :<\/p>\n<p>Dans cet article<\/p>\n<p>Soyez le premier inform\u00e9 et souscrivez aux alertes mails pour recevoir les infos en temps r\u00e9el<\/p>\n<p>    S&rsquo;abonner aux alertes de news<\/p>\n","protected":false},"excerpt":{"rendered":"Max Verstappen et Mercedes, c&rsquo;est l&rsquo;alliance que certains entrevoient \u00e0 quelques mois de la r\u00e9volution r\u00e9glementaire 2026.\u00a0 Toto&hellip;\n","protected":false},"author":2,"featured_media":270257,"comment_status":"","ping_status":"","sticky":false,"template":"","format":"standard","meta":{"footnotes":""},"categories":[1412],"tags":[1451,1452,1453,1454,1455,1011,27,2236,4475,2255,60,15819],"class_list":{"0":"post-270256","1":"post","2":"type-post","3":"status-publish","4":"format-standard","5":"has-post-thumbnail","7":"category-f1","8":"tag-f1","9":"tag-formula-1","10":"tag-formula1","11":"tag-formule-1","12":"tag-formule1","13":"tag-fr","14":"tag-france","15":"tag-max-verstappen","16":"tag-mclaren","17":"tag-red-bull","18":"tag-sports","19":"tag-zak-brown"},"share_on_mastodon":{"url":"https:\/\/pubeurope.com\/@fr\/114907813246267939","error":""},"_links":{"self":[{"href":"https:\/\/www.europesays.com\/fr\/wp-json\/wp\/v2\/posts\/270256","targetHints":{"allow":["GET"]}}],"collection":[{"href":"https:\/\/www.europesays.com\/fr\/wp-json\/wp\/v2\/posts"}],"about":[{"href":"https:\/\/www.europesays.com\/fr\/wp-json\/wp\/v2\/types\/post"}],"author":[{"embeddable":true,"href":"https:\/\/www.europesays.com\/fr\/wp-json\/wp\/v2\/users\/2"}],"replies":[{"embeddable":true,"href":"https:\/\/www.europesays.com\/fr\/wp-json\/wp\/v2\/comments?post=270256"}],"version-history":[{"count":0,"href":"https:\/\/www.europesays.com\/fr\/wp-json\/wp\/v2\/posts\/270256\/revisions"}],"wp:featuredmedia":[{"embeddable":true,"href":"https:\/\/www.europesays.com\/fr\/wp-json\/wp\/v2\/media\/270257"}],"wp:attachment":[{"href":"https:\/\/www.europesays.com\/fr\/wp-json\/wp\/v2\/media?parent=270256"}],"wp:term":[{"taxonomy":"category","embeddable":true,"href":"https:\/\/www.europesays.com\/fr\/wp-json\/wp\/v2\/categories?post=270256"},{"taxonomy":"post_tag","embeddable":true,"href":"https:\/\/www.europesays.com\/fr\/wp-json\/wp\/v2\/tags?post=270256"}],"curies":[{"name":"wp","href":"https:\/\/api.w.org\/{rel}","templated":true}]}}