{"id":270258,"date":"2025-07-24T10:47:23","date_gmt":"2025-07-24T10:47:23","guid":{"rendered":"https:\/\/www.europesays.com\/fr\/270258\/"},"modified":"2025-07-24T10:47:23","modified_gmt":"2025-07-24T10:47:23","slug":"yoann-offredo-donne-des-nouvelles-de-sa-maladie-qui-risquait-de-le-rendre-aveugle","status":"publish","type":"post","link":"https:\/\/www.europesays.com\/fr\/270258\/","title":{"rendered":"Yoann Offredo donne des nouvelles de sa maladie qui risquait de le rendre aveugle"},"content":{"rendered":"<p>Dans une interview \u00e0 Brut parue ce mercredi 23 juillet 2025, Yoann Offredo est revenu sur le diagnostic de sa maladie, une sarco\u00efdose qui aurait pu lui faire perdre totalement la vue. L&rsquo;occasion pour l&rsquo;ancien coureur cycliste, consultant pour France T\u00e9l\u00e9visions, de rassurer le public sur son \u00e9tat de sant\u00e9.<\/p>\n<p>Il y a quelques semaines, <a href=\"https:\/\/www.programme-tv.net\/news\/tv\/375807-tout-prend-une-autre-saveur-yoann-offredo-atteint-d-une-maladie-rare-qui-risque-de-le-rendre-aveugle-le-consultant-de-france-televisions-se-confie-a-lea-salame\/\" data-api-deeplink=\"teleloisirs:\/\/news\/375807\" target=\"_blank\" rel=\"noopener\">Yoann Offredo annon\u00e7ait une tr\u00e8s mauvaise nouvelle<\/a> : on lui a diagnostiqu\u00e9 une maladie auto-immune rare et grave, une sarco\u00efdose. Cette pathologie inflammatoire s&rsquo;attaque \u00e0 ses organes, notamment son cerveau, ses poumons et ses yeux, avec \u00e0 terme un risque de perdre la vue selon les cas. L&rsquo;ancien cycliste de 38 ans, <a href=\"https:\/\/www.programme-tv.net\/news\/sport\/279033-tour-de-france-la-boulette-de-laurent-luyat-et-yoann-offredo-qui-relaient-une-information-parodique-sur-la-spectatrice-a-la-pancarte\/\" data-api-deeplink=\"teleloisirs:\/\/news\/279033\" target=\"_blank\" rel=\"noopener\">consultant pour France T\u00e9l\u00e9visions<\/a>, a d\u00e9couvert ce trouble en commentant le Tour d&rsquo;Italie pour la t\u00e9l\u00e9vision belge, apr\u00e8s avoir d\u00e9cel\u00e9 un point blanc dans son champ de vision. Pr\u00e8s de deux mois d&rsquo;hospitalisation \u00e0 l&rsquo;h\u00f4pital Cochin \u00e0 Paris plus tard, ce p\u00e8re de deux filles a d\u00fb suivre un traitement de chimioth\u00e9rapie accompagn\u00e9 de cortisone. Une \u00e9preuve douloureuse sur laquelle il est revenu dans une interview pour Brut, parue ce mercredi 23 juillet 2025.<\/p>\n<p>                        Yoann Offredo : malgr\u00e9 les op\u00e9rations, les l\u00e9sions sont irr\u00e9parables<\/p>\n<p>Et malgr\u00e9 les \u00e9preuves et les doutes, Yoann Offredo peut se r\u00e9jouir : <a href=\"https:\/\/www.programme-tv.net\/news\/people\/377253-cetait-un-combat-complique-pascal-bataille-officiellement-en-remission-de-son-cancer-il-donne-de-ses-nouvelles\/\" data-api-deeplink=\"teleloisirs:\/\/news\/377253\" target=\"_blank\" rel=\"noopener\">la maladie semble contenue<\/a>. \u00ab\u00a0Je ne suis pas gu\u00e9ri et les traitements sont lourds. Mais ils ont \u00e9cart\u00e9 le risque de c\u00e9cit\u00e9, j&rsquo;ai appris \u00e7a il y a un mois ! C&rsquo;\u00e9tait la seule bonne nouvelle de ces derniers temps\u00a0\u00bb, a-t-il r\u00e9v\u00e9l\u00e9 \u00e0 nos confr\u00e8res, pr\u00e9cisant que malheureusement, \u00ab\u00a0ce qui est l\u00e9s\u00e9 est l\u00e9s\u00e9\u00a0\u00bb. \u00ab\u00a0Je ne retrouverai plus ce que j&rsquo;ai perdu malgr\u00e9 les op\u00e9rations\u2026 Mais le sport m&rsquo;aide \u00e0 voir du monde et \u00e0 me sentir bien dans ma t\u00eate\u00a0\u00bb, a-t-il ajout\u00e9, lui qui a pu compter sur le soutien pr\u00e9cieux de ses coll\u00e8gues des sports de France T\u00e9l\u00e9visions, notamment <a href=\"https:\/\/www.programme-tv.net\/biographie\/374422-lartot-matthieu\/\" data-link-people=\"1e0f908c-6d42-4f62-84bf-cb3a006a7884\" target=\"_blank\" rel=\"noopener\">Matthieu Lartot<\/a>, pr\u00e9sentateur de Stade 2 et <a href=\"https:\/\/www.programme-tv.net\/news\/sport\/333127-aujourdhui-je-vois-le-bout-du-tunnel-matthieu-lartot-ampute-de-la-jambe-droite-apres-un-cancer-du-genou-il-se-confie-sur-sa-reeducation-et-annonce-une-tres-bonne-nouvelle\/\" data-api-deeplink=\"teleloisirs:\/\/news\/333127\" target=\"_blank\" rel=\"noopener\">lui-m\u00eame amput\u00e9 d&rsquo;une jambe \u00e0 cause d&rsquo;un cancer<\/a>. Malgr\u00e9 ses soucis de sant\u00e9, Yoann Offredo a pu retrouver le micro aux commentaires du Tour de France 2025, aux c\u00f4t\u00e9s de <a href=\"https:\/\/www.programme-tv.net\/biographie\/2946-luyat-laurent\/\" data-link-people=\"0a773e61-82ea-4bf1-bff9-8b3d4862ca5f\" target=\"_blank\" rel=\"noopener\">Laurent Luyat<\/a> notamment, dans l&rsquo;\u00e9mission V\u00e9lo Club en cours de diffusion.<\/p>\n<p>            Yoann Offredo : ce que sa maladie a chang\u00e9 chez lui<\/p>\n<p>Avec courage et r\u00e9silience, Yoann Offredo reconna\u00eet \u00eatre \u00ab\u00a0presque content\u00a0\u00bb que cette terrible maladie ait crois\u00e9 son chemin \u2013 alors qu&rsquo;elle ne touche en moyenne qu&rsquo;une personne sur 2 200 \u00e0 3 300. \u00ab\u00a0Je ne suis plus la m\u00eame personne. Je ne plains plus, je suis encore moins mat\u00e9rialiste et je suis content\u00a0\u00bb, a-t-il conclu dans son interview pour Brut. Un apaisement bienvenu pour l&rsquo;ancien sportif, qui a travers\u00e9 des p\u00e9riodes de mal-\u00eatre et de d\u00e9pression apr\u00e8s le diagnostic de sa maladie.<\/p>\n","protected":false},"excerpt":{"rendered":"Dans une interview \u00e0 Brut parue ce mercredi 23 juillet 2025, Yoann Offredo est revenu sur le diagnostic&hellip;\n","protected":false},"author":2,"featured_media":270259,"comment_status":"","ping_status":"","sticky":false,"template":"","format":"standard","meta":{"footnotes":""},"categories":[1411],"tags":[244,1154,207,1011,27,226,60,1364,1421],"class_list":{"0":"post-270258","1":"post","2":"type-post","3":"status-publish","4":"format-standard","5":"has-post-thumbnail","7":"category-cyclisme","8":"tag-commentaire","9":"tag-cycling","10":"tag-cyclisme","11":"tag-fr","12":"tag-france","13":"tag-maladie","14":"tag-sports","15":"tag-tv","16":"tag-zap"},"share_on_mastodon":{"url":"https:\/\/pubeurope.com\/@fr\/114907817173088353","error":""},"_links":{"self":[{"href":"https:\/\/www.europesays.com\/fr\/wp-json\/wp\/v2\/posts\/270258","targetHints":{"allow":["GET"]}}],"collection":[{"href":"https:\/\/www.europesays.com\/fr\/wp-json\/wp\/v2\/posts"}],"about":[{"href":"https:\/\/www.europesays.com\/fr\/wp-json\/wp\/v2\/types\/post"}],"author":[{"embeddable":true,"href":"https:\/\/www.europesays.com\/fr\/wp-json\/wp\/v2\/users\/2"}],"replies":[{"embeddable":true,"href":"https:\/\/www.europesays.com\/fr\/wp-json\/wp\/v2\/comments?post=270258"}],"version-history":[{"count":0,"href":"https:\/\/www.europesays.com\/fr\/wp-json\/wp\/v2\/posts\/270258\/revisions"}],"wp:featuredmedia":[{"embeddable":true,"href":"https:\/\/www.europesays.com\/fr\/wp-json\/wp\/v2\/media\/270259"}],"wp:attachment":[{"href":"https:\/\/www.europesays.com\/fr\/wp-json\/wp\/v2\/media?parent=270258"}],"wp:term":[{"taxonomy":"category","embeddable":true,"href":"https:\/\/www.europesays.com\/fr\/wp-json\/wp\/v2\/categories?post=270258"},{"taxonomy":"post_tag","embeddable":true,"href":"https:\/\/www.europesays.com\/fr\/wp-json\/wp\/v2\/tags?post=270258"}],"curies":[{"name":"wp","href":"https:\/\/api.w.org\/{rel}","templated":true}]}}