{"id":270264,"date":"2025-07-24T10:50:10","date_gmt":"2025-07-24T10:50:10","guid":{"rendered":"https:\/\/www.europesays.com\/fr\/270264\/"},"modified":"2025-07-24T10:50:10","modified_gmt":"2025-07-24T10:50:10","slug":"la-photographe-genevoise-beatrice-helg-expose-a-arles-ses-geometries-du-silence-rts-ch","status":"publish","type":"post","link":"https:\/\/www.europesays.com\/fr\/270264\/","title":{"rendered":"La photographe genevoise B\u00e9atrice Helg expose \u00e0 Arles ses \u00ab\u00a0g\u00e9om\u00e9tries du silence\u00a0\u00bb &#8211; rts.ch"},"content":{"rendered":"<p>La 56e \u00e9dition des Rencontres de la photographie d&rsquo;Arles qui se tient jusqu&rsquo;au 5 octobre accueille, entre autres, la plus grande exposition de l\u2019artiste genevoise B\u00e9atrice Helg au Mus\u00e9e R\u00e9attu.<\/p>\n<p>Passionn\u00e9e de musique, sensible aux notions d\u2019espace et de temps, influenc\u00e9e par l\u2019avant-garde russe et le constructivisme, B\u00e9atrice Helg cr\u00e9e dans son atelier des installations o\u00f9 la sculpture, la peinture, la mise en sc\u00e8ne et surtout la lumi\u00e8re interagissent.<\/p>\n<p>C\u2019est ainsi dans le noir qu\u2019il faut commencer pour ne retenir que la substance du travail de B\u00e9atrice Helg, soit une \u00ab\u00a0\u00e9criture de lumi\u00e8re\u00a0\u00bb. Au Mus\u00e9e R\u00e9attu d&rsquo;Arles, l&rsquo;artiste genevoise b\u00e9n\u00e9ficie de sa plus vaste exposition avec le soutien de la Fondation suisse pour la culture Pro Helvetia.<\/p>\n<p>On peut y d\u00e9couvrir septante-cinq de ses photographies, des images qu\u2019elle construit \u00e0 partir d\u2019installations. Aux premiers visiteurs, elle raconte comment elle \u00e9claire ses th\u00e9\u00e2tres de mati\u00e8re brute et d\u2019objets recycl\u00e9s jusqu\u2019au d\u00e9clic de sa photo.<\/p>\n<p>\u00ab\u00a0J\u2019utilise la photo pour exprimer des choses que je suis incapable d\u2019exprimer avec des mots\u00a0\u00bb<\/p>\n<p>Depuis ses d\u00e9buts dans les ann\u00e9es 1970, ses \u0153uvres explorent les g\u00e9om\u00e9tries, les transparences, les r\u00e9sonances d\u2019un cosmos int\u00e9rieur. \u00ab\u00a0J\u2019utilise la photo pour exprimer des choses que je suis incapable d\u2019exprimer avec des mots. Et qu\u2019une image, par exemple une photographie de la r\u00e9alit\u00e9, ne pourrait pas exprimer. C\u2019est pour \u00e7a que je construis des espaces, des univers qui prennent forme par la lumi\u00e8re\u00a0\u00bb, d\u00e9taille B\u00e9atrice Helg dans le 19h30 du 21 juillet.<\/p>\n<p>Au mus\u00e9e R\u00e9attu d\u2019Arles, la Genevoise a \u00e9t\u00e9 invit\u00e9e \u00e0 penser et sc\u00e9nographier sa propre exposition avec des \u0153uvres qui dialoguent avec celles de la collection permanente. \u00ab\u00a0Par son travail, B\u00e9atrice Helg s\u2019inscrit dans l&rsquo;histoire de la photo, dans l\u2019histoire de l&rsquo;art, dans l\u2019histoire de l&rsquo;art contemporain\u00a0\u00bb, rel\u00e8ve pour sa part Daniel Rouvier, conservateur et directeur du Mus\u00e9e R\u00e9attu d&rsquo;Arles qui va int\u00e9grer trois des oeuvres de l&rsquo;artiste \u00e0 sa collection permanente \u00e0 la fin de cette exposition.<\/p>\n<p class=\"sources\">Sujet TV: Adeline Percept et Thomas Chantepie<\/p>\n<p class=\"credit\">Adaptation web: olhor<\/p>\n<p class=\"article-footnote\">\u00ab\u00a0B\u00e9atrice Helg &#8211; G\u00e9om\u00e9tries du silence\u00a0\u00bb, Rencontres photographiques d&rsquo;Arles, Mus\u00e9e R\u00e9attu, du 7 juillet au 5 octobre 2025.<\/p>\n","protected":false},"excerpt":{"rendered":"La 56e \u00e9dition des Rencontres de la photographie d&rsquo;Arles qui se tient jusqu&rsquo;au 5 octobre accueille, entre autres,&hellip;\n","protected":false},"author":2,"featured_media":270265,"comment_status":"","ping_status":"","sticky":false,"template":"","format":"standard","meta":{"footnotes":""},"categories":[1358],"tags":[9417,2593,1348,1384,1385,1693,2502,40947,251,1386,58,59,3293,37349,1011,27,15926,40948,20528,1756,5486,602],"class_list":{"0":"post-270264","1":"post","2":"type-post","3":"status-publish","4":"format-standard","5":"has-post-thumbnail","7":"category-arts-et-design","8":"tag-arles","9":"tag-artiste","10":"tag-arts","11":"tag-arts-and-design","12":"tag-arts-et-design","13":"tag-arts-et-divertissement","14":"tag-arts-visuels","15":"tag-beatrice-helg","16":"tag-culture","17":"tag-design","18":"tag-divertissement","19":"tag-entertainment","20":"tag-exposition","21":"tag-exposition-artistique","22":"tag-fr","23":"tag-france","24":"tag-lumiere","25":"tag-musee-reattu","26":"tag-photographe","27":"tag-photographie","28":"tag-rencontre","29":"tag-tourisme"},"share_on_mastodon":{"url":"https:\/\/pubeurope.com\/@fr\/114907828936383599","error":""},"_links":{"self":[{"href":"https:\/\/www.europesays.com\/fr\/wp-json\/wp\/v2\/posts\/270264","targetHints":{"allow":["GET"]}}],"collection":[{"href":"https:\/\/www.europesays.com\/fr\/wp-json\/wp\/v2\/posts"}],"about":[{"href":"https:\/\/www.europesays.com\/fr\/wp-json\/wp\/v2\/types\/post"}],"author":[{"embeddable":true,"href":"https:\/\/www.europesays.com\/fr\/wp-json\/wp\/v2\/users\/2"}],"replies":[{"embeddable":true,"href":"https:\/\/www.europesays.com\/fr\/wp-json\/wp\/v2\/comments?post=270264"}],"version-history":[{"count":0,"href":"https:\/\/www.europesays.com\/fr\/wp-json\/wp\/v2\/posts\/270264\/revisions"}],"wp:featuredmedia":[{"embeddable":true,"href":"https:\/\/www.europesays.com\/fr\/wp-json\/wp\/v2\/media\/270265"}],"wp:attachment":[{"href":"https:\/\/www.europesays.com\/fr\/wp-json\/wp\/v2\/media?parent=270264"}],"wp:term":[{"taxonomy":"category","embeddable":true,"href":"https:\/\/www.europesays.com\/fr\/wp-json\/wp\/v2\/categories?post=270264"},{"taxonomy":"post_tag","embeddable":true,"href":"https:\/\/www.europesays.com\/fr\/wp-json\/wp\/v2\/tags?post=270264"}],"curies":[{"name":"wp","href":"https:\/\/api.w.org\/{rel}","templated":true}]}}