{"id":270270,"date":"2025-07-24T10:53:14","date_gmt":"2025-07-24T10:53:14","guid":{"rendered":"https:\/\/www.europesays.com\/fr\/270270\/"},"modified":"2025-07-24T10:53:14","modified_gmt":"2025-07-24T10:53:14","slug":"on-revit-kendji-girac-apres-le-drame-sa-nouvelle-vie-avec-soraya","status":"publish","type":"post","link":"https:\/\/www.europesays.com\/fr\/270270\/","title":{"rendered":"\u00ab\u00a0On revit\u2026\u00a0\u00bb : Kendji Girac, apr\u00e8s le drame, sa nouvelle vie avec Soraya"},"content":{"rendered":"<p><a href=\"https:\/\/www.public.fr\/tag\/kendji-girac\" target=\"_blank\" rel=\"noopener\"><strong>Kendji Girac<\/strong><\/a> a travers\u00e9 bien des \u00e9preuves. En avril 2024, il faisait d&rsquo;ailleurs la une de tous les journaux \u00e0 cause d&rsquo;<strong>un grave accident. <\/strong><\/p>\n<p>L&rsquo;artiste de 29 ans est en effet pass\u00e9 proche de la mort apr\u00e8s s&rsquo;\u00eatre <strong>bless\u00e9 tout seul avec une arme \u00e0 feu<\/strong> \u00e0 Biscarrosse. <\/p>\n<p>Durant son hospitalisation, son \u00e9pouse Soraya avait pris la parole pour r\u00e9tablir certaines v\u00e9rit\u00e9s. Elle avait fermement d\u00e9menti les accusations de \u00ab\u00a0<strong>chantage au suicide<\/strong>\u00a0\u00bb visant son mari, avant de r\u00e9v\u00e9ler qu&rsquo;il souffrait en r\u00e9alit\u00e9 d&rsquo;une d\u00e9pendance \u00e0 plusieurs substances. <\/p>\n<p>Kendji Girac papa pour la deuxi\u00e8me fois<\/p>\n<p>Malgr\u00e9 les \u00e9preuves et les turbulences, leur amour a tenu bon. Quatre ans apr\u00e8s <a href=\"https:\/\/www.public.fr\/kendji-girac-soraya-et-leur-fille-eva-alba-creent-levenement-dans-rendez-vous-en-terre-inconnue\" target=\"_blank\" rel=\"noopener\">la naissance de leur fille Eva Alba<\/a>, les deux tourtereaux ont m\u00eame <strong>accueilli un petit gar\u00e7on<\/strong> en mai dernier. Une nouvelle qu&rsquo;ils ont \u00e9videmment annonc\u00e9e sur les r\u00e9seaux sociaux. <\/p>\n<p>\u00ab\u00a0Mon tr\u00e9sor, ma fiert\u00e9, mon amour.\u00a0Aujourd&rsquo;hui \u00e0 15:10 notre petit gar\u00e7on est arriv\u00e9 au monde\u00a0\u00bb, a \u00e9crit Kendji Girac sur <a href=\"https:\/\/www.instagram.com\/kendji\/\" target=\"_blank\" rel=\"noreferrer noopener\">Instagram<\/a> tout en partageant une adorable photo de la main du nourrisson. <\/p>\n<p>Tr\u00e8s discret sur sa vie priv\u00e9e, l&rsquo;interpr\u00e8te de Les yeux de la mama n&rsquo;\u00e9voque que rarement sa petite famille. Ce mercredi 23 juillet 2025, il a pourtant d\u00e9rog\u00e9 \u00e0 la r\u00e8gle lors d&rsquo;une interview accord\u00e9e \u00e0 Corse Matin.<\/p>\n<p>\u00ab\u00a0Ce qui est s\u00fbr, c&rsquo;est que<strong> je vis pleinement<\/strong>\u00ab\u00a0, a-t-il confi\u00e9. \u00ab\u00a0<strong>J&rsquo;ai maintenant un deuxi\u00e8me enfant \u00e0 la maison,\u00a0on revit, on retrouve la sc\u00e8ne<\/strong>\u00ab\u00a0. <\/p>\n<p>L&rsquo;inspiration retrouv\u00e9e gr\u00e2ce au b\u00e9b\u00e9<\/p>\n<p>L&rsquo;arriv\u00e9e du b\u00e9b\u00e9 semble avoir raviv\u00e9 la flamme artistique de Kendji Girac. \u00ab\u00a0<strong>D&rsquo;ailleurs j&rsquo;\u00e9tais tout \u00e0 l&rsquo;heure avec lui en train de lui chanter une berceuse. Entre deux-trois couches, je\u00a0reprends vraiment plaisir \u00e0 composer ma musique<\/strong>\u00ab\u00a0, a-t-il avou\u00e9. <\/p>\n<p>Si ses proches lui ont redonn\u00e9 le go\u00fbt de vivre, son public, fid\u00e8le et bienveillant, a \u00e9galement jou\u00e9 un r\u00f4le essentiel dans sa reconstruction. <\/p>\n<p>\u00ab\u00a0<strong>Ce sont surtout les gens qui m&rsquo;ont permis de me relever aussi vite<\/strong>\u00ab\u00a0, a r\u00e9v\u00e9l\u00e9 l&rsquo;artiste. Et de conclure : \u00ab\u00a0J&rsquo;ai vu leur amour, leur \u00e9nergie, leur courage. J&rsquo;ai pu leur parler en chantant. C&rsquo;est \u00e7a qui m&rsquo;a\u00a0permis de dire ce que j&rsquo;avais sur le c\u0153ur\u00a0\u00bb. De touchantes d\u00e9clarations. <\/p>\n<p>      Mentionn\u00e9s dans cet article<\/p>\n<p>\u00c0 lire aussi<\/p>\n<p><script async src=\"\/\/www.instagram.com\/embed.js\"><\/script><\/p>\n","protected":false},"excerpt":{"rendered":"Kendji Girac a travers\u00e9 bien des \u00e9preuves. En avril 2024, il faisait d&rsquo;ailleurs la une de tous les&hellip;\n","protected":false},"author":2,"featured_media":270271,"comment_status":"","ping_status":"","sticky":false,"template":"","format":"standard","meta":{"footnotes":""},"categories":[1355],"tags":[58,59,1011,27,7780,1361,873,16194],"class_list":{"0":"post-270270","1":"post","2":"type-post","3":"status-publish","4":"format-standard","5":"has-post-thumbnail","7":"category-musique","8":"tag-divertissement","9":"tag-entertainment","10":"tag-fr","11":"tag-france","12":"tag-kendji-girac","13":"tag-music","14":"tag-musique","15":"tag-papa"},"share_on_mastodon":{"url":"https:\/\/pubeurope.com\/@fr\/114907840807917175","error":""},"_links":{"self":[{"href":"https:\/\/www.europesays.com\/fr\/wp-json\/wp\/v2\/posts\/270270","targetHints":{"allow":["GET"]}}],"collection":[{"href":"https:\/\/www.europesays.com\/fr\/wp-json\/wp\/v2\/posts"}],"about":[{"href":"https:\/\/www.europesays.com\/fr\/wp-json\/wp\/v2\/types\/post"}],"author":[{"embeddable":true,"href":"https:\/\/www.europesays.com\/fr\/wp-json\/wp\/v2\/users\/2"}],"replies":[{"embeddable":true,"href":"https:\/\/www.europesays.com\/fr\/wp-json\/wp\/v2\/comments?post=270270"}],"version-history":[{"count":0,"href":"https:\/\/www.europesays.com\/fr\/wp-json\/wp\/v2\/posts\/270270\/revisions"}],"wp:featuredmedia":[{"embeddable":true,"href":"https:\/\/www.europesays.com\/fr\/wp-json\/wp\/v2\/media\/270271"}],"wp:attachment":[{"href":"https:\/\/www.europesays.com\/fr\/wp-json\/wp\/v2\/media?parent=270270"}],"wp:term":[{"taxonomy":"category","embeddable":true,"href":"https:\/\/www.europesays.com\/fr\/wp-json\/wp\/v2\/categories?post=270270"},{"taxonomy":"post_tag","embeddable":true,"href":"https:\/\/www.europesays.com\/fr\/wp-json\/wp\/v2\/tags?post=270270"}],"curies":[{"name":"wp","href":"https:\/\/api.w.org\/{rel}","templated":true}]}}