{"id":270286,"date":"2025-07-24T11:02:13","date_gmt":"2025-07-24T11:02:13","guid":{"rendered":"https:\/\/www.europesays.com\/fr\/270286\/"},"modified":"2025-07-24T11:02:13","modified_gmt":"2025-07-24T11:02:13","slug":"ce-que-lon-sait-de-cet-appel-a-bloquer-la-france-des-le-10-septembre","status":"publish","type":"post","link":"https:\/\/www.europesays.com\/fr\/270286\/","title":{"rendered":"ce que l&rsquo;on sait de cet appel \u00e0 bloquer la France d\u00e8s le 10 septembre"},"content":{"rendered":"<p class=\"article-p mdl\">Un mouvement d&rsquo;envergure prend forme sur les r\u00e9seaux sociaux, avec des appels \u00e0 paralyser le pays\u00a0<a class=\"link\" href=\"https:\/\/mobilisation10septembre.blog\/\" target=\"_blank\" rel=\"nofollow noopener\">\u00e0 compter du 10 septembre prochain<\/a>. Cette date a \u00e9t\u00e9 choisie pour manifester contre le plan de redressement des finances publiques propos\u00e9 par Fran\u00e7ois Bayrou, qui inclut notamment le gel des prestations sociales et la suppression de deux jours f\u00e9ri\u00e9s.<\/p>\n<p class=\"article-p mdl\">Ce mouvement de col\u00e8re est en train d&rsquo;\u00e9merger sur TikTok, Instagram et Facebook. Le 10 septembre 2025 est devenu la date de ralliement de ceux qui ne dig\u00e8rent pas<a class=\"link\" href=\"https:\/\/www.rtl.fr\/actu\/politique\/budget-2026-jours-feries-niches-fiscales-et-prestations-sociales-ce-qu-il-faut-retenir-des-annonces-de-bayrou-7900523806\" title=\"Budget 2026 : jours f\u00e9ri\u00e9s, niches fiscales et prestations sociales... Ce qu&#039;il faut retenir des annonces de Bayrou\" target=\"_blank\" rel=\"nofollow noopener\"> le plan d&rsquo;\u00e9conomie de Fran\u00e7ois Bayrou.\u00a0<\/a>Les r\u00e9seaux sociaux sont inond\u00e9s de messages appelant \u00e0 l&rsquo;action :<strong> \u00ab\u00a0Boycott g\u00e9n\u00e9ral. <\/strong>Pour les faire plier, si on touche \u00e0 l&rsquo;\u00e9conomie, c&rsquo;est le meilleur des moyens.\u00a0\u00bb Ils pr\u00f4nent un arr\u00eat total des activit\u00e9s : \u00ab\u00a0Plus d&rsquo;\u00e9coles, plus de m\u00e9tro, plus d&rsquo;achats, plus de livraison. Un blackout citoyen.\u00a0\u00bb<\/p>\n<p class=\"article-p mdl\">Plus qu&rsquo;une simple manifestation, ces citoyens veulent cesser de faire tourner \u00ab\u00a0le syst\u00e8me\u00a0\u00bb. \u00ab\u00a0Une machine qui nous broie\u00a0\u00bb, peut-on lire sur le site internet qui a \u00e9t\u00e9 cr\u00e9\u00e9 il y a quelques jours pour d\u00e9tailler les modes d&rsquo;action et recenser les lieux de mobilisation. Plusieurs comptes sur les r\u00e9seaux sociaux se consacrent d\u00e9sormais uniquement \u00e0 faire entendre cet appel sans que l&rsquo;on sache <strong>qui se cache derri\u00e8re. <\/strong>Un mouvement qui se dit apolitique, spontan\u00e9, brassant une col\u00e8re sociale. Cela rappelle forc\u00e9ment celui des<a class=\"link\" href=\"https:\/\/www.rtl.fr\/actu\/politique\/gilets-jaunes-les-milliers-de-cahiers-de-doleances-vont-etre-enfin-publies-en-ligne-7900500425\" title=\"&quot;Gilets jaunes&quot; : les milliers de cahiers de dol\u00e9ances vont \u00eatre (enfin) publi\u00e9s en ligne\" target=\"_blank\" rel=\"nofollow noopener\"> Gilets jaunes en 2018.\u00a0<\/a>M\u00eame si malgr\u00e9 des centaines de milliers de vues, il est compliqu\u00e9 de jauger qui suivra r\u00e9ellement cet appel au blocage.<\/p>\n<p>            Le gouvernement garde un \u0153il sur cet appel<\/p>\n<p class=\"article-p mdl\">Le gouvernement garde un \u0153il sur le ph\u00e9nom\u00e8ne. \u00ab\u00a0Je ne crois pas \u00e0 la convergence des luttes d&rsquo;habitude, mais l\u00e0, je ne vois pas comment \u00e7a passe\u00a0\u00bb, confie un proche du Premier ministre qui <strong>redoute l&rsquo;explosion d&rsquo;une col\u00e8re sociale.<\/strong> Alors en coulisses, certains poussent Fran\u00e7ois Bayrou a instaur\u00e9 un imp\u00f4t sur les plus hauts revenus ou les superprofits pour apaiser ce sentiment d&rsquo;injustice fiscale. Une col\u00e8re qui, au-del\u00e0 de l&rsquo;appel au blocage du 10 septembre, s&rsquo;exprime sur les r\u00e9seaux sociaux depuis quelques semaines \u00e0 travers les mots-cl\u00e9s<a class=\"link\" href=\"https:\/\/www.rtl.fr\/actu\/debats-societe\/c-est-nicolas-qui-paie-d-ou-vient-cette-expression-virale-sur-les-reseaux-sociaux-et-pourquoi-inquiete-t-elle-le-gouvernement-7900524762\" title=\"&quot;C&#039;est Nicolas qui paie&quot; : d&#039;o\u00f9 vient cette expression virale sur les r\u00e9seaux sociaux et pourquoi inqui\u00e8te-t-elle le Gouvernement ?\" target=\"_blank\" rel=\"nofollow noopener\"> \u00ab\u00a0C&rsquo;est Nicolas qui paie\u00a0\u00bb<\/a>\u00a0ou \u00ab\u00a0Les gueux\u00a0\u00bb.\u00a0<\/p>\n<p class=\"article-p mdl\">\u00ab\u00a0On surveille, on regarde tr\u00e8s attentivement\u00a0\u00bb, confient plusieurs sources dans les minist\u00e8res, <strong>sans affolement pour le moment. <\/strong>Un conseiller gouvernemental tente m\u00eame de se rassurer : \u00ab\u00a0C&rsquo;est un mouvement viral. Je ne vois pas comment cela se transforme en mobilisation physique.\u00a0\u00bb Ce plan Bayrou doit \u00eatre discut\u00e9 et d\u00e9battu \u00e0 la rentr\u00e9e avec\u00a0<a class=\"link\" href=\"https:\/\/www.rtl.fr\/actu\/politique\/budget-2026-comment-le-parti-socialiste-se-prepare-a-la-censure-7900525051\" title=\"Budget 2026 : comment le Parti socialiste se pr\u00e9pare \u00e0 la censure\" target=\"_blank\" rel=\"nofollow noopener\">une menace de censure<\/a>\u00a0qui plane sur le Premier ministre.<\/p>\n<p>    La r\u00e9daction vous recommande<\/p>\n<p class=\"s-newsletter__title\">\n                L\u2019actualit\u00e9 par la r\u00e9daction de RTL dans votre bo\u00eete mail.\n            <\/p>\n<p class=\"s-newsletter__subtitle\">\n                Gr\u00e2ce \u00e0 votre compte RTL abonnez-vous \u00e0 la newsletter RTL info pour suivre toute l&rsquo;actualit\u00e9 au quotidien\n            <\/p>\n<p>\n                                    Lire la suite\n                                <\/p>\n","protected":false},"excerpt":{"rendered":"Un mouvement d&rsquo;envergure prend forme sur les r\u00e9seaux sociaux, avec des appels \u00e0 paralyser le pays\u00a0\u00e0 compter du&hellip;\n","protected":false},"author":2,"featured_media":270287,"comment_status":"","ping_status":"","sticky":false,"template":"","format":"standard","meta":{"footnotes":""},"categories":[4],"tags":[11,1003,107,1011,27,431,418,1272,12,316,362,360,25,938],"class_list":{"0":"post-270286","1":"post","2":"type-post","3":"status-publish","4":"format-standard","5":"has-post-thumbnail","7":"category-france","8":"tag-actualites","9":"tag-budget","10":"tag-fil-info","11":"tag-fr","12":"tag-france","13":"tag-francois-bayrou","14":"tag-gouvernement","15":"tag-manifestations","16":"tag-news","17":"tag-politique","18":"tag-replay","19":"tag-replay-integral","20":"tag-republique-francaise","21":"tag-reseaux-sociaux"},"share_on_mastodon":{"url":"https:\/\/pubeurope.com\/@fr\/114907876199814920","error":""},"_links":{"self":[{"href":"https:\/\/www.europesays.com\/fr\/wp-json\/wp\/v2\/posts\/270286","targetHints":{"allow":["GET"]}}],"collection":[{"href":"https:\/\/www.europesays.com\/fr\/wp-json\/wp\/v2\/posts"}],"about":[{"href":"https:\/\/www.europesays.com\/fr\/wp-json\/wp\/v2\/types\/post"}],"author":[{"embeddable":true,"href":"https:\/\/www.europesays.com\/fr\/wp-json\/wp\/v2\/users\/2"}],"replies":[{"embeddable":true,"href":"https:\/\/www.europesays.com\/fr\/wp-json\/wp\/v2\/comments?post=270286"}],"version-history":[{"count":0,"href":"https:\/\/www.europesays.com\/fr\/wp-json\/wp\/v2\/posts\/270286\/revisions"}],"wp:featuredmedia":[{"embeddable":true,"href":"https:\/\/www.europesays.com\/fr\/wp-json\/wp\/v2\/media\/270287"}],"wp:attachment":[{"href":"https:\/\/www.europesays.com\/fr\/wp-json\/wp\/v2\/media?parent=270286"}],"wp:term":[{"taxonomy":"category","embeddable":true,"href":"https:\/\/www.europesays.com\/fr\/wp-json\/wp\/v2\/categories?post=270286"},{"taxonomy":"post_tag","embeddable":true,"href":"https:\/\/www.europesays.com\/fr\/wp-json\/wp\/v2\/tags?post=270286"}],"curies":[{"name":"wp","href":"https:\/\/api.w.org\/{rel}","templated":true}]}}