{"id":270290,"date":"2025-07-24T11:04:16","date_gmt":"2025-07-24T11:04:16","guid":{"rendered":"https:\/\/www.europesays.com\/fr\/270290\/"},"modified":"2025-07-24T11:04:16","modified_gmt":"2025-07-24T11:04:16","slug":"angelina-la-marca-nira-pas-y-aura-t-il-une-liste-du-rassemblement-national","status":"publish","type":"post","link":"https:\/\/www.europesays.com\/fr\/270290\/","title":{"rendered":"Angelina La Marca n\u2019ira pas, y aura-t-il une liste du Rassemblement national\u202f?"},"content":{"rendered":"<p>Angelina La Marca, candidate RN, \u00e9tait sortie en t\u00eate au premier tour des l\u00e9gislatives dans la vall\u00e9e du Gier (3e\u00a0circonscription) il y a un peu plus d\u2019un an, avec plus de 40\u00a0% des suffrages.<\/p>\n<p>Elle perdait au second tour au profit d\u2019Emmanuel Mandon (Modem), \u00e9lu d\u00e9put\u00e9 notamment gr\u00e2ce au d\u00e9sistement de Vincent Bony (NFP) <a href=\"https:\/\/www.leprogres.fr\/elections\/2024\/07\/08\/comment-le-barrage-republicain-a-repousse-la-vague-du-rn\" target=\"_blank\" rel=\"noopener\">au \u00ab\u00a0jeu du front r\u00e9publicain\u00a0\u00bb, <\/a> mais la candidate r\u00e9alisait un score in\u00e9dit \u00e0 Saint-Chamond.<\/p>\n<p>Celle qui est maintenant vice-pr\u00e9sidente du Rassemblement national dans la Loire a d\u00e9cid\u00e9 de se pr\u00e9senter aux \u00e9lections municipales de 2026, non pas dans la capitale du Gier, mais \u00e0 Saint-\u00c9tienne.<\/p>\n<p>Angelina La Marca a travaill\u00e9 quelques ann\u00e9es \u00e0 Saint-Chamond comme coach sportif et poss\u00e8de des attaches dans le Gier. \u00ab\u00a0Je me sentais l\u00e9gitime comme candidate sur la troisi\u00e8me circonscription pour les \u00e9lections l\u00e9gislatives, \u00e9tant originaire de la vall\u00e9e du Gier, mais pour les Municipales, je me pr\u00e9sente dans la ville o\u00f9&#8230;<\/p>\n","protected":false},"excerpt":{"rendered":"Angelina La Marca, candidate RN, \u00e9tait sortie en t\u00eate au premier tour des l\u00e9gislatives dans la vall\u00e9e du&hellip;\n","protected":false},"author":2,"featured_media":270291,"comment_status":"","ping_status":"","sticky":false,"template":"","format":"standard","meta":{"footnotes":""},"categories":[9653],"tags":[1111,11,2430,1984,7539,4188,1777,674,1011,27,12,316,1078,25,9669,9670,4001],"class_list":{"0":"post-270290","1":"post","2":"type-post","3":"status-publish","4":"format-standard","5":"has-post-thumbnail","7":"category-saint-etienne","8":"tag-actu","9":"tag-actualites","10":"tag-auvergne-rhone-alpes","11":"tag-conseil-municipal","12":"tag-edition-loire-sud","13":"tag-elections-municipales","14":"tag-eu","15":"tag-europe","16":"tag-fr","17":"tag-france","18":"tag-news","19":"tag-politique","20":"tag-rassemblement-national","21":"tag-republique-francaise","22":"tag-saint-chamond","23":"tag-saint-chamond-ville","24":"tag-saint-etienne"},"share_on_mastodon":{"url":"https:\/\/pubeurope.com\/@fr\/114907884004962905","error":""},"_links":{"self":[{"href":"https:\/\/www.europesays.com\/fr\/wp-json\/wp\/v2\/posts\/270290","targetHints":{"allow":["GET"]}}],"collection":[{"href":"https:\/\/www.europesays.com\/fr\/wp-json\/wp\/v2\/posts"}],"about":[{"href":"https:\/\/www.europesays.com\/fr\/wp-json\/wp\/v2\/types\/post"}],"author":[{"embeddable":true,"href":"https:\/\/www.europesays.com\/fr\/wp-json\/wp\/v2\/users\/2"}],"replies":[{"embeddable":true,"href":"https:\/\/www.europesays.com\/fr\/wp-json\/wp\/v2\/comments?post=270290"}],"version-history":[{"count":0,"href":"https:\/\/www.europesays.com\/fr\/wp-json\/wp\/v2\/posts\/270290\/revisions"}],"wp:featuredmedia":[{"embeddable":true,"href":"https:\/\/www.europesays.com\/fr\/wp-json\/wp\/v2\/media\/270291"}],"wp:attachment":[{"href":"https:\/\/www.europesays.com\/fr\/wp-json\/wp\/v2\/media?parent=270290"}],"wp:term":[{"taxonomy":"category","embeddable":true,"href":"https:\/\/www.europesays.com\/fr\/wp-json\/wp\/v2\/categories?post=270290"},{"taxonomy":"post_tag","embeddable":true,"href":"https:\/\/www.europesays.com\/fr\/wp-json\/wp\/v2\/tags?post=270290"}],"curies":[{"name":"wp","href":"https:\/\/api.w.org\/{rel}","templated":true}]}}