{"id":270298,"date":"2025-07-24T11:08:11","date_gmt":"2025-07-24T11:08:11","guid":{"rendered":"https:\/\/www.europesays.com\/fr\/270298\/"},"modified":"2025-07-24T11:08:11","modified_gmt":"2025-07-24T11:08:11","slug":"la-chanteuse-chimene-badi-bientot-en-concert-gratuit-a-la-garde","status":"publish","type":"post","link":"https:\/\/www.europesays.com\/fr\/270298\/","title":{"rendered":"La chanteuse Chim\u00e8ne Badi bient\u00f4t en concert gratuit \u00e0 La Garde"},"content":{"rendered":"<p>Une chanteuse \u00e0 la voix puissante et \u00e9motive. <strong>Chim\u00e8ne Badi<\/strong> a \u00e9t\u00e9 r\u00e9v\u00e9l\u00e9e en 2002 gr\u00e2ce \u00e0 l\u2019\u00e9mission Popstars. Rep\u00e9r\u00e9e cette ann\u00e9e-l\u00e0 par le producteur Val\u00e9ry Zeitoun, elle s\u00e9duit rapidement le public avec son premier single Entre nous, qui devient un immense succ\u00e8s.<\/p>\n<p>Depuis, Chim\u00e8ne a su s\u2019imposer comme l\u2019une des grandes voix de la chanson fran\u00e7aise, m\u00ealant chanson, vari\u00e9t\u00e9 et influences soul. Son parcours est marqu\u00e9 par une sinc\u00e9rit\u00e9 artistique profonde, des textes personnels, et une pr\u00e9sence sc\u00e9nique touchante.<\/p>\n<p>Engag\u00e9e et authentique, elle continue \u00e0 \u00e9mouvoir un large public avec sa musique et son interpr\u00e9tation pleine de sensibilit\u00e9.<\/p>\n<p>Le mercredi 30 juillet 2025 \u00e0 21h30, Chim\u00e8ne Badi vous donne rendez-vous pour une soir\u00e9e exceptionnelle sur la place de la R\u00e9publique \u00e0 <strong>La Garde<\/strong>. Accompagn\u00e9e de onze musiciens et choristes, l\u2019artiste \u00e0 la voix puissante et singuli\u00e8re offrira un moment musical inoubliable.<\/p>\n<p>En tourn\u00e9e estivale, elle revisitera ses plus grands succ\u00e8s &#8211; Entre nous, L\u00e0-haut, Je viens du Sud &#8211; mais aussi des titres issus de ses albums les plus r\u00e9cents.<\/p>\n<p>Ce concert sera l\u2019occasion de parcourir la richesse de son univers musical, entre reprises d\u2019artistes qu\u2019elle affectionne et chansons qu\u2019elle souhaite faire d\u00e9couvrir. Une soir\u00e9e plac\u00e9e sous le signe de l\u2019\u00e9motion, du partage et de la musique, c\u00e9l\u00e9brant plus de 20 ans de carri\u00e8re.\u00a0<\/p>\n<p><strong>Savoir+<\/strong><br \/>&#13;<br \/>\nMercredi 30 juillet \u00e0 21 h 30 Place de La R\u00e9publique. Concert gratuit<\/p>\n","protected":false},"excerpt":{"rendered":"Une chanteuse \u00e0 la voix puissante et \u00e9motive. Chim\u00e8ne Badi a \u00e9t\u00e9 r\u00e9v\u00e9l\u00e9e en 2002 gr\u00e2ce \u00e0 l\u2019\u00e9mission&hellip;\n","protected":false},"author":2,"featured_media":270299,"comment_status":"","ping_status":"","sticky":false,"template":"","format":"standard","meta":{"footnotes":""},"categories":[9619],"tags":[1111,11,4156,251,1777,674,1011,27,12,973,882,25,2310],"class_list":{"0":"post-270298","1":"post","2":"type-post","3":"status-publish","4":"format-standard","5":"has-post-thumbnail","7":"category-toulon","8":"tag-actu","9":"tag-actualites","10":"tag-concerts","11":"tag-culture","12":"tag-eu","13":"tag-europe","14":"tag-fr","15":"tag-france","16":"tag-news","17":"tag-people","18":"tag-provence-alpes-cote-dazur","19":"tag-republique-francaise","20":"tag-toulon"},"share_on_mastodon":{"url":"https:\/\/pubeurope.com\/@fr\/114907899700431476","error":""},"_links":{"self":[{"href":"https:\/\/www.europesays.com\/fr\/wp-json\/wp\/v2\/posts\/270298","targetHints":{"allow":["GET"]}}],"collection":[{"href":"https:\/\/www.europesays.com\/fr\/wp-json\/wp\/v2\/posts"}],"about":[{"href":"https:\/\/www.europesays.com\/fr\/wp-json\/wp\/v2\/types\/post"}],"author":[{"embeddable":true,"href":"https:\/\/www.europesays.com\/fr\/wp-json\/wp\/v2\/users\/2"}],"replies":[{"embeddable":true,"href":"https:\/\/www.europesays.com\/fr\/wp-json\/wp\/v2\/comments?post=270298"}],"version-history":[{"count":0,"href":"https:\/\/www.europesays.com\/fr\/wp-json\/wp\/v2\/posts\/270298\/revisions"}],"wp:featuredmedia":[{"embeddable":true,"href":"https:\/\/www.europesays.com\/fr\/wp-json\/wp\/v2\/media\/270299"}],"wp:attachment":[{"href":"https:\/\/www.europesays.com\/fr\/wp-json\/wp\/v2\/media?parent=270298"}],"wp:term":[{"taxonomy":"category","embeddable":true,"href":"https:\/\/www.europesays.com\/fr\/wp-json\/wp\/v2\/categories?post=270298"},{"taxonomy":"post_tag","embeddable":true,"href":"https:\/\/www.europesays.com\/fr\/wp-json\/wp\/v2\/tags?post=270298"}],"curies":[{"name":"wp","href":"https:\/\/api.w.org\/{rel}","templated":true}]}}