{"id":270300,"date":"2025-07-24T11:09:13","date_gmt":"2025-07-24T11:09:13","guid":{"rendered":"https:\/\/www.europesays.com\/fr\/270300\/"},"modified":"2025-07-24T11:09:13","modified_gmt":"2025-07-24T11:09:13","slug":"sur-arroux-naissance-bienvenue-a-qiyana","status":"publish","type":"post","link":"https:\/\/www.europesays.com\/fr\/270300\/","title":{"rendered":"sur-Arroux | Naissance. Bienvenue \u00e0 Qiyana"},"content":{"rendered":"<p>Qiyana Freitas-Savoldelli est venue au monde le 19\u00a0juillet \u00e0 11\u00a0h\u00a028 \u00e0 la maternit\u00e9 de l\u2019H\u00f4tel-Dieu du Creusot. Elle pesait 2,910\u00a0kg et mesurait 48,5\u00a0cm \u00e0 sa naissance. Premier enfant d\u2019Elona Savoldelli et J\u00e9r\u00e9my Freitas, elle comble de bonheur ses parents. Sa maman est charg\u00e9e de d\u00e9veloppement en assurances et son papa est commercial en mat\u00e9riel \u00e9lectrique. Qiyana poursuivra son \u00e9veil \u00e0 Toulon-sur-Arroux, commune sur laquelle le jeune couple a \u00e9tabli son foyer.<\/p>\n","protected":false},"excerpt":{"rendered":"Qiyana Freitas-Savoldelli est venue au monde le 19\u00a0juillet \u00e0 11\u00a0h\u00a028 \u00e0 la maternit\u00e9 de l\u2019H\u00f4tel-Dieu du Creusot. Elle&hellip;\n","protected":false},"author":2,"featured_media":270301,"comment_status":"","ping_status":"","sticky":false,"template":"","format":"standard","meta":{"footnotes":""},"categories":[9619],"tags":[1111,11,9223,12568,1777,674,107,1011,27,14000,198,12,882,25,104,2310,13999],"class_list":{"0":"post-270300","1":"post","2":"type-post","3":"status-publish","4":"format-standard","5":"has-post-thumbnail","7":"category-toulon","8":"tag-actu","9":"tag-actualites","10":"tag-carnet-du-jour","11":"tag-edition-montceau-les-mines","12":"tag-eu","13":"tag-europe","14":"tag-fil-info","15":"tag-fr","16":"tag-france","17":"tag-montceau-les-mines-bassin","18":"tag-naissance","19":"tag-news","20":"tag-provence-alpes-cote-dazur","21":"tag-republique-francaise","22":"tag-societe","23":"tag-toulon","24":"tag-toulon-sur-arroux"},"share_on_mastodon":{"url":"https:\/\/pubeurope.com\/@fr\/114907903674722251","error":""},"_links":{"self":[{"href":"https:\/\/www.europesays.com\/fr\/wp-json\/wp\/v2\/posts\/270300","targetHints":{"allow":["GET"]}}],"collection":[{"href":"https:\/\/www.europesays.com\/fr\/wp-json\/wp\/v2\/posts"}],"about":[{"href":"https:\/\/www.europesays.com\/fr\/wp-json\/wp\/v2\/types\/post"}],"author":[{"embeddable":true,"href":"https:\/\/www.europesays.com\/fr\/wp-json\/wp\/v2\/users\/2"}],"replies":[{"embeddable":true,"href":"https:\/\/www.europesays.com\/fr\/wp-json\/wp\/v2\/comments?post=270300"}],"version-history":[{"count":0,"href":"https:\/\/www.europesays.com\/fr\/wp-json\/wp\/v2\/posts\/270300\/revisions"}],"wp:featuredmedia":[{"embeddable":true,"href":"https:\/\/www.europesays.com\/fr\/wp-json\/wp\/v2\/media\/270301"}],"wp:attachment":[{"href":"https:\/\/www.europesays.com\/fr\/wp-json\/wp\/v2\/media?parent=270300"}],"wp:term":[{"taxonomy":"category","embeddable":true,"href":"https:\/\/www.europesays.com\/fr\/wp-json\/wp\/v2\/categories?post=270300"},{"taxonomy":"post_tag","embeddable":true,"href":"https:\/\/www.europesays.com\/fr\/wp-json\/wp\/v2\/tags?post=270300"}],"curies":[{"name":"wp","href":"https:\/\/api.w.org\/{rel}","templated":true}]}}