{"id":270302,"date":"2025-07-24T11:10:10","date_gmt":"2025-07-24T11:10:10","guid":{"rendered":"https:\/\/www.europesays.com\/fr\/270302\/"},"modified":"2025-07-24T11:10:10","modified_gmt":"2025-07-24T11:10:10","slug":"une-course-sans-saveur-a-vendargues-pour-le-trophee-de-lavenir","status":"publish","type":"post","link":"https:\/\/www.europesays.com\/fr\/270302\/","title":{"rendered":"une course sans saveur \u00e0 Vendargues, pour le Troph\u00e9e de l&rsquo;Avenir"},"content":{"rendered":"<p><strong>Entr\u00e9e\u00a0: 1\/2 ar\u00e8ne. Organisateur\u00a0: C.T. La Muleta. Pr\u00e9sident\u00a0: Richard Sarraouy. Raseteurs droitiers\u00a0: Foug\u00e8re M, Laurier, Ouennouri. Raseteurs gauchers\u00a0: Boualam K, Chanat, M\u00e9ric. Tourneurs\u00a0: Jockin, Santelli, Toureau, Villard.<\/strong><\/p>\n<p>Une 12e journ\u00e9e de la <a href=\"https:\/\/www.laprovence.com\/article\/region\/2330492294753514\/course-camarguaise-une-premiere-journee-de-la-main-dor-dans-un-bon-esprit-a-vendargues-as\" target=\"_blank\" rel=\"nofollow noopener\">Main d\u2019or<\/a> qui ne restera pas dans les m\u00e9moires, \u00e0 l\u2019exception du pr\u00e9sident de course qui s\u2019est pris pour un DJ, et qui avait greff\u00e9 Carmen dans ses doigts\u00a0! La \u00ab\u00a0blague\u00a0\u00bb du jour sera pour le Carmen g\u00e9n\u00e9ral, ubuesque\u00a0! On retiendra Galant et quelques bons passages de Mouissau et Saouren. <a href=\"https:\/\/www.laprovence.com\/article\/region\/4084961174915814\/cocarde-dor-les-raseteurs-zekraoui-et-chekhade-celebres-a-arles\" target=\"_blank\" rel=\"nofollow noopener\">Chez les hommes<\/a>, Laurier et Ouennouri se sont montr\u00e9s sup\u00e9rieurs, m\u00eame si Chanat totalise. Foug\u00e8re est lui en phase de reprise.<\/p>\n<p><strong>INDIEN (Nicollin N.861).- <\/strong>Instable, n\u2019est jamais bien plac\u00e9. R\u00e9ponds toutefois \u00e0 Laurier (4), Chanat, Ouennouri et Boualam. Rentre \u00e0 la 11&rsquo;d\u00e9pouill\u00e9, avec 7 Carmen +\u00a0retour.<\/p>\n<p><strong>REVELLI (Didelot-Langlade N.641).- <\/strong>1\u201950 les attributs, o\u00f9 il a r\u00e9pondu aux invites. Aux ficelles, il se d\u00e9fend et passe le mourre apr\u00e8s Ouennouri (4&prime;). Rentre sa deuxi\u00e8me ficelle avec 4 Carmen +\u00a0retour.<\/p>\n<p><strong>DRAC (M\u00e9janes, N.866).- <\/strong>Saute apr\u00e8s Ouennouri (2&prime;), Laurier et Chanat. Le reste du temps, il le passe en contre-piste (15) ou rien ne l\u2019int\u00e9resse. Rentre son 2e gland avec 4 Carmen +\u00a0retour.<\/p>\n<p><strong>GALANT (Nicollin, N.914).- <\/strong>Passe la corne apr\u00e8s Laurier (2&prime;), Ouennouri (3&prime;), Boualam et les attributs partent en 4&prime;, en plus d\u2019un saut apr\u00e8s Ouennouri (6&prime;). Plac\u00e9, aux ficelles la premi\u00e8re part \u00e0 la 11&rsquo;et d\u00e9fend sa seconde. Retour avec 7 Carmen +\u00a0rentr\u00e9e.<\/p>\n<p><strong>MOUISSAU (Guillierme, N.824).- <\/strong>Saute d\u2019entr\u00e9e 7 fois d\u2019affil\u00e9e avant de prendre son premier raset. Les pompons partiront au bout de 3&prime;. Sept autres sauts, prend les invites quand il veut mais le centre l\u2019attire. Fini son 1\/4 d\u2019heure aux planches avec deux belles s\u00e9ries. Rentre sa deuxi\u00e8me ficelle avec 8 Carmen +\u00a0retour.<\/p>\n<p><strong>DOCKER (M\u00e9janes N.861).-<\/strong> 16 sauts dont un \u00e0 9\u201930 apr\u00e8s Laurier et \u00e0 la 11&rsquo;apr\u00e8s Ouennouri, avec retour en piste, et sur Villard ont cr\u00e9\u00e9 le peu d\u2019\u00e9motion de son passage. Rien ne l\u2019aura passionn\u00e9, mis \u00e0 part la contre-piste. Rentre ses deux ficelles avec 2 Carmen +\u00a0retour.<\/p>\n<p><strong>SAOUREN (Lagarde N.815, 10&rsquo;HP).- <\/strong>Ne refuse rien, termine aux bois ou bascule apr\u00e8s l\u2019homme ou saute seul pour 10 fois. Il finit fort sur une belle s\u00e9rie. Rentre ses glands avec 6 Carmen +\u00a0retour.<\/p>\n<p>Troph\u00e9e de l\u2019avenir\u00a0: Chanat 24, Ouennouri 15, Foug\u00e8re 4.<\/p>\n","protected":false},"excerpt":{"rendered":"Entr\u00e9e\u00a0: 1\/2 ar\u00e8ne. Organisateur\u00a0: C.T. La Muleta. Pr\u00e9sident\u00a0: Richard Sarraouy. Raseteurs droitiers\u00a0: Foug\u00e8re M, Laurier, Ouennouri. Raseteurs gauchers\u00a0:&hellip;\n","protected":false},"author":2,"featured_media":270303,"comment_status":"","ping_status":"","sticky":false,"template":"","format":"standard","meta":{"footnotes":""},"categories":[9599],"tags":[17,1111,11,40949,6466,2622,1777,674,1011,27,2208,12,2680,16,25,4561,40950,96,13913],"class_list":{"0":"post-270302","1":"post","2":"type-post","3":"status-publish","4":"format-standard","5":"has-post-thumbnail","7":"category-montpellier","8":"tag-17","9":"tag-actu","10":"tag-actualites","11":"tag-camarguaises","12":"tag-course","13":"tag-courses","14":"tag-eu","15":"tag-europe","16":"tag-fr","17":"tag-france","18":"tag-montpellier","19":"tag-news","20":"tag-occitanie","21":"tag-region","22":"tag-republique-francaise","23":"tag-sans","24":"tag-saveur","25":"tag-une","26":"tag-vendargues"},"share_on_mastodon":{"url":"https:\/\/pubeurope.com\/@fr\/114907907659156651","error":""},"_links":{"self":[{"href":"https:\/\/www.europesays.com\/fr\/wp-json\/wp\/v2\/posts\/270302","targetHints":{"allow":["GET"]}}],"collection":[{"href":"https:\/\/www.europesays.com\/fr\/wp-json\/wp\/v2\/posts"}],"about":[{"href":"https:\/\/www.europesays.com\/fr\/wp-json\/wp\/v2\/types\/post"}],"author":[{"embeddable":true,"href":"https:\/\/www.europesays.com\/fr\/wp-json\/wp\/v2\/users\/2"}],"replies":[{"embeddable":true,"href":"https:\/\/www.europesays.com\/fr\/wp-json\/wp\/v2\/comments?post=270302"}],"version-history":[{"count":0,"href":"https:\/\/www.europesays.com\/fr\/wp-json\/wp\/v2\/posts\/270302\/revisions"}],"wp:featuredmedia":[{"embeddable":true,"href":"https:\/\/www.europesays.com\/fr\/wp-json\/wp\/v2\/media\/270303"}],"wp:attachment":[{"href":"https:\/\/www.europesays.com\/fr\/wp-json\/wp\/v2\/media?parent=270302"}],"wp:term":[{"taxonomy":"category","embeddable":true,"href":"https:\/\/www.europesays.com\/fr\/wp-json\/wp\/v2\/categories?post=270302"},{"taxonomy":"post_tag","embeddable":true,"href":"https:\/\/www.europesays.com\/fr\/wp-json\/wp\/v2\/tags?post=270302"}],"curies":[{"name":"wp","href":"https:\/\/api.w.org\/{rel}","templated":true}]}}