{"id":270306,"date":"2025-07-24T11:16:37","date_gmt":"2025-07-24T11:16:37","guid":{"rendered":"https:\/\/www.europesays.com\/fr\/270306\/"},"modified":"2025-07-24T11:16:37","modified_gmt":"2025-07-24T11:16:37","slug":"c-ferrari-met-en-demeure-le-fcg-rugby","status":"publish","type":"post","link":"https:\/\/www.europesays.com\/fr\/270306\/","title":{"rendered":"C. FERRARI MET EN DEMEURE LE FCG RUGBY"},"content":{"rendered":"<p>Posted On 23 juillet 2025 <\/p>\n<p style=\"text-align: justify;\">Christophe Ferrari et la majorit\u00e9 m\u00e9tropolitaine (Verts\/LFI\/PS\/PC) ne dig\u00e8rent pas la transparence dont le FCG Rugby fait preuve. Ils adorent qu&rsquo;on les adore. Mais l<a href=\"https:\/\/grenoble-le-changement.fr\/2025\/06\/07\/stade-des-alpes-les-elus-sattaquent-au-fcg-et-au-gf38\/\" target=\"_blank\" rel=\"noopener\">&lsquo;aboutissement calamiteux<\/a> de leur d\u00e9cision de g\u00e9rer eux-m\u00eames le Stade des Alpes aboutit au seul r\u00e9sultat qu&rsquo;ils atteignent si souvent : perdant\/perdant.\u00a0<\/p>\n<p style=\"text-align: justify;\">D\u00e9sormais g\u00e9r\u00e9 en r\u00e9gie directe le bilan financier ne sera connu qu&rsquo;apr\u00e8s les \u00e9lections de mars 2026 comme l&rsquo;a d\u00e9nonc\u00e9 Alain Carignon, approuv\u00e9 par Laurent Thoviste au dernier Conseil M\u00e9tropolitain. Une facture post \u00e9lectorale qui s&rsquo;ajoutera \u00e0 toutes les autres. Par c<a href=\"https:\/\/grenoble-le-changement.fr\/2025\/05\/27\/stade-des-alpes-les-clubs-vent-debout-contre-la-gestion-de-la-metropole\/\" target=\"_blank\" rel=\"noopener\">ontre le surco\u00fbt pour le GF38 et le FCG<\/a> Rugby est imm\u00e9diat et connu ! Christophe Ferrari le chiffre lui-m\u00eame \u00e0 150 000 \u20ac minima pour chacun.\u00a0<\/p>\n<p>\u00a0<\/p>\n<p><a href=\"https:\/\/i0.wp.com\/grenoble-le-changement.fr\/wp-content\/uploads\/2025\/07\/metro-contentieux-goffi.png?ssl=1\" rel=\"lightbox[83477] noopener\" target=\"_blank\"><img decoding=\"async\" data-id=\"83492\" src=\"https:\/\/i0.wp.com\/grenoble-le-changement.fr\/wp-content\/uploads\/2025\/07\/metro-contentieux-goffi.png?w=678&amp;ssl=1\" alt=\"\" class=\"wp-image-83492 jetpack-lazy-image\" data-recalc-dims=\"1\" data-lazy-src=\"https:\/\/www.europesays.com\/fr\/wp-content\/uploads\/2025\/07\/metro-contentieux-goffi.png\" \/><\/a><br \/>\nDans un courrier recommand\u00e9 du 17 juillet \u00e0 Patrick Goffi, Pr\u00e9sident du FCG Rugby, Christophe Ferrari menace et lui demande de retirer \u00ab\u00a0taxe M\u00e9tro\u00a0\u00bb<\/p>\n<p><strong>\u00ab\u00a0CETTE SOI DISANT TAXE M\u00c9TRO IMAGINAIRE\u00a0\u00bb<\/strong><\/p>\n<p style=\"text-align: justify;\">Que pouvait faire le FCG devant cette hausse ? La r\u00e9percuter sur ses supporters, ses sponsors en expliquant son origine. Elle figure donc sur tous les supports sous le nom de \u00ab\u00a0Taxe M\u00e9tro\u00a0\u00bb. Courroux de Ferrari et de ses amis pour qui \u00ab\u00a0cette soi-disant \u00ab Taxe M\u00e9tro \u00bb est purement imaginaire\u00a0\u00bb, qui doit \u00eatre regard\u00e9e \u00ab\u00a0comme une diffusion de fausses nouvelles au sens de l&rsquo;article 27 de la loi du 19 juillet 1881\u00a0\u00bb (!) et en cons\u00e9quence, \u00ab\u00a0je vous mets donc en demeure de retirer imm\u00e9diatement cette mention mensong\u00e8re (&#8230;) de l&rsquo;ensemble de vos supports de communication\u00a0\u00bb.<\/p>\n<p style=\"text-align: justify;\"><strong>LA M\u00c9THODE GRENOBLOISE D&rsquo;INTIMIDATION ET DE MENACES<\/strong><\/p>\n<p style=\"text-align: justify;\"><a href=\"https:\/\/grenoble-le-changement.fr\/2025\/06\/28\/le-retour-des-methodes-immondes-pour-disqualifier-les-critiques-des-verts-lfi\/\" target=\"_blank\" rel=\"noopener\">La m\u00e9thode d&rsquo;intimidation et de menaces<\/a> des \u00e9lus Rouge\/Verts a p\u00e9n\u00e9tr\u00e9 toute la majorit\u00e9 m\u00e9tropolitaine. D\u00e9sormais le d\u00e9bat a lieu au pr\u00e9toire, les collectivit\u00e9s b\u00e9n\u00e9ficiant des moyens du contribuable pour financer pl\u00e9thore de cabinets d&rsquo;avocats et de proc\u00e9dures. La municipalit\u00e9 grenobloise bat les records avec Piolle, Pierre M\u00e9riaux (Verts\/LFI) et les autres qui poursuivent \u00e0 tour de bras, sanctionnent sauvagement : 250 000\u20ac de d\u00e9penses de proc\u00e9dures par an. Christophe Ferrari, d\u00e9sormais \u00ab\u00a0Place Publique\u00a0\u00bb, suit alors qu&rsquo;il <a href=\"https:\/\/grenoble-le-changement.fr\/2022\/11\/19\/c-ferrari-a-t-il-abuse-de-sa-voiture-de-president-de-la-metropole\/\" target=\"_blank\" rel=\"noopener\">est lui-m\u00eame victime de cette judiciarisation<\/a>.\u00a0<\/p>\n<p style=\"text-align: justify;\"><strong>C. LEMARIEY (Verts\/LFI\/PS\/PC) A CAMP\u00c9 SUR L&rsquo;INTRANSIGEANCE<\/strong><\/p>\n<p style=\"text-align: justify;\">Plut\u00f4t que de s&rsquo;interroger de savoir pourquoi la gestion du Stade des Alpes est si difficile, pourquoi la M\u00e9tropole a r\u00e9ussit \u00e0 se mettre deux des trois grands clubs fanions du territoire \u00e0 dos, pourquoi la Vice-Pr\u00e9sidente aux sports Corine Lemariey (majorit\u00e9 Verts\/LFI\/PS\/PC) a camp\u00e9 sur une position intransigeante, refusant d&rsquo;associer l&rsquo;opposition au n\u00e9gociations, la majorit\u00e9 menace les clubs.<\/p>\n<p><a href=\"https:\/\/i0.wp.com\/grenoble-le-changement.fr\/wp-content\/uploads\/2025\/07\/bonzy-1.jpg?ssl=1\" rel=\"lightbox[83477] noopener\" target=\"_blank\"><img decoding=\"async\" data-id=\"83481\" src=\"https:\/\/i0.wp.com\/grenoble-le-changement.fr\/wp-content\/uploads\/2025\/07\/bonzy-1.jpg?w=678&amp;ssl=1\" alt=\"\" class=\"wp-image-83481 jetpack-lazy-image\" data-recalc-dims=\"1\" data-lazy-src=\"https:\/\/www.europesays.com\/fr\/wp-content\/uploads\/2025\/07\/bonzy-1.jpg\" \/><\/a><\/p>\n<p><img decoding=\"async\" data-id=\"82454\" src=\"https:\/\/i0.wp.com\/grenoble-le-changement.fr\/wp-content\/uploads\/2025\/06\/lemariey-corine.png?w=678&amp;ssl=1\" alt=\"\" class=\"wp-image-82454 jetpack-lazy-image\" data-recalc-dims=\"1\" data-lazy-src=\"https:\/\/www.europesays.com\/fr\/wp-content\/uploads\/2025\/07\/lemariey-corine.png\" \/><br \/>\nMe Thomas Bonzy, Avocat du FCG rugby qui renvoie les \u00e9lus de la majorit\u00e9 \u00e0 leurs d\u00e9clarations et Corine Lemariey, Vice-Pr\u00e9sidente (Verts\/LFI\/PC\/PS) qui n&rsquo;a pas rendu service au dossier <\/p>\n<p><strong>UN CHANTAGE \u00c0 L&rsquo;INTERDICTION DE JOUER <\/strong><\/p>\n<p style=\"text-align: justify;\">Au nom du FCG Rugby, son avocat Me Thomas Bonzy s&rsquo;est probablement fait un plaisir de r\u00e9pondre \u00e0 Christophe Ferrari qui menace aussi de retirer au FCG la possibilit\u00e9 de jouer au stade des Alpes parce que \u00ab\u00a0le d\u00e9nigrement de l&rsquo;autorit\u00e9 publique domaniale par l&rsquo;occupant constitue un manquement \u00e0 l&rsquo;obligation de loyaut\u00e9 qui p\u00e8se sur toute partie \u00e0 un contrat administratif\u00a0\u00bb. Ainsi apr\u00e8s avoir sorti le Rugby de Lesdigui\u00e8res, lui avoir impos\u00e9 le Stade des Alpes, les \u00e9lus lui font du chantage \u00e0 l&rsquo;interdiction de jouer !\u00a0<\/p>\n<p style=\"text-align: justify;\"><strong>Me THOMAS BONZY : \u00ab\u00a0UNE ENTI\u00c8RE TRANSPARENCE SUR LA TARIFICATION\u00a0\u00bb<\/strong><\/p>\n<p style=\"text-align: justify;\">Me Bonzy ne voit rien de \u00ab\u00a0d\u00e9shonorant\u00a0\u00bb au mot \u00ab\u00a0taxe\u00a0\u00bb dont les collectivit\u00e9s usent d&rsquo;ailleurs si souvent. Il rappelle la base : \u00ab\u00a0La d\u00e9marche du club vise uniquement \u00e0 une pleine et enti\u00e8re transparence sur la tarification op\u00e9r\u00e9e. L\u2019augmentation du co\u00fbt de la redevance du stade a effectivement oblig\u00e9 le club \u00e0 revoir sa tarification \u00e0 la hausse. Si la redevance n\u2019avait pas fait l\u2019objet d\u2019une augmentation, la billetterie n\u2019aurait pas subi cette hausse.\u00a0\u00bb\u00a0<\/p>\n<p style=\"text-align: justify;\"><strong>\u00ab\u00a0UNE BAISSE SERAIT COMMUNIQU\u00c9E AUSSI\u00a0\u00bb<\/strong><\/p>\n<p style=\"text-align: justify;\">Pr\u00e9cisant : \u00ab\u00a0le FCG souhaite aussi faire entendre aux utilisateurs qu\u2019elle s\u2019engage, dans l\u2019hypoth\u00e8se d\u2019une baisse de cette redevance d\u2019occupation, \u00e0 faire baisser le co\u00fbt des billets. Cette d\u00e9marche de transparence vise donc aussi \u00e0 communiquer sur la d\u00e9marche gagnante \/ gagnante consistant \u00e0 dire aux utilisateurs que nous sommes li\u00e9s \u00e9conomiquement et que dans l\u2019\u00e9ventualit\u00e9 d\u2019une baisse de la redevance, il serait \u00e9videmment communiqu\u00e9 sur une baisse de cette part variable.\u00a0\u00bb<\/p>\n<p style=\"text-align: justify;\">Pour Me Bonzy, \u00ab\u00a0Il n\u2019y a donc aucune information mensong\u00e8re, bien au contraire. Il s\u2019agit, d\u2019une certaine mani\u00e8re, qu\u2019une tarification ouverte, solidaire, co-construite et responsable.\u00a0\u00bb\u00a0<\/p>\n<p><img decoding=\"async\" data-id=\"83479\" src=\"https:\/\/i0.wp.com\/grenoble-le-changement.fr\/wp-content\/uploads\/2025\/07\/download-4.jpg?w=678&amp;ssl=1\" alt=\"\" class=\"wp-image-83479 jetpack-lazy-image\" data-recalc-dims=\"1\" data-lazy-src=\"https:\/\/www.europesays.com\/fr\/wp-content\/uploads\/2025\/07\/download-4.jpg\" \/><br \/>\nPatrick Goffi, Pr\u00e9sident du FCG Rugby <\/p>\n<p><strong>\u00ab\u00a0LE CLUB PAIE, DE LOIN, LA REDEVANCE LA PLUS \u00c9LEV\u00c9E DE FRANCE<\/strong><\/p>\n<p style=\"text-align: justify;\">Mais l&rsquo;avocat va plus loin en rappelant le discours de v\u0153ux de Christophe Ferrari affirmant vouloir \u00ab\u00a0dynamiser la vie culturelle et sportive\u00a0\u00bb. Les promesses des discours n&rsquo;engagent que ceux qui les \u00e9coutent. \u00ab\u00a0Dynamiser la vie sportive, cela ne peut \u00eatre une m\u00e9tropole qui fait de son club de rugby le club qui, de loin, paye la redevance la plus \u00e9lev\u00e9e de France pour l\u2019occupation d\u2019un stade\u00a0\u00bb pr\u00e9cise Thomas Bonzy.\u00a0<\/p>\n<p style=\"text-align: justify;\"><strong>\u00ab\u00a0C. LEMARIEY S&rsquo;EST TOUJOURS OPPOS\u00c9E AUX PROPOSITIONS\u00a0\u00bb<\/strong><\/p>\n<p style=\"text-align: justify;\">S&rsquo;agissant de Corine Lemariey, la vice-Pr\u00e9sidente aux sports qui a succ\u00e9d\u00e9 <a href=\"https:\/\/grenoble-le-changement.fr\/2025\/04\/05\/hier-un-vice-president-de-la-metropole-destitue-par-la-majorite-de-gauche\/\" target=\"_blank\" rel=\"noopener\">\u00e0 Thierry Semanaz dans les conditions que l&rsquo;on sait,<\/a> il ajoute : \u00ab\u00a0La repr\u00e9sentante de la collectivit\u00e9 s\u2019est toujours oppos\u00e9e aux propositions formul\u00e9es soulignant clairement que les clubs allaient payer un prix plus \u00e9lev\u00e9 sans quoi cela revenait, pour elle, \u00e0 le faire supporter aux contribuables. Nous l\u2019avons interpell\u00e9 sur le fait qu\u2019au final ce surco\u00fbt allait peser sur les supporters ce qui revenait donc, indirectement, \u00e0 la m\u00eame solution. Ce n\u2019\u00e9tait pour elle, ouvertement, pas un probl\u00e8me\u00a0\u00bb.<\/p>\n<p style=\"text-align: justify;\"><strong>C. FERRARI NE DOIT PAS ATTENDRE LA CONSTRUCTION DU SI\u00c8GE&#8230;<\/strong><\/p>\n<p style=\"text-align: justify;\">Au final il sugg\u00e8re \u00e0 Christophe Ferrari de prendre enfin en mains ce dossier important : \u00ab\u00a0puissiez-vous trouver l\u2019occasion d\u2019une rencontre en votre pr\u00e9sence sans attendre la construction de votre nouveau si\u00e8ge pour vous rapprocher&#8230;\u00a0\u00bb<\/p>\n<p><img decoding=\"async\" data-id=\"51031\" src=\"https:\/\/i1.wp.com\/grenoble-le-changement.fr\/wp-content\/uploads\/2021\/12\/meriaux.png?w=678&amp;ssl=1\" alt=\"\" class=\"wp-image-51031 jetpack-lazy-image\" data-recalc-dims=\"1\" data-lazy-src=\"https:\/\/www.europesays.com\/fr\/wp-content\/uploads\/2025\/07\/1753355795_758_meriaux.png\" \/><\/p>\n<p><img decoding=\"async\" data-id=\"64528\" src=\"https:\/\/i2.wp.com\/grenoble-le-changement.fr\/wp-content\/uploads\/2023\/07\/ferrari-conseil-metro.png?w=678&amp;ssl=1\" alt=\"\" class=\"wp-image-64528 jetpack-lazy-image\" data-recalc-dims=\"1\" data-lazy-src=\"https:\/\/www.europesays.com\/fr\/wp-content\/uploads\/2025\/07\/1753355797_603_ferrari-conseil-metro.png\" \/><br \/>\nPierre M\u00e9riaux, l&rsquo;adjoint (Verts\/LFI) sectaire, recordman des proc\u00e9dures, q<a href=\"https:\/\/grenoble-le-changement.fr\/2025\/07\/21\/policiers-municipaux-a-carignon-sengage-a-abroger-la-sanction\/\" target=\"_blank\" rel=\"noopener\">ui a fait sanctionner les deux policiers municipaux<\/a>, Christophe Ferrari qui manie la menace judiciaire pour faire taire le d\u00e9bat sur la gestion calamiteuse du Stade des Alpes &#8230;<\/p>\n<p><strong>ILS N&rsquo;ASSUMENT PAS LES CONS\u00c9QUENCES DE LEUR POLITIQUE<\/strong><\/p>\n<p style=\"text-align: justify;\">Cette fin de mandat sonne tr\u00e8s mal pour les \u00e9lus sortants, emp\u00eatr\u00e9s dans des proc\u00e9dures pour compenser leur incapacit\u00e9 \u00e0 faire face au d\u00e9bat public sur leurs politiques qu&rsquo;en r\u00e9alit\u00e9 ils n&rsquo;assument pas. Qu&rsquo;il s&rsquo;agisse de l&rsquo;ins\u00e9curit\u00e9 avec <a href=\"https:\/\/grenoble-le-changement.fr\/2025\/07\/21\/policiers-municipaux-a-carignon-sengage-a-abroger-la-sanction\/\" target=\"_blank\" rel=\"noopener\">la sanction inou\u00efe de deux policiers municipaux<\/a> ou de la gestion du Stade des Alpes dont il faut faire payer les surcouts et les mauvais choix de conception.\u00a0<\/p>\n<p style=\"text-align: justify;\"><strong>LES LUBIES DES \u00c9LUS ROUGE\/VERTS CO\u00dbTENT CHER<\/strong><\/p>\n<p style=\"text-align: justify;\"><a href=\"https:\/\/grenoble-le-changement.fr\/2025\/06\/24\/droit-dans-le-mur-la-trajectoire-financiere-de-piolle-ruffin-demontee\/\" target=\"_blank\" rel=\"noopener\">Paralys\u00e9e financi\u00e8rement<\/a> la majorit\u00e9 m\u00e9tropolitaine <a href=\"https:\/\/grenoble-le-changement.fr\/2025\/07\/20\/vente-dalpexpo-le-symbole-de-lechec-de-la-gestion-ville-metropole\/\" target=\"_blank\" rel=\"noopener\">ne peut plus faire face.<\/a> Elle est contrainte de continuer <a href=\"https:\/\/grenoble-le-changement.fr\/2025\/07\/10\/transports-un-mandat-consacre-a-eponger-les-degats-des-verts-lfi\/\" target=\"_blank\" rel=\"noopener\">\u00e0 financer les fautes<\/a> et les lubies des Rouge\/Verts grenoblois pour que l&rsquo;attelage tienne jusqu&rsquo;en mars 2026, se privant de toute marge de man\u0153uvre. La <a href=\"https:\/\/grenoble-le-changement.fr\/2024\/09\/21\/la-metro-se-mobilise-pour-defendre-son-siege-hors-de-prix\/\" target=\"_blank\" rel=\"noopener\">construction du si\u00e8ge pharaonique faisant le reste.<\/a><\/p>\n<p style=\"text-align: justify;\"><strong>LES COURRIERS AUX \u00c9LECTEURS SUR FONDS PUBLICS N&rsquo;Y CHANGENT RIEN<\/strong><\/p>\n<p style=\"text-align: justify;\">Mais terminer en faisant au GF38 &#8211; dont la subvention grenobloise est r\u00e9duite de 150 000\u20ac &#8211; et au FCG Rugby les conditions les plus \u00e9lev\u00e9es de leur histoire pour <a href=\"https:\/\/grenoble-le-changement.fr\/2025\/06\/07\/stade-des-alpes-les-elus-sattaquent-au-fcg-et-au-gf38\/\" target=\"_blank\" rel=\"noopener\">pouvoir utiliser le stade des Alpes<\/a> est la m\u00e9taphore d&rsquo;un bilan. <a href=\"https:\/\/grenoble-le-changement.fr\/2025\/07\/04\/piolle-fait-la-propagande-des-verts-avec-largent-des-grenoblois\/\" target=\"_blank\" rel=\"noopener\">Les courriers d&rsquo;Eric Piolle<\/a> et Christophe Ferrari aux \u00e9lecteurs, distribu\u00e9s dans les boites aux lettres au frais du contribuable, n&rsquo;y changeront rien.\u00a0<\/p>\n<p style=\"text-align: justify;\"><strong>LES SUPPORTERS SOUTIENNENT MASSIVEMENT LE FCG RUGBY<\/strong><\/p>\n<p style=\"text-align: justify;\">Les milliers de supporters du FCG Rugby &#8211; ils n&rsquo;ont jamais \u00e9t\u00e9 aussi nombreux \u00e0 cette date &#8211; qui viennent de prendre leur abonnement pour soutenir le club ne s&rsquo;y trompent pas plus que les autres grenoblois. Ils paient par tous les bouts une gestion calamiteuse autant par les rapports humains d\u00e9testables que par ses aspects financiers insupportables. Vivement demain.<\/p>\n","protected":false},"excerpt":{"rendered":"Posted On 23 juillet 2025 Christophe Ferrari et la majorit\u00e9 m\u00e9tropolitaine (Verts\/LFI\/PS\/PC) ne dig\u00e8rent pas la transparence dont&hellip;\n","protected":false},"author":2,"featured_media":270307,"comment_status":"","ping_status":"","sticky":false,"template":"","format":"standard","meta":{"footnotes":""},"categories":[9566],"tags":[1111,11,9601,2430,9604,40951,9607,1777,674,40952,1011,27,21780,2731,38779,12,40953,16650,25,37578,10143,40954],"class_list":{"0":"post-270306","1":"post","2":"type-post","3":"status-publish","4":"format-standard","5":"has-post-thumbnail","7":"category-grenoble","8":"tag-actu","9":"tag-actualites","10":"tag-alain-carignon","11":"tag-auvergne-rhone-alpes","12":"tag-christophe-ferrari","13":"tag-corine-lemarye","14":"tag-eric-piolle","15":"tag-eu","16":"tag-europe","17":"tag-fcg-rugby","18":"tag-fr","19":"tag-france","20":"tag-gf38","21":"tag-grenoble","22":"tag-laurent-thoviste","23":"tag-news","24":"tag-patrick-goffi","25":"tag-pierre-meriaux","26":"tag-republique-francaise","27":"tag-stade-des-alpes","28":"tag-thierry-semanaz","29":"tag-thomas-bonzy"},"share_on_mastodon":{"url":"https:\/\/pubeurope.com\/@fr\/114907931362935198","error":""},"_links":{"self":[{"href":"https:\/\/www.europesays.com\/fr\/wp-json\/wp\/v2\/posts\/270306","targetHints":{"allow":["GET"]}}],"collection":[{"href":"https:\/\/www.europesays.com\/fr\/wp-json\/wp\/v2\/posts"}],"about":[{"href":"https:\/\/www.europesays.com\/fr\/wp-json\/wp\/v2\/types\/post"}],"author":[{"embeddable":true,"href":"https:\/\/www.europesays.com\/fr\/wp-json\/wp\/v2\/users\/2"}],"replies":[{"embeddable":true,"href":"https:\/\/www.europesays.com\/fr\/wp-json\/wp\/v2\/comments?post=270306"}],"version-history":[{"count":0,"href":"https:\/\/www.europesays.com\/fr\/wp-json\/wp\/v2\/posts\/270306\/revisions"}],"wp:featuredmedia":[{"embeddable":true,"href":"https:\/\/www.europesays.com\/fr\/wp-json\/wp\/v2\/media\/270307"}],"wp:attachment":[{"href":"https:\/\/www.europesays.com\/fr\/wp-json\/wp\/v2\/media?parent=270306"}],"wp:term":[{"taxonomy":"category","embeddable":true,"href":"https:\/\/www.europesays.com\/fr\/wp-json\/wp\/v2\/categories?post=270306"},{"taxonomy":"post_tag","embeddable":true,"href":"https:\/\/www.europesays.com\/fr\/wp-json\/wp\/v2\/tags?post=270306"}],"curies":[{"name":"wp","href":"https:\/\/api.w.org\/{rel}","templated":true}]}}