{"id":270308,"date":"2025-07-24T11:17:10","date_gmt":"2025-07-24T11:17:10","guid":{"rendered":"https:\/\/www.europesays.com\/fr\/270308\/"},"modified":"2025-07-24T11:17:10","modified_gmt":"2025-07-24T11:17:10","slug":"fermeture-totale-ou-partielle-les-lignes-a-et-b-perturbees-certains-week-ends","status":"publish","type":"post","link":"https:\/\/www.europesays.com\/fr\/270308\/","title":{"rendered":"fermeture totale ou partielle, les lignes A et B perturb\u00e9es certains week-ends"},"content":{"rendered":"<p>            Par<br \/>\n        <strong><br \/>\n            <a href=\"https:\/\/actu.fr\/auteur\/lou-batteux\" title=\"Consulter tous les articles de Lou Batteux\" target=\"_blank\" rel=\"noopener\">Lou Batteux<\/a><br \/>\n        <\/strong><\/p>\n<p>        Publi\u00e9 le<\/p>\n<p>            24 juil. 2025 \u00e0 12h22        <\/p>\n<p><strong>Fermeture des lignes de m\u00e9tro, des agences STAR et des Parcs relais<\/strong> : cet \u00e9t\u00e9, le r\u00e9seau STAR \u00e0 Rennes va conna\u00eetre quelques changements susceptibles de perturber vos d\u00e9placements.<\/p>\n<p>Fermeture des lignes de m\u00e9tro A et B<\/p>\n<p class=\" wall-content\">Certains weekends, <strong>les lignes de m\u00e9tro A et B seront perturb\u00e9es<\/strong> en raison d\u2019une maintenance technique. Les <strong>lignes CHRONOSTAR et bus relais<\/strong> \u2013 avec un passage toutes les 20 minutes environ \u2013 s\u2019y substitueront. Voici les jours concern\u00e9s :<\/p>\n<ul class=\" wall-content\">\n<li><strong>samedi 26 juillet,<\/strong>\u00a0fermeture de la ligne A du m\u00e9tro \u00e0 partir de <strong>23h<\/strong> ;<\/li>\n<li><strong>dimanche 27 juillet,<\/strong>\u00a0fermeture de la ligne A du m\u00e9tro \u00e0 partir de <strong>21h<\/strong> ;<\/li>\n<li><strong>samedi 2 ao\u00fbt,<\/strong>\u00a0fermeture de la ligne B du m\u00e9tro \u00e0 partir de<strong> 22h<\/strong> ;<\/li>\n<li><strong>dimanche 3 ao\u00fbt,<\/strong>\u00a0fermeture de la ligne B du m\u00e9tro <strong>toute la journ\u00e9e<\/strong> ;<\/li>\n<li><strong>samedi 9 ao\u00fbt,<\/strong>\u00a0fermeture de la ligne A du m\u00e9tro \u00e0 partir de <strong>22h<\/strong> ;<\/li>\n<li><strong>dimanche 10 ao\u00fbt,<\/strong>\u00a0fermeture de la ligne A du m\u00e9tro <strong>toute la journ\u00e9e<\/strong>.<\/li>\n<\/ul>\n<p class=\" wall-content\">Les informations sur ces fermetures sont affich\u00e9es dans les stations de m\u00e9tro et sur les \u00e9crans des bus, ainsi que sur le <a href=\"https:\/\/www.star.fr\/\" target=\"_blank\" rel=\"noopener\">site internet du r\u00e9seau STAR<\/a>. Certains jours, un <strong>dispositif d\u2019accompagnement voyageur<\/strong> sera mis en place \u00e0 la station de m\u00e9tro Gares pour vous orienter.<\/p>\n<p class=\" wall-content\">Des rames circuleront \u00e0 vide ponctuellement durant la journ\u00e9e et la nuit afin de s\u2019assurer du bon fonctionnement du syst\u00e8me apr\u00e8s maintenance.<\/p>\n<p>Fermeture des agences STAR<\/p>\n<p class=\" wall-content\">Cet \u00e9t\u00e9, <strong>trois agences star seront ferm\u00e9es<\/strong> \u00e9galement :<\/p>\n<ul class=\" wall-content\">\n<li><strong>Henri Fr\u00e9ville<\/strong> : ferm\u00e9e jusqu\u2019au mercredi 20 ao\u00fbt ;<\/li>\n<li><strong>Villejean-Universit\u00e9<\/strong> : ferm\u00e9e jusqu\u2019au mercredi 20 ao\u00fbt ;<\/li>\n<li><strong>Beaulieu-Universit\u00e9<\/strong> : ferm\u00e9e jusqu\u2019au vendredi 22 ao\u00fbt.<\/li>\n<\/ul>\n<p class=\" wall-content\">L\u2019agence Sainte-Anne, l\u2019Espace KorriGo et la Maison du v\u00e9lo restent ouverts tout l\u2019\u00e9t\u00e9, aux horaires habituels.<\/p>\n<p class=\" wall-content\">Cr\u00e9ation et rechargement des cartes KorriGo, informations sur les abonnements, covoiturage\u2026 \u00c0 partir du <strong>jeudi 21 ao\u00fbt<\/strong>, les \u00e9quipes STAR seront pr\u00e9sentes dans plusieurs communes de Rennes M\u00e9tropole pour <strong>informer les habitants<\/strong> sur le fonctionnement du r\u00e9seau de transports en commun.<\/p>\n<p>Fermeture des Parcs relais<\/p>\n<p class=\" wall-content\">Les huit parcs relais de Rennes, ces parkings r\u00e9serv\u00e9s aux utilisateurs du r\u00e9seau STAR qui permettent un acc\u00e8s direct aux bus et\/ou au m\u00e9tro, <strong>ferment \u00e0 1h cet \u00e9t\u00e9<\/strong>.\u00a0Le <strong>parc relais J.F Kennedy<\/strong> est ferm\u00e9 du 14 juillet au 24 ao\u00fbt inclus et celui de La Poterie est partiellement en travaux jusqu\u2019au 25 juillet inclus.<\/p>\n<p class=\" wall-content\">Suivez toute l\u2019actualit\u00e9 de vos villes et m\u00e9dias favoris en vous inscrivant \u00e0 <a href=\"https:\/\/moncompte.actu.fr\" title=\"D\u00e9couvez Mon Actu\" rel=\"nofollow noopener\" data-trk=\"{&quot;cta&quot;:{&quot;action&quot;:&quot;https:\\\/\\\/moncompte.actu.fr&quot;,&quot;category&quot;:&quot;mon compte&quot;,&quot;from&quot;:&quot;article footer&quot;,&quot;name&quot;:&quot;Mon actu&quot;,&quot;type&quot;:&quot;cta&quot;}}\" target=\"_blank\">Mon Actu<\/a>.<\/p>\n","protected":false},"excerpt":{"rendered":"Par Lou Batteux Publi\u00e9 le 24 juil. 2025 \u00e0 12h22 Fermeture des lignes de m\u00e9tro, des agences STAR&hellip;\n","protected":false},"author":2,"featured_media":270309,"comment_status":"","ping_status":"","sticky":false,"template":"","format":"standard","meta":{"footnotes":""},"categories":[2821],"tags":[1111,11,829,1777,674,1011,27,5000,12,584,25,5001,104,3176],"class_list":{"0":"post-270308","1":"post","2":"type-post","3":"status-publish","4":"format-standard","5":"has-post-thumbnail","7":"category-rennes","8":"tag-actu","9":"tag-actualites","10":"tag-bretagne","11":"tag-eu","12":"tag-europe","13":"tag-fr","14":"tag-france","15":"tag-metro-de-rennes","16":"tag-news","17":"tag-rennes","18":"tag-republique-francaise","19":"tag-reseau-star","20":"tag-societe","21":"tag-vacances-scolaires"},"share_on_mastodon":{"url":"https:\/\/pubeurope.com\/@fr\/114907935077497652","error":""},"_links":{"self":[{"href":"https:\/\/www.europesays.com\/fr\/wp-json\/wp\/v2\/posts\/270308","targetHints":{"allow":["GET"]}}],"collection":[{"href":"https:\/\/www.europesays.com\/fr\/wp-json\/wp\/v2\/posts"}],"about":[{"href":"https:\/\/www.europesays.com\/fr\/wp-json\/wp\/v2\/types\/post"}],"author":[{"embeddable":true,"href":"https:\/\/www.europesays.com\/fr\/wp-json\/wp\/v2\/users\/2"}],"replies":[{"embeddable":true,"href":"https:\/\/www.europesays.com\/fr\/wp-json\/wp\/v2\/comments?post=270308"}],"version-history":[{"count":0,"href":"https:\/\/www.europesays.com\/fr\/wp-json\/wp\/v2\/posts\/270308\/revisions"}],"wp:featuredmedia":[{"embeddable":true,"href":"https:\/\/www.europesays.com\/fr\/wp-json\/wp\/v2\/media\/270309"}],"wp:attachment":[{"href":"https:\/\/www.europesays.com\/fr\/wp-json\/wp\/v2\/media?parent=270308"}],"wp:term":[{"taxonomy":"category","embeddable":true,"href":"https:\/\/www.europesays.com\/fr\/wp-json\/wp\/v2\/categories?post=270308"},{"taxonomy":"post_tag","embeddable":true,"href":"https:\/\/www.europesays.com\/fr\/wp-json\/wp\/v2\/tags?post=270308"}],"curies":[{"name":"wp","href":"https:\/\/api.w.org\/{rel}","templated":true}]}}