{"id":270310,"date":"2025-07-24T11:18:10","date_gmt":"2025-07-24T11:18:10","guid":{"rendered":"https:\/\/www.europesays.com\/fr\/270310\/"},"modified":"2025-07-24T11:18:10","modified_gmt":"2025-07-24T11:18:10","slug":"les-proprietaires-avaient-gagne-en-justice-la-ville-de-rennes-fait-finalement-interdire-lacces-a-ces-logements","status":"publish","type":"post","link":"https:\/\/www.europesays.com\/fr\/270310\/","title":{"rendered":"Les propri\u00e9taires avaient gagn\u00e9 en justice, la Ville de Rennes fait finalement interdire l\u2019acc\u00e8s \u00e0 ces logements"},"content":{"rendered":"<p>Plus de trois ans apr\u00e8s, la Ville de Rennes, \u00ab compte tenu des risques et dangers existants \u00bb, a pris un nouvel arr\u00eat\u00e9 municipal ce mercredi 23 juillet, pour faire \u00e9vacuer plusieurs b\u00e2timents du centre historique, situ\u00e9s au 3 et 5 rue de Penho\u00ebt, et au 4, rue Saint-Michel, \u00ab avec une interdiction d\u2019habiter, d\u2019occuper et d\u2019utiliser \u00bb les lieux jusqu\u2019\u00e0 la fin de \u00ab cet arr\u00eat\u00e9 de mise en s\u00e9curit\u00e9 urgente \u00bb. <\/p>\n<p>Ces immeubles collectifs pr\u00e9sentent bel et bien \u00ab un danger imminent et manifeste \u00bb<\/p>\n<p>Un arr\u00eat\u00e9 similaire, concernant \u00e0 peu pr\u00e8s les m\u00eames propri\u00e9t\u00e9s, avait d\u00e9j\u00e0 \u00e9t\u00e9 pris en mars 2022 mais le tribunal administratif de Rennes, dans un jugement du 3 octobre 2024, avait annul\u00e9 cet arr\u00eat\u00e9, apr\u00e8s la saisine d\u2019une propri\u00e9taire d\u2019un des appartements et du syndicat de copropri\u00e9t\u00e9. \u00ab La Ville s\u2019est pris les pieds dans le tapis en r\u00e9digeant l\u2019arr\u00eat\u00e9. En le parcourant, on ne comprenant pas quel pouvoir avait \u00e9t\u00e9 mis en \u0153uvre pour prendre cette d\u00e9cision \u00bb, pr\u00e9cisait, \u00e0 l\u2019\u00e9poque, Adrien Colas, l\u2019avocat de l\u2019une des propri\u00e9taires.<\/p>\n<p>Selon un expert mentionn\u00e9 dans l\u2019arr\u00eat\u00e9, ces immeubles collectifs sont bel et bien \u00ab \u00e0 risque \u00bb et pr\u00e9sentent \u00ab un danger imminent et manifeste \u00bb, n\u00e9cessitant la mise en place de \u00ab mesures d\u2019urgence de nature \u00e0 mettre fin aux dangers \u00bb, et donc une \u00ab interdiction d\u2019acc\u00e8s aux zones d\u00e9grad\u00e9es identifi\u00e9es \u00bb.<\/p>\n<p>Les installations \u00e9lectriques, \u00ab accessibles, non s\u00e9curis\u00e9es et potentiellement sous tension \u00bb, pr\u00e9sentent \u00e9galement un risque.<\/p>\n","protected":false},"excerpt":{"rendered":"Plus de trois ans apr\u00e8s, la Ville de Rennes, \u00ab compte tenu des risques et dangers existants \u00bb,&hellip;\n","protected":false},"author":2,"featured_media":270311,"comment_status":"","ping_status":"","sticky":false,"template":"","format":"standard","meta":{"footnotes":""},"categories":[2821],"tags":[1111,11,829,1777,674,1011,27,848,12,584,25],"class_list":{"0":"post-270310","1":"post","2":"type-post","3":"status-publish","4":"format-standard","5":"has-post-thumbnail","7":"category-rennes","8":"tag-actu","9":"tag-actualites","10":"tag-bretagne","11":"tag-eu","12":"tag-europe","13":"tag-fr","14":"tag-france","15":"tag-ille-et-vilaine","16":"tag-news","17":"tag-rennes","18":"tag-republique-francaise"},"share_on_mastodon":{"url":"https:\/\/pubeurope.com\/@fr\/114907939094880964","error":""},"_links":{"self":[{"href":"https:\/\/www.europesays.com\/fr\/wp-json\/wp\/v2\/posts\/270310","targetHints":{"allow":["GET"]}}],"collection":[{"href":"https:\/\/www.europesays.com\/fr\/wp-json\/wp\/v2\/posts"}],"about":[{"href":"https:\/\/www.europesays.com\/fr\/wp-json\/wp\/v2\/types\/post"}],"author":[{"embeddable":true,"href":"https:\/\/www.europesays.com\/fr\/wp-json\/wp\/v2\/users\/2"}],"replies":[{"embeddable":true,"href":"https:\/\/www.europesays.com\/fr\/wp-json\/wp\/v2\/comments?post=270310"}],"version-history":[{"count":0,"href":"https:\/\/www.europesays.com\/fr\/wp-json\/wp\/v2\/posts\/270310\/revisions"}],"wp:featuredmedia":[{"embeddable":true,"href":"https:\/\/www.europesays.com\/fr\/wp-json\/wp\/v2\/media\/270311"}],"wp:attachment":[{"href":"https:\/\/www.europesays.com\/fr\/wp-json\/wp\/v2\/media?parent=270310"}],"wp:term":[{"taxonomy":"category","embeddable":true,"href":"https:\/\/www.europesays.com\/fr\/wp-json\/wp\/v2\/categories?post=270310"},{"taxonomy":"post_tag","embeddable":true,"href":"https:\/\/www.europesays.com\/fr\/wp-json\/wp\/v2\/tags?post=270310"}],"curies":[{"name":"wp","href":"https:\/\/api.w.org\/{rel}","templated":true}]}}