{"id":270314,"date":"2025-07-24T11:21:14","date_gmt":"2025-07-24T11:21:14","guid":{"rendered":"https:\/\/www.europesays.com\/fr\/270314\/"},"modified":"2025-07-24T11:21:14","modified_gmt":"2025-07-24T11:21:14","slug":"un-nouveau-gardien-mis-a-lessai-a-strasbourg-alsasports","status":"publish","type":"post","link":"https:\/\/www.europesays.com\/fr\/270314\/","title":{"rendered":"Un nouveau gardien mis \u00e0 l&rsquo;essai \u00e0 Strasbourg \u2014 Alsa&rsquo;Sports"},"content":{"rendered":"<p><strong>Le gardien fran\u00e7ais Stefan Bajic a disput\u00e9 son premier entra\u00eenement ce matin au Racing Soprema Parc. Il s\u2019agit d\u2019un essai d\u2019un mois pour devenir num\u00e9ro 3 dans la hi\u00e9rarchie. <\/strong><\/p>\n<p>Un nouveau venu a fait son apparition ce matin au Racing Soprema Parc. Il s\u2019agit de Stefan Bajic (23 ans), que nous avons aper\u00e7u ce matin aux c\u00f4t\u00e9s des autres portiers Karl-Johan Johnsson (35 ans) et Gabriel Kerckaert (17 ans) pour honorer son premier entra\u00eenement. Selon nos confr\u00e8res des DNA, le gardien franco-serbe est mis \u00e0 l\u2019essai pendant un mois et devrait, si celui-ci s\u2019av\u00e8re concluant, prendre la place de num\u00e9ro 3 dans la hi\u00e9rarchie derri\u00e8re Mike Penders (arriv\u00e9e imminente) et Karl-Johan Johnsson. <\/p>\n<p><strong>Il sort de deux saisons quasi-blanches<\/strong><\/p>\n<p>Stefan Bajic arrive libre de tout contrat apr\u00e8s deux saisons quasi-blanches \u00e0 Bristol City. Form\u00e9 \u00e0 Saint-\u00c9tienne o\u00f9 il est n\u00e9 (9 matches de Ligue 1), Bajic a ensuite jou\u00e9 au Pau FC (15 matches de Ligue 2) avant de partir \u00e0 Bristol City et d\u2019\u00eatre pr\u00eat\u00e9 dans la foul\u00e9e \u00e0 Valenciennes (11 matches de Ligue 2) lors de la saison 2022\/2023. Il retourne ensuite en Angleterre mais vit une saison blanche en 2023\/2024 o\u00f9 il ne joue aucun match. Ce fut \u00e0 peine mieux la saison derni\u00e8re o\u00f9 il dispute un seul match d\u2019EFL Cup. Un gardien qui a besoin de se relancer va donc tenter le pari strasbourgeois. <\/p>\n","protected":false},"excerpt":{"rendered":"Le gardien fran\u00e7ais Stefan Bajic a disput\u00e9 son premier entra\u00eenement ce matin au Racing Soprema Parc. Il s\u2019agit&hellip;\n","protected":false},"author":2,"featured_media":270315,"comment_status":"","ping_status":"","sticky":false,"template":"","format":"standard","meta":{"footnotes":""},"categories":[2820],"tags":[1111,11,1777,674,63,1011,27,775,66,12,4448,25,640],"class_list":{"0":"post-270314","1":"post","2":"type-post","3":"status-publish","4":"format-standard","5":"has-post-thumbnail","7":"category-strasbourg","8":"tag-actu","9":"tag-actualites","10":"tag-eu","11":"tag-europe","12":"tag-football","13":"tag-fr","14":"tag-france","15":"tag-grand-est","16":"tag-ligue-1","17":"tag-news","18":"tag-rc-strasbourg","19":"tag-republique-francaise","20":"tag-strasbourg"},"share_on_mastodon":{"url":"https:\/\/pubeurope.com\/@fr\/114907950815429838","error":""},"_links":{"self":[{"href":"https:\/\/www.europesays.com\/fr\/wp-json\/wp\/v2\/posts\/270314","targetHints":{"allow":["GET"]}}],"collection":[{"href":"https:\/\/www.europesays.com\/fr\/wp-json\/wp\/v2\/posts"}],"about":[{"href":"https:\/\/www.europesays.com\/fr\/wp-json\/wp\/v2\/types\/post"}],"author":[{"embeddable":true,"href":"https:\/\/www.europesays.com\/fr\/wp-json\/wp\/v2\/users\/2"}],"replies":[{"embeddable":true,"href":"https:\/\/www.europesays.com\/fr\/wp-json\/wp\/v2\/comments?post=270314"}],"version-history":[{"count":0,"href":"https:\/\/www.europesays.com\/fr\/wp-json\/wp\/v2\/posts\/270314\/revisions"}],"wp:featuredmedia":[{"embeddable":true,"href":"https:\/\/www.europesays.com\/fr\/wp-json\/wp\/v2\/media\/270315"}],"wp:attachment":[{"href":"https:\/\/www.europesays.com\/fr\/wp-json\/wp\/v2\/media?parent=270314"}],"wp:term":[{"taxonomy":"category","embeddable":true,"href":"https:\/\/www.europesays.com\/fr\/wp-json\/wp\/v2\/categories?post=270314"},{"taxonomy":"post_tag","embeddable":true,"href":"https:\/\/www.europesays.com\/fr\/wp-json\/wp\/v2\/tags?post=270314"}],"curies":[{"name":"wp","href":"https:\/\/api.w.org\/{rel}","templated":true}]}}