{"id":270316,"date":"2025-07-24T11:22:11","date_gmt":"2025-07-24T11:22:11","guid":{"rendered":"https:\/\/www.europesays.com\/fr\/270316\/"},"modified":"2025-07-24T11:22:11","modified_gmt":"2025-07-24T11:22:11","slug":"au-nice-jazz-fest-le-talent-multifacette-de-china-moses","status":"publish","type":"post","link":"https:\/\/www.europesays.com\/fr\/270316\/","title":{"rendered":"Au Nice Jazz Fest, le talent multifacette de China Moses"},"content":{"rendered":"<p>China Moses a l\u2019habitude d\u2019\u00eatre au four et au moulin, de jongler entre les diff\u00e9rentes casquettes. Chanteuse avant tout, autrice et compositrice, elle est aussi animatrice (de l\u2019\u00e9mission Made In China sur la radio TSF Jazz, apr\u00e8s plusieurs exp\u00e9riences en t\u00e9l\u00e9, chez MTV France ou Canal +) et patronne de son propre label.<\/p>\n<p>Au Nice Jazz Fest, ce sera un peu la m\u00eame limonade pour l\u2019Am\u00e9ricaine, dont l\u2019\u00e9nergie et le sourire seront forc\u00e9ment communicatifs. Parce que mine de rien, la quadra a un c\u00f4t\u00e9 Wonder Woman. Elle, pour sa part, se voit comme \u00ab\u00a0laborieusement normale, comme tout le monde\u00a0\u00bb. Au t\u00e9l\u00e9phone, elle compl\u00e8te tout de m\u00eame son propos. \u00ab\u00a0Les \u00e9toiles se sont align\u00e9es pour moi, j\u2019ai la chance, le privil\u00e8ge de monter sur sc\u00e8ne et de parler. Quand j\u2019ouvre ma gueule dans une micro, c\u2019est une responsabilit\u00e9 pour moi, et j\u2019utilise ce pouvoir.\u00a0\u00bb<\/p>\n<p>Deux concerts, de l\u2019animation et des jams pour finir?<\/p>\n<p>Durant l\u2019\u00e9dition 2025 du Nice Jazz Fest, China Moses aura plusieurs occasions de montrer de quel bois elle se chauffe.<\/p>\n<p>\u00ab\u00a0L\u2019ann\u00e9e derni\u00e8re, j\u2019\u00e9tais un peu la mascotte, j\u2019avais le r\u00f4le d\u2019ambianceuse sur la Sc\u00e8ne Mass\u00e9na. Cette fois, on m\u2019offre la possibilit\u00e9 de jouer avec mon groupe au Th\u00e9\u00e2tre de Verdure lors de la soir\u00e9e d\u2019ouverture, le 24 juillet. Je pr\u00e9senterai mon nouvel album, It\u2019s Complicated (sortie le 3 octobre). Le dernier soir, le 27 juillet, je jouerai aussi avec Hugh Coltman, Robin McKelle, Jowee Omicil et des membres de The Amazing Keystone Big Band pour Jazz Celebration, un spectacle avec des reprises de standards qu\u2019on avait mont\u00e9 pour les 25 ans de TSF Jazz, durant l\u2019automne dernier.\u00a0\u00bb<\/p>\n<p>En plus de tout cela, il y a fort \u00e0 parier que l\u2019on retrouvera \u00e0 nouveau China Moses dans le costume de MC, ou en train de participer aux jam sessions \u00e0 une heure avanc\u00e9e de la nuit.<\/p>\n<p>\u00ab\u00a0La programmation est folle\u00a0\u00bb<\/p>\n<p>\u00ab\u00a0C\u2019est bien possible, parce que j\u2019adore l\u2019\u00e9quipe du Nice Jazz Fest\u00a0\u00bb, nous glisse-t-elle.<\/p>\n<p>La fille de la chanteuse Dee Dee Bridgewater et du r\u00e9alisateur Gilbert Moses appr\u00e9cie particuli\u00e8rement la direction prise par l\u2019\u00e9v\u00e9nement depuis deux ans.<\/p>\n<p>\u00ab\u00a0Inviter une artiste comme Raye, multi-instrumentiste, incroyable en impro, avec une imagerie un peu r\u00e9tro, c\u2019est incroyable. Moi, le premier soir, je joue avant John Scofield, tu te rends compte? Vraiment, la programmation est folle. Nubya Garcia, Daoud, c\u2019est tr\u00e8s fort. Et Sullivan Fortner (\u00e0 retrouver avec son trio le 24 et avec John Clayton et Jeff Hamilton le 25, pour un hommage \u00e0 Oscar Peterson), dans notre milieu, c\u2019est d\u00e9j\u00e0 une l\u00e9gende.\u00a0\u00bb<\/p>\n<p>\u00ab\u00a0Le jazz est une musique vivante\u00a0\u00bb<\/p>\n<p>Juste avant qu\u2019on l\u2019appelle, China Moses est tomb\u00e9e sur un billet paru dans le journal Lib\u00e9ration, qui se demandait pourquoi il n\u2019y avait plus de jazz dans les festivals de jazz, ainsi que sur un article du Figaro se demandait pour sa part s\u2019il y avait encore du jazz dans les festivals qui lui sont a priori d\u00e9di\u00e9s.<\/p>\n<p>De quoi mettre la rogne pour de bon. \u00ab\u00a0On vous aime les gars, mais le jazz, ce ne sont pas que des standards des ann\u00e9es 1940. Nice, cet h\u00e9ritage sera visible de plusieurs mani\u00e8res. Mais c\u2019est une musique vivante, qui \u00e9volue avec son temps. C\u2019est dr\u00f4le, ces gens qui veulent garder le monde fig\u00e9, \u00e7a les rassure certainement. En tant que noire am\u00e9ricaine, je commence \u00e0 le prendre comme une offense. Parce qu\u2019en laissant le jazz dans une d\u00e9finition aussi \u00e9triqu\u00e9e, on nie beaucoup de choses, comme l\u2019album d\u2019Aretha Franklin en hommage \u00e0 Dinah Washington, qui \u00e9tait plut\u00f4t blues-soul. Et Dinah, c\u2019\u00e9tait aussi quelqu\u2019un qui faisait de la pop.\u00a0\u00bb<\/p>\n<p>It\u2019s Complicated, nouveaut\u00e9 bien rod\u00e9e<\/p>\n<p>Le 3 octobre prochain, It\u2019s Complicated, le nouvel album de China Moses, arrivera dans les bacs. Ceux qui suivent le parcours de la chanteuse reconna\u00eetront illico certains morceaux, puisqu\u2019elle les interpr\u00e8te en concert depuis&#8230; 2019.<\/p>\n<p>\u00ab\u00a0Je suis avant tout une artiste de live. Et en tant qu\u2019ind\u00e9pendante, je me rends compte \u00e0 quel point tout peut prendre du temps quand tu dois tout g\u00e9rer. Les morceaux auront une dimension diff\u00e9rente sur l\u2019album. D\u2019autant plus que je n\u2019aurais sans doute jamais l\u2019occasion de tourner avec les musiciens qui ont enregistr\u00e9 avec moi, et qui ont leurs propres carri\u00e8res. On parle quand m\u00eame de Lakecia Benjamin au saxophone, Theo Croker \u00e0 la trompette ou Daru Jones \u00e0 la batterie. On a r\u00e9ussi \u00e0 tous se retrouver \u00e0 New York, avec le producteur Troy Miller, et on a tout termin\u00e9 en trois jours. En fait, je consid\u00e8re ce disque comme mon premier. On arrive vraiment au son dont j\u2019ai toujours r\u00eav\u00e9. C\u2019est un peu comme si je pr\u00e9sentais ma th\u00e8se, apr\u00e8s avoir connu beaucoup d\u2019exp\u00e9riences.\u00a0\u00bb<\/p>\n","protected":false},"excerpt":{"rendered":"China Moses a l\u2019habitude d\u2019\u00eatre au four et au moulin, de jongler entre les diff\u00e9rentes casquettes. Chanteuse avant&hellip;\n","protected":false},"author":2,"featured_media":270317,"comment_status":"","ping_status":"","sticky":false,"template":"","format":"standard","meta":{"footnotes":""},"categories":[2819],"tags":[1111,11,251,1777,674,1011,27,12,2401,882,25],"class_list":{"0":"post-270316","1":"post","2":"type-post","3":"status-publish","4":"format-standard","5":"has-post-thumbnail","7":"category-nice","8":"tag-actu","9":"tag-actualites","10":"tag-culture","11":"tag-eu","12":"tag-europe","13":"tag-fr","14":"tag-france","15":"tag-news","16":"tag-nice","17":"tag-provence-alpes-cote-dazur","18":"tag-republique-francaise"},"share_on_mastodon":{"url":"https:\/\/pubeurope.com\/@fr\/114907954849908925","error":""},"_links":{"self":[{"href":"https:\/\/www.europesays.com\/fr\/wp-json\/wp\/v2\/posts\/270316","targetHints":{"allow":["GET"]}}],"collection":[{"href":"https:\/\/www.europesays.com\/fr\/wp-json\/wp\/v2\/posts"}],"about":[{"href":"https:\/\/www.europesays.com\/fr\/wp-json\/wp\/v2\/types\/post"}],"author":[{"embeddable":true,"href":"https:\/\/www.europesays.com\/fr\/wp-json\/wp\/v2\/users\/2"}],"replies":[{"embeddable":true,"href":"https:\/\/www.europesays.com\/fr\/wp-json\/wp\/v2\/comments?post=270316"}],"version-history":[{"count":0,"href":"https:\/\/www.europesays.com\/fr\/wp-json\/wp\/v2\/posts\/270316\/revisions"}],"wp:featuredmedia":[{"embeddable":true,"href":"https:\/\/www.europesays.com\/fr\/wp-json\/wp\/v2\/media\/270317"}],"wp:attachment":[{"href":"https:\/\/www.europesays.com\/fr\/wp-json\/wp\/v2\/media?parent=270316"}],"wp:term":[{"taxonomy":"category","embeddable":true,"href":"https:\/\/www.europesays.com\/fr\/wp-json\/wp\/v2\/categories?post=270316"},{"taxonomy":"post_tag","embeddable":true,"href":"https:\/\/www.europesays.com\/fr\/wp-json\/wp\/v2\/tags?post=270316"}],"curies":[{"name":"wp","href":"https:\/\/api.w.org\/{rel}","templated":true}]}}