{"id":27032,"date":"2025-04-15T17:04:10","date_gmt":"2025-04-15T17:04:10","guid":{"rendered":"https:\/\/www.europesays.com\/fr\/27032\/"},"modified":"2025-04-15T17:04:10","modified_gmt":"2025-04-15T17:04:10","slug":"aston-villa-psg-victime-de-la-remontada-avec-paris-emery-veut-croire-au-comeback-des-villans","status":"publish","type":"post","link":"https:\/\/www.europesays.com\/fr\/27032\/","title":{"rendered":"Aston Villa-PSG : victime de la \u00ab\u00a0remontada\u00a0\u00bb avec Paris, Emery veut croire au \u00ab\u00a0comeback\u00a0\u00bb des Villans"},"content":{"rendered":"<p>Battu 3-1 \u00e0 l&rsquo;aller par le PSG, Unai Emery veut croire au retour en fanfare d&rsquo;Aston Villa ce mardi en quart de finale retour de la Ligue des champions.Sur le banc des \u00ab\u00a0Villans\u00a0\u00bb depuis 2022, l&rsquo;ex-entra\u00eeneur parisien, victime de la \u00ab\u00a0remontada\u00a0\u00bb en 2017, souhaite \u00ab\u00a0\u00e9crire l&rsquo;histoire d&rsquo;Aston Villa\u00a0\u00bb.<a href=\"https:\/\/www.tf1info.fr\/actualite\/football-ligue-des-champions-2024-2025-une-nouvelle-ere-s-ouvre-psg-lille-monaco-brest-real-madrid-machester-city-13795\/\" rel=\"noopener\" class=\"jsx-3118104007 Link jsx-1428418400 jsx-2089987738\" target=\"_blank\"><\/p>\n<p style=\"font-weight:400\" class=\"jsx-1837267516\">Suivez la couverture compl\u00e8te<\/p>\n<p style=\"font-weight:800\" class=\"jsx-1837267516\">Ligue des champions 2024-2025 : le PSG \u00e0 la poursuite de son r\u00eave<\/p>\n<p><\/a><\/p>\n<p data-module=\"article-paragraph\" class=\"jsx-362436225 Paragraph Paragraph__End\">C\u2019\u00e9tait le 8 mars 2017. Le PSG d\u2019Unai Emery avait sombr\u00e9 au Camp Nou, humili\u00e9 6 buts \u00e0 1 par le FC Barcelone de Luis Enrique. Une \u00ab\u00a0remontada\u00a0\u00bb synonyme d\u2019\u00e9limination pour le club parisien, malgr\u00e9 quatre buts d\u2019avance apr\u00e8s sa d\u00e9monstration du match aller (4-0). Alors avec un retard de deux buts apr\u00e8s la d\u00e9faite 3-1 d\u2019Aston Villa contre le Paris Saint-Germain de Luis Enrique mercredi dernier, Unai Emery veut toujours croire \u00e0 une qualification des siens pour les demi-finales de la Ligue des champions. Et r\u00eave de jouer un mauvais tour \u00e0 son ancien club, ce mardi soir \u00e0 Birmingham (<a href=\"https:\/\/www.tf1info.fr\/sport\/direct-football-match-aston-villa-psg-en-ligue-des-champions-suivez-le-quart-de-finale-retour-2365206.html\" target=\"_blank\" rel=\"noopener\">\u00e0 21h00, en live comment\u00e9 sur TF1info<\/a>).<\/p>\n<p>Face au PSG, Emery veut \u00ab\u00a0\u00e9crire l&rsquo;histoire d&rsquo;Aston Villa\u00a0\u00bb<\/p>\n<p data-module=\"article-paragraph\" class=\"jsx-362436225 Paragraph Paragraph__End\">\u00ab\u00a0J&rsquo;ai des exp\u00e9riences de come-back, positives ou non, mais c&rsquo;est diff\u00e9rent cette fois\u00a0\u00bb, a r\u00e9pondu lundi le technicien basque en conf\u00e9rence de presse. \u00ab\u00a0Mais je ne vais pas rappeler ces exp\u00e9riences aux joueurs. Mon message se concentre sur une seule chose : sur la mani\u00e8re dont on va le faire ici\u00a0\u00bb, a insist\u00e9 Unai Emery, assurant vouloir \u00ab\u00a0\u00e9crire l\u2019histoire d\u2019Aston Villa\u00a0\u00bb.<\/p>\n<p data-module=\"article-paragraph\" class=\"jsx-362436225 Paragraph Paragraph__End\">Si les co\u00e9quipiers de <a href=\"https:\/\/www.tf1info.fr\/sport\/football-aston-villa-psg-ligue-des-champions-lucas-digne-l-ancien-parisien-devenu-cadre-des-villans-2365011.html\" target=\"_blank\" rel=\"noopener\">Lucas Digne<\/a> ne sont pas repartis de Paris avec le r\u00e9sultat esp\u00e9r\u00e9 mercredi dernier, tout reste possible pour l\u2019ancien coach du PSG (2016-2018). Et le troisi\u00e8me but, sign\u00e9 Nuno Mendes, encaiss\u00e9 par ses joueurs dans le temps additionnel ne modifie pas radicalement l\u2019\u00e9quation. \u00ab\u00a0Bien s\u00fbr, le fait qu&rsquo;ils aient gagn\u00e9 3-1 change quelque chose. Mais beaucoup ? Non. Pourquoi ? Parce que nous devons gagner\u00a0\u00bb, r\u00e9sume simplement Emery. \u00a0<\/p>\n<blockquote class=\"jsx-2786790838 Quote__Text\"><p>Si quelqu&rsquo;un doit renverser la situation, c&rsquo;est bien nous. Nous sommes impatients de relever ce d\u00e9fi.<\/p><\/blockquote>\n<p>Unai Emery, entra\u00eeneur d&rsquo;Aston Villa<\/p>\n<p data-module=\"article-paragraph\" class=\"jsx-362436225 Paragraph Paragraph__End\">Et le club anglais, qui peut compter sur <a href=\"https:\/\/www.tf1info.fr\/sport\/football-aston-villa-psg-ligue-des-champions-mais-pourquoi-le-prince-william-est-il-fan-des-villans-2365089.html\" target=\"_blank\" rel=\"noopener\">le soutien du Prince William<\/a>, encha\u00eene les bons r\u00e9sultats malgr\u00e9 la d\u00e9faite au match aller. Aston Villa, vainqueur de la Coupe des clubs champions en 1982, a remport\u00e9 huit de ses neuf derniers matchs toutes comp\u00e9titions confondues. \u00ab\u00a0Nous connaissons le PSG maintenant, a lanc\u00e9 Emery. Si quelqu&rsquo;un doit renverser la situation, c&rsquo;est bien nous. Nous sommes impatients de relever ce d\u00e9fi\u00a0\u00bb.<\/p>\n<ul class=\"jsx-658110588 ReadMoreArticle__List flex flex-column\">\n<li class=\"jsx-658110588\"><a href=\"https:\/\/www.tf1info.fr\/sport\/football-aston-villa-psg-ligue-des-champions-place-historique-du-football-anglais-devenue-presque-imprenable-2365235.html\" rel=\"noopener\" class=\"jsx-4233824444 Link flex\" target=\"_blank\"><img decoding=\"async\" src=\"https:\/\/www.europesays.com\/fr\/wp-content\/uploads\/2025\/04\/aston-villa-supporters-0ea2c1-0@1x.jpeg\" alt=\"Des supporters d'Aston Villa, en mars 2025.\" loading=\"lazy\" importance=\"low\" fetchpriority=\"low\" class=\"\" copyright=\"Adrian Dennis \/ AFP\"\/>\n<p class=\"jsx-658110588 ReadMoreArticle__Title\">Lire aussi<\/p>\n<p class=\"jsx-658110588\">Aston Villa, place historique du football anglais devenue (presque) imprenable<\/p>\n<p><\/a><\/li>\n<\/ul>\n<p data-module=\"article-paragraph\" class=\"jsx-362436225 Paragraph Paragraph__End\">Invaincus \u00e0 domicile en championnat et en coupe d\u2019Europe depuis ao\u00fbt, et une d\u00e9faite 2-0 \u00a0contre Arsenal, les Villans pourront aussi compter sur le soutien ind\u00e9fectible de leurs supporters. \u00ab\u00a0Nous devons croire en notre capacit\u00e9 \u00e0 battre le PSG et nous servir de Villa Park comme une forteresse\u00a0\u00bb, a appuy\u00e9 Unai Emery. Les Parisiens sont pr\u00e9venus. \u00a0<\/p>\n<p>Victor GAUTIER<\/p>\n","protected":false},"excerpt":{"rendered":"Battu 3-1 \u00e0 l&rsquo;aller par le PSG, Unai Emery veut croire au retour en fanfare d&rsquo;Aston Villa ce&hellip;\n","protected":false},"author":2,"featured_media":27033,"comment_status":"","ping_status":"","sticky":false,"template":"","format":"standard","meta":{"footnotes":""},"categories":[1888],"tags":[1111,11,1921,1777,674,1011,27,1922,447,6667,12,626,93,25,6254,133,4712],"class_list":{"0":"post-27032","1":"post","2":"type-post","3":"status-publish","4":"format-standard","5":"has-post-thumbnail","7":"category-paris","8":"tag-actu","9":"tag-actualites","10":"tag-article-video","11":"tag-eu","12":"tag-europe","13":"tag-fr","14":"tag-france","15":"tag-info","16":"tag-ligue-des-champions","17":"tag-ligue-des-champions-2024-2025-le-psg-a-la-poursuite-de-son-reve","18":"tag-news","19":"tag-paris","20":"tag-psg","21":"tag-republique-francaise","22":"tag-unai-emery","23":"tag-video","24":"tag-video-sports"},"share_on_mastodon":{"url":"","error":""},"_links":{"self":[{"href":"https:\/\/www.europesays.com\/fr\/wp-json\/wp\/v2\/posts\/27032","targetHints":{"allow":["GET"]}}],"collection":[{"href":"https:\/\/www.europesays.com\/fr\/wp-json\/wp\/v2\/posts"}],"about":[{"href":"https:\/\/www.europesays.com\/fr\/wp-json\/wp\/v2\/types\/post"}],"author":[{"embeddable":true,"href":"https:\/\/www.europesays.com\/fr\/wp-json\/wp\/v2\/users\/2"}],"replies":[{"embeddable":true,"href":"https:\/\/www.europesays.com\/fr\/wp-json\/wp\/v2\/comments?post=27032"}],"version-history":[{"count":0,"href":"https:\/\/www.europesays.com\/fr\/wp-json\/wp\/v2\/posts\/27032\/revisions"}],"wp:featuredmedia":[{"embeddable":true,"href":"https:\/\/www.europesays.com\/fr\/wp-json\/wp\/v2\/media\/27033"}],"wp:attachment":[{"href":"https:\/\/www.europesays.com\/fr\/wp-json\/wp\/v2\/media?parent=27032"}],"wp:term":[{"taxonomy":"category","embeddable":true,"href":"https:\/\/www.europesays.com\/fr\/wp-json\/wp\/v2\/categories?post=27032"},{"taxonomy":"post_tag","embeddable":true,"href":"https:\/\/www.europesays.com\/fr\/wp-json\/wp\/v2\/tags?post=27032"}],"curies":[{"name":"wp","href":"https:\/\/api.w.org\/{rel}","templated":true}]}}