{"id":270322,"date":"2025-07-24T11:25:10","date_gmt":"2025-07-24T11:25:10","guid":{"rendered":"https:\/\/www.europesays.com\/fr\/270322\/"},"modified":"2025-07-24T11:25:10","modified_gmt":"2025-07-24T11:25:10","slug":"fc-nantes-quel-etait-le-salaire-de-chidozie-awaziem-au-colorado-rapids","status":"publish","type":"post","link":"https:\/\/www.europesays.com\/fr\/270322\/","title":{"rendered":"FC Nantes. Quel \u00e9tait le salaire de Chidozie Awaziem au Colorado Rapids ?"},"content":{"rendered":"<p><img fetchpriority=\"high\" decoding=\"async\" width=\"620\" height=\"413\" src=\"https:\/\/www.europesays.com\/fr\/wp-content\/uploads\/2025\/07\/Chidozie-Awaziem-620x413.jpg\" alt=\"FC Nantes. Quel \u00e9tait le salaire de Chidozie Awaziem au Colorado Rapids ?\" class=\"wp-image-374316\"  \/>Retour en terrain connu pour Chidozie Awaziem. \u2013 @FCNantes<\/p>\n<p>Huit ans apr\u00e8s son premier passage en Loire-Atlantique, Chidozie Awaziem retrouve le <a href=\"https:\/\/sportune.20minutes.fr\/fc-nantes\" rel=\"nofollow noopener\" target=\"_blank\">FC Nantes<\/a> pour un engagement longue dur\u00e9e. Le d\u00e9fenseur nig\u00e9rian de 28 ans a paraph\u00e9 un contrat de trois saisons, jusqu\u2019en 2028, marquant son retour d\u00e9finitif chez les Canaris. Depuis son d\u00e9part de Nantes en 2018, Awaziem a enrichi son exp\u00e9rience \u00e0 travers l\u2019Europe et l\u2019Am\u00e9rique du Nord.<\/p>\n<p>Apr\u00e8s un retour \u00e0 Porto, il a \u00e9volu\u00e9 en Croatie, en Turquie, en Espagne avec Legan\u00e8s, avant de rejoindre la <a href=\"https:\/\/sportune.20minutes.fr\/major-league-soccer-mls\" rel=\"nofollow noopener\" target=\"_blank\">Major League Soccer<\/a> am\u00e9ricaine. Au <a href=\"https:\/\/sportune.20minutes.fr\/colorado-rapids\" rel=\"nofollow noopener\" target=\"_blank\">Colorado Rapids<\/a>, le d\u00e9fenseur central percevait un salaire de base de 1,08 million d\u2019euros, avec une r\u00e9mun\u00e9ration garantie totale de 1,19 million d\u2019euros, selon les donn\u00e9es officielles de la <a href=\"https:\/\/sportune.20minutes.fr\/major-league-soccer-mls\" rel=\"nofollow noopener\" target=\"_blank\">MLS<\/a>. Ses nouveaux \u00e9moluments avec le <a href=\"https:\/\/sportune.20minutes.fr\/fc-nantes\" rel=\"nofollow noopener\" target=\"_blank\">FC Nantes<\/a> ne sont pas connus.<\/p>\n<p>\u00ab\u00a0C\u2019est incroyable ! Je suis ravi d\u2019\u00eatre de retour ici. C\u2019est un vrai bonheur !\u00a0\u00bb, s\u2019enthousiasme Awaziem dans un entretien donn\u00e9 \u00e0 son nouveau club. Le joueur n\u2019a pas cach\u00e9 son attachement particulier au club nantais : \u00ab\u00a0Pour moi, Nantes, c\u2019est comme ma maison. Les gens sont adorables, le club est formidable.\u00a0\u00bb<\/p>\n<p>\u00ab\u00a0Ramener le FC Nantes vers les sommets\u00a0\u00bb<\/p>\n<p>Awaziem affiche des objectifs ambitieux pour ce nouveau chapitre nantais. \u00ab\u00a0Mon principal objectif est d\u2019aider l\u2019\u00e9quipe \u00e0 atteindre ses ambitions chaque saison. Je veux \u00e9galement contribuer \u00e0 remporter des troph\u00e9es, rivaliser au plus haut niveau face aux meilleures \u00e9quipes et ramener le <a href=\"https:\/\/sportune.20minutes.fr\/fc-nantes\" rel=\"nofollow noopener\" target=\"_blank\">FC Nantes<\/a> vers les sommets.\u00a0\u00bb<\/p>\n<p>Avec ce contrat jusqu\u2019en 2028, Awaziem s\u2019inscrit dans la dur\u00e9e \u00e0 Nantes. \u00ab\u00a0Je reviens pour prouver \u00e0 nouveau ma valeur et aider l\u2019\u00e9quipe \u00e0 atteindre le meilleur niveau possible. Je m\u2019engage \u00e0 donner 100% \u00e0 chaque occasion qui me sera offerte\u00a0\u00bb, promet-il aux supporters de La Beaujoire. Ce retour marque une nouvelle \u00e9tape dans la carri\u00e8re du joueur, qui retrouve un environnement familier apr\u00e8s un parcours international enrichissant.<\/p>\n","protected":false},"excerpt":{"rendered":"Retour en terrain connu pour Chidozie Awaziem. \u2013 @FCNantes Huit ans apr\u00e8s son premier passage en Loire-Atlantique, Chidozie&hellip;\n","protected":false},"author":2,"featured_media":270323,"comment_status":"","ping_status":"","sticky":false,"template":"","format":"standard","meta":{"footnotes":""},"categories":[2818],"tags":[1111,11,1777,674,462,1011,27,766,12,2636,25,969],"class_list":{"0":"post-270322","1":"post","2":"type-post","3":"status-publish","4":"format-standard","5":"has-post-thumbnail","7":"category-nantes","8":"tag-actu","9":"tag-actualites","10":"tag-eu","11":"tag-europe","12":"tag-fc-nantes","13":"tag-fr","14":"tag-france","15":"tag-nantes","16":"tag-news","17":"tag-pays-de-la-loire","18":"tag-republique-francaise","19":"tag-transfert"},"share_on_mastodon":{"url":"https:\/\/pubeurope.com\/@fr\/114907966611758284","error":""},"_links":{"self":[{"href":"https:\/\/www.europesays.com\/fr\/wp-json\/wp\/v2\/posts\/270322","targetHints":{"allow":["GET"]}}],"collection":[{"href":"https:\/\/www.europesays.com\/fr\/wp-json\/wp\/v2\/posts"}],"about":[{"href":"https:\/\/www.europesays.com\/fr\/wp-json\/wp\/v2\/types\/post"}],"author":[{"embeddable":true,"href":"https:\/\/www.europesays.com\/fr\/wp-json\/wp\/v2\/users\/2"}],"replies":[{"embeddable":true,"href":"https:\/\/www.europesays.com\/fr\/wp-json\/wp\/v2\/comments?post=270322"}],"version-history":[{"count":0,"href":"https:\/\/www.europesays.com\/fr\/wp-json\/wp\/v2\/posts\/270322\/revisions"}],"wp:featuredmedia":[{"embeddable":true,"href":"https:\/\/www.europesays.com\/fr\/wp-json\/wp\/v2\/media\/270323"}],"wp:attachment":[{"href":"https:\/\/www.europesays.com\/fr\/wp-json\/wp\/v2\/media?parent=270322"}],"wp:term":[{"taxonomy":"category","embeddable":true,"href":"https:\/\/www.europesays.com\/fr\/wp-json\/wp\/v2\/categories?post=270322"},{"taxonomy":"post_tag","embeddable":true,"href":"https:\/\/www.europesays.com\/fr\/wp-json\/wp\/v2\/tags?post=270322"}],"curies":[{"name":"wp","href":"https:\/\/api.w.org\/{rel}","templated":true}]}}