{"id":270326,"date":"2025-07-24T11:27:10","date_gmt":"2025-07-24T11:27:10","guid":{"rendered":"https:\/\/www.europesays.com\/fr\/270326\/"},"modified":"2025-07-24T11:27:10","modified_gmt":"2025-07-24T11:27:10","slug":"le-parquet-de-bordeaux-va-rouvrir-lenquete-sur-le-suicide-de-son-ex-femme-il-y-a-15-ans","status":"publish","type":"post","link":"https:\/\/www.europesays.com\/fr\/270326\/","title":{"rendered":"le parquet de Bordeaux va rouvrir l&rsquo;enqu\u00eate sur le suicide de son ex-femme, il y a 15 ans"},"content":{"rendered":"<p>Des all\u00e9gations <a href=\"https:\/\/www.laprovence.com\/article\/societe\/2515647265781115\/affaire-cantat-metoo-un-tournant-dans-le-traitement-mediatique-des-feminicides-selon-le-collectif-nous-toutes\" target=\"_blank\" rel=\"noopener\">de violences physiques et psychologiques ont \u00e9t\u00e9 formul\u00e9es<\/a> \u00e0 l&rsquo;encontre du chanteur de Noir D\u00e9sir, comme le rappelle <a href=\"https:\/\/www.laprovence.com\/article\/faits-divers-justice\/2467422864985315\/affaire-cantat-de-fait-divers-a-fait-societal-son-traitement-mediatique-raconte-au-travers-des-articles-de-la-provence\" target=\"_blank\" rel=\"noopener\">le documentaire \u00ab\u00a0De rock star \u00e0 tueur\u00a0: le cas Cantat\u00a0\u00bb<\/a> diffus\u00e9 sur Netflix depuis le 27 mars, mais Krisztina R\u00e1dy avait toujours affirm\u00e9 publiquement n&rsquo;avoir jamais subi de violences de la part de celui-ci. En 2018, une nouvelle enqu\u00eate avait \u00e9t\u00e9 ouverte \u00e0 la suite de ces accusations, mais sans pouvoir \u00e9tablir de lien entre son suicide et des violences pr\u00e9sum\u00e9es.<\/p>\n<p>\u00c9tablir une v\u00e9rit\u00e9 judiciaire sur cette affaire<\/p>\n<p>Le parquet de Bordeaux rouvre le dossier, sous l&rsquo;impulsion du procureur g\u00e9n\u00e9ral de Bordeaux, \u00c9ric Corbaux, tr\u00e8s impliqu\u00e9 dans la lutte contre les violences intrafamiliales, sous la forme d&rsquo;une enqu\u00eate pr\u00e9liminaire pour violences volontaires par conjoint, r\u00e9v\u00e8le <a href=\"https:\/\/www.rtl.fr\/actu\/justice-faits-divers\/info-rtl-bertrand-cantat-le-parquet-de-bordeaux-decide-de-rouvrir-l-enquete-sur-le-suicide-de-son-ex-femme-7900525487\" target=\"_blank\" rel=\"noopener\">RTL<\/a>, ce jeudi 24 juillet.<\/p>\n<p>Le procureur de la R\u00e9publique de Bordeaux, Renaud Gaudeul, a d\u00e9cid\u00e9 de rassembler tous les morceaux de la proc\u00e9dure class\u00e9e en juillet 2018, indiquent nos confr\u00e8res, qui d\u00e9taillent\u00a0: \u00ab\u00a0Il s&rsquo;agit de reprendre l&rsquo;enqu\u00eate, d&rsquo;entendre les diff\u00e9rents protagonistes et \u00e9ventuellement de rechercher d&rsquo;autres victimes potentielles afin d&rsquo;\u00e9tablir une v\u00e9rit\u00e9 judiciaire sur cette affaire\u00a0\u00bb.<\/p>\n","protected":false},"excerpt":{"rendered":"Des all\u00e9gations de violences physiques et psychologiques ont \u00e9t\u00e9 formul\u00e9es \u00e0 l&rsquo;encontre du chanteur de Noir D\u00e9sir, comme&hellip;\n","protected":false},"author":2,"featured_media":270327,"comment_status":"","ping_status":"","sticky":false,"template":"","format":"standard","meta":{"footnotes":""},"categories":[2817],"tags":[17,1111,11,22108,1997,8632,4440,1067,1777,674,274,1011,27,40955,12,2219,13979,25,5748],"class_list":{"0":"post-270326","1":"post","2":"type-post","3":"status-publish","4":"format-standard","5":"has-post-thumbnail","7":"category-bordeaux","8":"tag-17","9":"tag-actu","10":"tag-actualites","11":"tag-bertrand","12":"tag-bordeaux","13":"tag-cantat","14":"tag-dune","15":"tag-enquete","16":"tag-eu","17":"tag-europe","18":"tag-faits-divers-justice","19":"tag-fr","20":"tag-france","21":"tag-lex-epouse","22":"tag-news","23":"tag-nouvelle-aquitaine","24":"tag-reouverture","25":"tag-republique-francaise","26":"tag-suicide"},"share_on_mastodon":{"url":"https:\/\/pubeurope.com\/@fr\/114907974486533359","error":""},"_links":{"self":[{"href":"https:\/\/www.europesays.com\/fr\/wp-json\/wp\/v2\/posts\/270326","targetHints":{"allow":["GET"]}}],"collection":[{"href":"https:\/\/www.europesays.com\/fr\/wp-json\/wp\/v2\/posts"}],"about":[{"href":"https:\/\/www.europesays.com\/fr\/wp-json\/wp\/v2\/types\/post"}],"author":[{"embeddable":true,"href":"https:\/\/www.europesays.com\/fr\/wp-json\/wp\/v2\/users\/2"}],"replies":[{"embeddable":true,"href":"https:\/\/www.europesays.com\/fr\/wp-json\/wp\/v2\/comments?post=270326"}],"version-history":[{"count":0,"href":"https:\/\/www.europesays.com\/fr\/wp-json\/wp\/v2\/posts\/270326\/revisions"}],"wp:featuredmedia":[{"embeddable":true,"href":"https:\/\/www.europesays.com\/fr\/wp-json\/wp\/v2\/media\/270327"}],"wp:attachment":[{"href":"https:\/\/www.europesays.com\/fr\/wp-json\/wp\/v2\/media?parent=270326"}],"wp:term":[{"taxonomy":"category","embeddable":true,"href":"https:\/\/www.europesays.com\/fr\/wp-json\/wp\/v2\/categories?post=270326"},{"taxonomy":"post_tag","embeddable":true,"href":"https:\/\/www.europesays.com\/fr\/wp-json\/wp\/v2\/tags?post=270326"}],"curies":[{"name":"wp","href":"https:\/\/api.w.org\/{rel}","templated":true}]}}