{"id":270328,"date":"2025-07-24T11:28:18","date_gmt":"2025-07-24T11:28:18","guid":{"rendered":"https:\/\/www.europesays.com\/fr\/270328\/"},"modified":"2025-07-24T11:28:18","modified_gmt":"2025-07-24T11:28:18","slug":"ze-funky-family-en-concert-aux-terrasses-musicales-de-caussade-tarn-et-garonne-caussade","status":"publish","type":"post","link":"https:\/\/www.europesays.com\/fr\/270328\/","title":{"rendered":"ZE Funky Family en concert aux terrasses musicales de Caussade. &#8211; Tarn et Garonne &#8211; Caussade"},"content":{"rendered":"<p>                    <img width=\"2560\" height=\"1920\" src=\"https:\/\/www.europesays.com\/fr\/wp-content\/uploads\/2025\/07\/P1070752-1-scaled.jpg\" class=\"img-fluid landscape wp-post-image\" alt=\"Mad lors de la premi\u00e8re soir\u00e9e\" itemprop=\"image\" decoding=\"async\" fetchpriority=\"high\"  \/>                    <\/p>\n<p itemprop=\"name\">\n                                                Mad lors de la premi\u00e8re soir\u00e9e<br \/>\n                         Cr\u00e9dits :<br \/>\n                            CP\n                                                <\/p>\n<p>Deuxi\u00e8me concertaux terrasses musicales de Caussade avec le groupe Ze Funky Gamily, groupe toulousain compos\u00e9 de quatre \u00e9l\u00e9ments avec cuivres pour un concert g\u00e9n\u00e9raliste vari\u00e9t\u00e9 ou tribute Tina Turner, Motown ou Aretha Franklin.Il est important de r\u00e9server ses places en terrasses des brasseries.<\/p>\n<p>                Cet article est r\u00e9serv\u00e9 aux abonn\u00e9s.<\/p>\n<p class=\"signature\" itemscope=\"\" itemprop=\"Author\" itemtype=\"http:\/\/schema.org\/Person\">\n                CP\n            <\/p>\n","protected":false},"excerpt":{"rendered":"Mad lors de la premi\u00e8re soir\u00e9e Cr\u00e9dits : CP Deuxi\u00e8me concertaux terrasses musicales de Caussade avec le groupe&hellip;\n","protected":false},"author":2,"featured_media":270329,"comment_status":"","ping_status":"","sticky":false,"template":"","format":"standard","meta":{"footnotes":""},"categories":[2816],"tags":[1111,11,1777,674,1011,27,12,2680,301,25,2312],"class_list":{"0":"post-270328","1":"post","2":"type-post","3":"status-publish","4":"format-standard","5":"has-post-thumbnail","7":"category-toulouse","8":"tag-actu","9":"tag-actualites","10":"tag-eu","11":"tag-europe","12":"tag-fr","13":"tag-france","14":"tag-news","15":"tag-occitanie","16":"tag-premium","17":"tag-republique-francaise","18":"tag-toulouse"},"share_on_mastodon":{"url":"https:\/\/pubeurope.com\/@fr\/114907978530683269","error":""},"_links":{"self":[{"href":"https:\/\/www.europesays.com\/fr\/wp-json\/wp\/v2\/posts\/270328","targetHints":{"allow":["GET"]}}],"collection":[{"href":"https:\/\/www.europesays.com\/fr\/wp-json\/wp\/v2\/posts"}],"about":[{"href":"https:\/\/www.europesays.com\/fr\/wp-json\/wp\/v2\/types\/post"}],"author":[{"embeddable":true,"href":"https:\/\/www.europesays.com\/fr\/wp-json\/wp\/v2\/users\/2"}],"replies":[{"embeddable":true,"href":"https:\/\/www.europesays.com\/fr\/wp-json\/wp\/v2\/comments?post=270328"}],"version-history":[{"count":0,"href":"https:\/\/www.europesays.com\/fr\/wp-json\/wp\/v2\/posts\/270328\/revisions"}],"wp:featuredmedia":[{"embeddable":true,"href":"https:\/\/www.europesays.com\/fr\/wp-json\/wp\/v2\/media\/270329"}],"wp:attachment":[{"href":"https:\/\/www.europesays.com\/fr\/wp-json\/wp\/v2\/media?parent=270328"}],"wp:term":[{"taxonomy":"category","embeddable":true,"href":"https:\/\/www.europesays.com\/fr\/wp-json\/wp\/v2\/categories?post=270328"},{"taxonomy":"post_tag","embeddable":true,"href":"https:\/\/www.europesays.com\/fr\/wp-json\/wp\/v2\/tags?post=270328"}],"curies":[{"name":"wp","href":"https:\/\/api.w.org\/{rel}","templated":true}]}}