{"id":270340,"date":"2025-07-24T11:34:10","date_gmt":"2025-07-24T11:34:10","guid":{"rendered":"https:\/\/www.europesays.com\/fr\/270340\/"},"modified":"2025-07-24T11:34:10","modified_gmt":"2025-07-24T11:34:10","slug":"a-lyon-les-ecologistes-installent-des-bancs-particuliers-rue-de-la-re","status":"publish","type":"post","link":"https:\/\/www.europesays.com\/fr\/270340\/","title":{"rendered":"\u00e0 Lyon, les \u00e9cologistes installent des bancs particuliers rue de la R\u00e9"},"content":{"rendered":"<p itemprop=\"description\"><strong>Les \u00e9lus \u00e9cologistes ne veulent prendre aucun risque sur la rue de la R\u00e9.<\/strong><\/p>\n<p>La rue de la R\u00e9publique, art\u00e8re principale de la Presqu&rsquo;\u00eele de Lyon, a connu un \u00e9v\u00e8nement marquant le 21 juin dernier. Dans le cadre de la mise en place de la zone \u00e0 trafic limit\u00e9 (ZTL), l&rsquo;axe a \u00e9t\u00e9 enti\u00e8rement pi\u00e9tonnis\u00e9. De ce fait, plus aucun v\u00e9hicule ne peut circuler dans ce secteur, hormis les livreurs.<\/p>\n<p>Dans un premier temps, des blocs carr\u00e9s avaient \u00e9t\u00e9 install\u00e9s pour emp\u00eacher d&rsquo;\u00e9ventuels v\u00e9hicules et bus pas au courant de circuler. Ensuite, des bandes r\u00e9fl\u00e9chissantes ont \u00e9t\u00e9 peintes le long de la rue.<\/p>\n<p>Et enfin, en d\u00e9but de semaine, des travaux ont repris pour installer des bancs de pierre tr\u00e8s bas et en forme de serpentins pour permettre aux passants de s\u2019asseoir un instant au niveau des Cordeliers. Des \u00ab\u00a0boudins blancs\u00a0\u00bb d\u00e9j\u00e0 fortement critiqu\u00e9s sur les r\u00e9seaux sociaux, et qui s&rsquo;int\u00e8grent dans une logique de r\u00e9appropriation de l&rsquo;espace public par les Lyonnais. Un urbanisme tactique vou\u00e9 \u00e0 \u00eatre temporaire.<\/p>\n<p><img loading=\"lazy\" decoding=\"async\" style=\"display: block; margin-left: auto; margin-right: auto;\" src=\"https:\/\/www.europesays.com\/fr\/wp-content\/uploads\/2025\/07\/dsc-9088-63086.jpg\" alt=\"\" width=\"600\" height=\"450\"\/><\/p>\n<p>Pour le moment, personne n&rsquo;ose s&rsquo;y installer. Ce samedi sera donc un premier r\u00e9v\u00e9lateur.<\/p>\n<p>Apr\u00e8s <a href=\"https:\/\/www.lyonmag.com\/article\/145369\/lyon-tissage-urbain-l-oeuvre-clivante-de-la-place-bellecour-est-enfin-terminee\" target=\"_blank\" rel=\"noopener\">Tissage Urbain place Bellecour<\/a>, se dirige-t-on vers un nouvel am\u00e9nagement dont la beaut\u00e9 et l&rsquo;utilit\u00e9, voire le co\u00fbt seront remis en question ? Seront-ils enlev\u00e9s lors des grands \u00e9v\u00e8nements comme la F\u00eate des Lumi\u00e8res o\u00f9 les rues de Lyon sont noires de monde ?<\/p>\n","protected":false},"excerpt":{"rendered":"Les \u00e9lus \u00e9cologistes ne veulent prendre aucun risque sur la rue de la R\u00e9. La rue de la&hellip;\n","protected":false},"author":2,"featured_media":270341,"comment_status":"","ping_status":"","sticky":false,"template":"","format":"standard","meta":{"footnotes":""},"categories":[1889],"tags":[1111,11,2813,2190,2430,1109,251,1112,2811,1777,674,118,1011,27,1922,1110,1114,2428,2810,12,241,316,25,2812,517,800],"class_list":{"0":"post-270340","1":"post","2":"type-post","3":"status-publish","4":"format-standard","5":"has-post-thumbnail","7":"category-lyon","8":"tag-actu","9":"tag-actualites","10":"tag-article","11":"tag-asvel","12":"tag-auvergne-rhone-alpes","13":"tag-breves","14":"tag-culture","15":"tag-depeches","16":"tag-economique","17":"tag-eu","18":"tag-europe","19":"tag-faits-divers","20":"tag-fr","21":"tag-france","22":"tag-info","23":"tag-informations","24":"tag-infos","25":"tag-lyon","26":"tag-lyonmag","27":"tag-news","28":"tag-ol","29":"tag-politique","30":"tag-republique-francaise","31":"tag-sociale","32":"tag-sport","33":"tag-transports"},"share_on_mastodon":{"url":"https:\/\/pubeurope.com\/@fr\/114908002130829557","error":""},"_links":{"self":[{"href":"https:\/\/www.europesays.com\/fr\/wp-json\/wp\/v2\/posts\/270340","targetHints":{"allow":["GET"]}}],"collection":[{"href":"https:\/\/www.europesays.com\/fr\/wp-json\/wp\/v2\/posts"}],"about":[{"href":"https:\/\/www.europesays.com\/fr\/wp-json\/wp\/v2\/types\/post"}],"author":[{"embeddable":true,"href":"https:\/\/www.europesays.com\/fr\/wp-json\/wp\/v2\/users\/2"}],"replies":[{"embeddable":true,"href":"https:\/\/www.europesays.com\/fr\/wp-json\/wp\/v2\/comments?post=270340"}],"version-history":[{"count":0,"href":"https:\/\/www.europesays.com\/fr\/wp-json\/wp\/v2\/posts\/270340\/revisions"}],"wp:featuredmedia":[{"embeddable":true,"href":"https:\/\/www.europesays.com\/fr\/wp-json\/wp\/v2\/media\/270341"}],"wp:attachment":[{"href":"https:\/\/www.europesays.com\/fr\/wp-json\/wp\/v2\/media?parent=270340"}],"wp:term":[{"taxonomy":"category","embeddable":true,"href":"https:\/\/www.europesays.com\/fr\/wp-json\/wp\/v2\/categories?post=270340"},{"taxonomy":"post_tag","embeddable":true,"href":"https:\/\/www.europesays.com\/fr\/wp-json\/wp\/v2\/tags?post=270340"}],"curies":[{"name":"wp","href":"https:\/\/api.w.org\/{rel}","templated":true}]}}