{"id":270348,"date":"2025-07-24T11:38:10","date_gmt":"2025-07-24T11:38:10","guid":{"rendered":"https:\/\/www.europesays.com\/fr\/270348\/"},"modified":"2025-07-24T11:38:10","modified_gmt":"2025-07-24T11:38:10","slug":"un-homme-mis-en-examen-pour-avoir-enleve-et-viole-une-fillette-de-10-ans","status":"publish","type":"post","link":"https:\/\/www.europesays.com\/fr\/270348\/","title":{"rendered":"un homme mis en examen pour avoir enlev\u00e9 et viol\u00e9 une fillette de 10 ans"},"content":{"rendered":"<p>            Par<br \/>\n        <strong><br \/>\n            <a href=\"https:\/\/actu.fr\/auteur\/antoine-blanchet\" title=\"Consulter tous les articles de Antoine Blanchet\" rel=\"nofollow noopener\" target=\"_blank\">Antoine Blanchet<\/a><br \/>\n        <\/strong><\/p>\n<p>        Publi\u00e9 le<\/p>\n<p>            24 juil. 2025 \u00e0 12h08        <\/p>\n<p>Une affaire effroyable et sordide. Dimanche 20 juillet 2025, un homme a \u00e9t\u00e9 mis en examen pour <strong>viol aggrav\u00e9 commis sur une fillette de 10 ans<\/strong> \u00e0 <a href=\"https:\/\/actu.fr\/ile-de-france\/stains_93072\" rel=\"nofollow noopener\" target=\"_blank\">Stains<\/a> (<a href=\"https:\/\/actu.fr\/ile-de-france\/seine-saint-denis_93\" rel=\"nofollow noopener\" target=\"_blank\">Seine-Saint-Denis<\/a>), nous indique le <a href=\"https:\/\/actu.fr\/tag\/tribunal-de-bobigny\" rel=\"nofollow noopener\" target=\"_blank\">parquet de Bobigny<\/a>, confirmant une information du <a href=\"https:\/\/www.leparisien.fr\/seine-saint-denis-93\/stains-un-homme-incarcere-apres-avoir-enleve-et-viole-une-fillette-de-10-ans-23-07-2025-2GLNHVPUWJE3XAPKTF63PPVLYE.php\" rel=\"nofollow noopener\" target=\"_blank\">Parisien<\/a>. Il a \u00e9t\u00e9 plac\u00e9 en d\u00e9tention provisoire.\u00a0<\/p>\n<p>Enlev\u00e9e en pleine rue\u00a0<\/p>\n<p class=\" wall-content\">Les faits se sont d\u00e9roul\u00e9s jeudi 17 juillet 2025. La victime allait chercher du pain, lorsqu\u00a0\u00bbau niveau de la <strong>place Marcel Pontet<\/strong>, un homme l\u2019aurait contrainte \u00e0 le suivre \u00e0 son domicile. C\u2019est l\u00e0 qu\u2019il l\u2019aurait viol\u00e9e.\u00a0<\/p>\n<p class=\" wall-content\">C\u2019est par le biais du t\u00e9moignage de la jeune fille que le suspect a pu \u00eatre retrouv\u00e9 par les enqu\u00eateurs de la s\u00fbret\u00e9 territoriale. Mis en examen <a href=\"https:\/\/actu.fr\/tag\/violences-sexuelles\" rel=\"nofollow noopener\" target=\"_blank\">pour viol aggrav\u00e9<\/a>, il risque <strong>20 ans de r\u00e9clusion criminelle.\u00a0<\/strong><\/p>\n<p class=\" wall-content\">Suivez toute l\u2019actualit\u00e9 de vos villes et m\u00e9dias favoris en vous inscrivant \u00e0 <a href=\"https:\/\/moncompte.actu.fr\" title=\"D\u00e9couvez Mon Actu\" rel=\"nofollow noopener\" data-trk=\"{&quot;cta&quot;:{&quot;action&quot;:&quot;https:\\\/\\\/moncompte.actu.fr&quot;,&quot;category&quot;:&quot;mon compte&quot;,&quot;from&quot;:&quot;article footer&quot;,&quot;name&quot;:&quot;Mon actu&quot;,&quot;type&quot;:&quot;cta&quot;}}\" target=\"_blank\">Mon Actu<\/a>.<\/p>\n<ul class=\"ac-article-tag wall-content\">\n<li><a href=\"https:\/\/actu.fr\/tag\/justice\" data-trk=\"{&quot;cta&quot;:{&quot;action&quot;:&quot;Justice&quot;,&quot;category&quot;:&quot;tag&quot;,&quot;from&quot;:&quot;article footer&quot;,&quot;name&quot;:&quot;Justice&quot;,&quot;type&quot;:&quot;cta&quot;}}\" rel=\"nofollow noopener\" target=\"_blank\">#Justice<\/a><\/li>\n<li><a href=\"https:\/\/actu.fr\/tag\/violences-sexuelles\" data-trk=\"{&quot;cta&quot;:{&quot;action&quot;:&quot;Violences sexuelles&quot;,&quot;category&quot;:&quot;tag&quot;,&quot;from&quot;:&quot;article footer&quot;,&quot;name&quot;:&quot;Violences sexuelles&quot;,&quot;type&quot;:&quot;cta&quot;}}\" rel=\"nofollow noopener\" target=\"_blank\">#Violences sexuelles<\/a><\/li>\n<\/ul>\n","protected":false},"excerpt":{"rendered":"Par Antoine Blanchet Publi\u00e9 le 24 juil. 2025 \u00e0 12h08 Une affaire effroyable et sordide. Dimanche 20 juillet&hellip;\n","protected":false},"author":2,"featured_media":270349,"comment_status":"","ping_status":"","sticky":false,"template":"","format":"standard","meta":{"footnotes":""},"categories":[1888],"tags":[1111,1928,11,1927,1777,674,118,1011,27,303,12,1926,626,1925,25,799],"class_list":{"0":"post-270348","1":"post","2":"type-post","3":"status-publish","4":"format-standard","5":"has-post-thumbnail","7":"category-paris","8":"tag-actu","9":"tag-actu-paris","10":"tag-actualites","11":"tag-actualites-paris","12":"tag-eu","13":"tag-europe","14":"tag-faits-divers","15":"tag-fr","16":"tag-france","17":"tag-justice","18":"tag-news","19":"tag-news-paris","20":"tag-paris","21":"tag-paris-news","22":"tag-republique-francaise","23":"tag-violences-sexuelles"},"share_on_mastodon":{"url":"https:\/\/pubeurope.com\/@fr\/114908017892290185","error":""},"_links":{"self":[{"href":"https:\/\/www.europesays.com\/fr\/wp-json\/wp\/v2\/posts\/270348","targetHints":{"allow":["GET"]}}],"collection":[{"href":"https:\/\/www.europesays.com\/fr\/wp-json\/wp\/v2\/posts"}],"about":[{"href":"https:\/\/www.europesays.com\/fr\/wp-json\/wp\/v2\/types\/post"}],"author":[{"embeddable":true,"href":"https:\/\/www.europesays.com\/fr\/wp-json\/wp\/v2\/users\/2"}],"replies":[{"embeddable":true,"href":"https:\/\/www.europesays.com\/fr\/wp-json\/wp\/v2\/comments?post=270348"}],"version-history":[{"count":0,"href":"https:\/\/www.europesays.com\/fr\/wp-json\/wp\/v2\/posts\/270348\/revisions"}],"wp:featuredmedia":[{"embeddable":true,"href":"https:\/\/www.europesays.com\/fr\/wp-json\/wp\/v2\/media\/270349"}],"wp:attachment":[{"href":"https:\/\/www.europesays.com\/fr\/wp-json\/wp\/v2\/media?parent=270348"}],"wp:term":[{"taxonomy":"category","embeddable":true,"href":"https:\/\/www.europesays.com\/fr\/wp-json\/wp\/v2\/categories?post=270348"},{"taxonomy":"post_tag","embeddable":true,"href":"https:\/\/www.europesays.com\/fr\/wp-json\/wp\/v2\/tags?post=270348"}],"curies":[{"name":"wp","href":"https:\/\/api.w.org\/{rel}","templated":true}]}}