{"id":270350,"date":"2025-07-24T11:39:23","date_gmt":"2025-07-24T11:39:23","guid":{"rendered":"https:\/\/www.europesays.com\/fr\/270350\/"},"modified":"2025-07-24T11:39:23","modified_gmt":"2025-07-24T11:39:23","slug":"pourquoi-celine-dion-aurait-pu-etre-absente-de-la-ceremonie-des-jeux-olympiques-de-paris-2024","status":"publish","type":"post","link":"https:\/\/www.europesays.com\/fr\/270350\/","title":{"rendered":"Pourquoi C\u00e9line Dion aurait pu \u00eatre absente de la c\u00e9r\u00e9monie des Jeux Olympiques de Paris 2024"},"content":{"rendered":"<p>Ce jeudi 24 juillet 2025, sur le plateau de T\u00e9l\u00e9matin, Thierry Reboul, coordinateur des c\u00e9r\u00e9monies de Paris 2024, est revenu sur l&rsquo;exceptionnelle prestation de C\u00e9line Dion sur la Tour Eiffel en ouverture des Jeux. Une interpr\u00e9tation de L&rsquo;Hymne \u00e0 l&rsquo;amour d&rsquo;\u00c9dith Piaf que la diva canadienne tenait absolument \u00e0 chanter, malgr\u00e9 les conditions m\u00e9t\u00e9o tr\u00e8s d\u00e9favorables ce soir-l\u00e0.<\/p>\n<p>Le temps \u00e9tait comme suspendu, les yeux du monde entier braqu\u00e9s sur la plus Fran\u00e7aise des Qu\u00e9b\u00e9coises. Au bout de cette soir\u00e9e pluvieuse de juillet, \u00e0 l&rsquo;issue de la c\u00e9r\u00e9monie d&rsquo;ouverture des JO 2024 organis\u00e9s \u00e0 Paris, <a href=\"https:\/\/www.programme-tv.net\/news\/musique\/368124-celine-dion-pourquoi-la-star-s-est-elle-retrouvee-harnachee-a-la-tour-eiffel-a-3h-du-matin-la-veille-de-la-ceremonie-des-jo-de-paris\/\" data-api-deeplink=\"teleloisirs:\/\/news\/368124\" target=\"_blank\" rel=\"noopener\">C\u00e9line Dion a livr\u00e9 une version personnelle et bouleversante de L&rsquo;Hymne \u00e0 l&rsquo;amour<\/a> depuis le premier \u00e9tage de la Tour Eiffel, elle qui n&rsquo;avait plus chant\u00e9 en public depuis mars 2020. Atteinte du syndrome de la personne raide, une maladie auto-immune handicapante qui l&rsquo;a \u00e9loign\u00e9e de la sc\u00e8ne, la diva de 57 ans est apparue perch\u00e9e sur le c\u00e9l\u00e8bre monument parisien avec une sublime robe blanche et scintillante, alors que sa pr\u00e9sence avait fait l&rsquo;objet de rumeurs avant le coup d&rsquo;envoi de l&rsquo;\u00e9v\u00e9nement retransmis en mondovision. Ce jeudi 24 juillet 2025 sur le plateau de T\u00e9l\u00e9matin, Thierry Reboul, <a href=\"https:\/\/www.programme-tv.net\/news\/evenement\/jo-2024-jo-2024\/360608-on-sait-combien-tom-cruise-a-gagne-pour-participer-a-la-ceremonie-de-cloture-des-jo-de-paris-2024-et-cest-surprenant\/\" data-api-deeplink=\"teleloisirs:\/\/news\/360608\" target=\"_blank\" rel=\"noopener\">organisateur des c\u00e9r\u00e9monies des JO de Paris 2024<\/a>, est revenu sur cette s\u00e9quence inoubliable, marqu\u00e9e notamment par des conditions m\u00e9t\u00e9o tr\u00e8s d\u00e9favorables.<\/p>\n<p>                        C\u00e9line Dion absolument d\u00e9termin\u00e9e \u00e0 \u00ab\u00a0chanter l\u00e0-haut\u00a0\u00bb sur la Tour Eiffel<\/p>\n<p>Et ce n&rsquo;est certainement pas quelques gouttes qui allaient emp\u00eacher C\u00e9line Dion de reprendre \u00e0 sa mani\u00e8re le tube de l&rsquo;ic\u00f4ne fran\u00e7aise. \u00ab\u00a0J&rsquo;ai le souvenir absolu de C\u00e9line Dion et d&rsquo;un moment de flottement avec la pluie, o\u00f9 l&rsquo;entourage des artistes nous dit qu&rsquo;il faut peut-\u00eatre redescendre car la m\u00e9t\u00e9o n&rsquo;est pas bonne. Et C\u00e9line Dion qui dit &lsquo;moi vivante, tour Eiffel, je ne bougerai pas d&rsquo;ici !'\u00a0\u00bb, s&rsquo;est rem\u00e9mor\u00e9 Thierry Reboul face \u00e0 <a href=\"https:\/\/www.programme-tv.net\/biographie\/400763-ghiglia-johanna\/\" data-link-people=\"f6eec31b-8325-40e6-a6e3-e90c80f19074\" target=\"_blank\" rel=\"noopener\">Johanna Ghiglia<\/a><b> <\/b>et <a href=\"https:\/\/www.programme-tv.net\/biographie\/140262-boursier-jean-baptiste\/\" data-link-people=\"3a2950af-bc1c-4c37-b8d7-d1098701ad70\" target=\"_blank\" rel=\"noopener\">Jean-Baptiste Boursier<\/a>. L&rsquo;interpr\u00e8te de Pour que tu m&rsquo;aimes encore, <a href=\"https:\/\/www.programme-tv.net\/news\/people\/369115-nous-n-arrivons-pas-a-croire-que-tu-es-parti-le-message-emouvant-de-celine-dion-et-ses-fils-pour-l-anniversaire-de-la-mort-de-rene-angelil-photo\/\" data-api-deeplink=\"teleloisirs:\/\/news\/369115\" target=\"_blank\" rel=\"noopener\">qui a perdu son mari Ren\u00e9 Angelil en 2016<\/a>, a pu \u00eatre inqui\u00e8te \u00e0 cause de son \u00e9tat de sant\u00e9 fragile, mais jamais les conditions du ciel n&rsquo;ont entrav\u00e9 sa volont\u00e9 de reprendre L&rsquo;Hymne \u00e0 l&rsquo;amour. \u00ab\u00a0Elle me dit: &lsquo;que les choses soient bien claires : qu&rsquo;il vente, qu&rsquo;il neige, qu&rsquo;il pleuve, je chanterai l\u00e0-haut'\u00a0\u00bb, avait d\u00e9j\u00e0 confi\u00e9 Thomas Jolly, metteur en sc\u00e8ne de la c\u00e9r\u00e9monie d&rsquo;ouverture des Jeux olympiques de Paris, au micro de BFMTV en d\u00e9cembre dernier.<\/p>\n<p>            C\u00e9line Dion \u00ab\u00a0honor\u00e9e\u00a0\u00bb d&rsquo;avoir jou\u00e9 pour l&rsquo;ouverture des Jeux Olympiques 2024<\/p>\n<p>Sur Instagram, C\u00e9line Dion avait r\u00e9agi apr\u00e8s-coup sur <a href=\"https:\/\/www.programme-tv.net\/news\/evenement\/jo-2024-jo-2024\/362449-celine-dion-poste-un-message-enigmatique-concernant-sa-performance-memorable-aux-jo-2024-les-fans-s-enflamment\/\" data-api-deeplink=\"teleloisirs:\/\/news\/362449\" target=\"_blank\" rel=\"noopener\">cette performance tr\u00e8s acclam\u00e9e aux JO de Paris 2024<\/a>, qui marquait son retour sur sc\u00e8ne. \u00ab\u00a0Je suis honor\u00e9e d&rsquo;avoir jou\u00e9 ce soir, pour la c\u00e9r\u00e9monie d&rsquo;ouverture de Paris 2024, et si pleine de joie de revenir dans l&rsquo;une de mes villes pr\u00e9f\u00e9r\u00e9es !\u00a0\u00bb, pouvait-on notamment lire dans la l\u00e9gende d&rsquo;une photo accompagnant un portrait d&rsquo;elle, dans sa tenue de gala, en train de former un c\u0153ur avec ses mains.<\/p>\n","protected":false},"excerpt":{"rendered":"Ce jeudi 24 juillet 2025, sur le plateau de T\u00e9l\u00e9matin, Thierry Reboul, coordinateur des c\u00e9r\u00e9monies de Paris 2024,&hellip;\n","protected":false},"author":2,"featured_media":270351,"comment_status":"","ping_status":"","sticky":false,"template":"","format":"standard","meta":{"footnotes":""},"categories":[1888],"tags":[1111,1928,11,1927,244,37830,40957,1777,674,1011,27,23538,12,1926,626,1925,25,1421],"class_list":{"0":"post-270350","1":"post","2":"type-post","3":"status-publish","4":"format-standard","5":"has-post-thumbnail","7":"category-paris","8":"tag-actu","9":"tag-actu-paris","10":"tag-actualites","11":"tag-actualites-paris","12":"tag-commentaire","13":"tag-cu00e9line-dion","14":"tag-cu00e9ru00e9monie-douverture","15":"tag-eu","16":"tag-europe","17":"tag-fr","18":"tag-france","19":"tag-jeux-olympiques-paris-2024","20":"tag-news","21":"tag-news-paris","22":"tag-paris","23":"tag-paris-news","24":"tag-republique-francaise","25":"tag-zap"},"share_on_mastodon":{"url":"https:\/\/pubeurope.com\/@fr\/114908021789708342","error":""},"_links":{"self":[{"href":"https:\/\/www.europesays.com\/fr\/wp-json\/wp\/v2\/posts\/270350","targetHints":{"allow":["GET"]}}],"collection":[{"href":"https:\/\/www.europesays.com\/fr\/wp-json\/wp\/v2\/posts"}],"about":[{"href":"https:\/\/www.europesays.com\/fr\/wp-json\/wp\/v2\/types\/post"}],"author":[{"embeddable":true,"href":"https:\/\/www.europesays.com\/fr\/wp-json\/wp\/v2\/users\/2"}],"replies":[{"embeddable":true,"href":"https:\/\/www.europesays.com\/fr\/wp-json\/wp\/v2\/comments?post=270350"}],"version-history":[{"count":0,"href":"https:\/\/www.europesays.com\/fr\/wp-json\/wp\/v2\/posts\/270350\/revisions"}],"wp:featuredmedia":[{"embeddable":true,"href":"https:\/\/www.europesays.com\/fr\/wp-json\/wp\/v2\/media\/270351"}],"wp:attachment":[{"href":"https:\/\/www.europesays.com\/fr\/wp-json\/wp\/v2\/media?parent=270350"}],"wp:term":[{"taxonomy":"category","embeddable":true,"href":"https:\/\/www.europesays.com\/fr\/wp-json\/wp\/v2\/categories?post=270350"},{"taxonomy":"post_tag","embeddable":true,"href":"https:\/\/www.europesays.com\/fr\/wp-json\/wp\/v2\/tags?post=270350"}],"curies":[{"name":"wp","href":"https:\/\/api.w.org\/{rel}","templated":true}]}}