{"id":270354,"date":"2025-07-24T11:41:20","date_gmt":"2025-07-24T11:41:20","guid":{"rendered":"https:\/\/www.europesays.com\/fr\/270354\/"},"modified":"2025-07-24T11:41:20","modified_gmt":"2025-07-24T11:41:20","slug":"biffy-clyro-en-concert-unique-a-paris-le-1er-fevrier-2026-avec-rtl2","status":"publish","type":"post","link":"https:\/\/www.europesays.com\/fr\/270354\/","title":{"rendered":"Biffy Clyro en concert unique \u00e0 Paris le 1er f\u00e9vrier 2026 avec RTL2"},"content":{"rendered":"<p class=\"article-p mdl\"><strong>Biffy Clyro<\/strong> annonce son grand retour \u00e0 Paris avec un<strong> concert unique \u00e0 L\u2019Olympia le 1er f\u00e9vrier 2026<\/strong>, dans le cadre de sa prochaine tourn\u00e9e europ\u00e9enne\u00a0 \u00ab\u00a0The<strong> Futique Tour 2026<\/strong>\u00ab\u00a0, en partenariat avec RTL2.<\/p>\n<p class=\"article-p mdl\">Ce concert tr\u00e8s attendu accompagnera la sortie de leur nouvel album Futique, pr\u00e9vue pour le 26 septembre 2025, et sera l\u2019occasion de retrouver sur sc\u00e8ne l\u2019un des groupes les plus marquants de la <strong>sc\u00e8ne rock britannique contemporaine<\/strong>.<\/p>\n<p>            Deux d\u00e9cennies de puissance sc\u00e9nique<\/p>\n<p class=\"article-p mdl\">Depuis plus de vingt ans, <strong>Biffy Clyro<\/strong> \u00e9lectrise les sc\u00e8nes europ\u00e9ennes et s\u2019est impos\u00e9 comme l\u2019un des <strong>groupes phares du rock britannique<\/strong>. Compos\u00e9 de <strong>Simon Neil<\/strong> (chant, guitare) et des fr\u00e8res <strong>James et Ben Johnston<\/strong>\u00a0(basse et batterie), le trio \u00e9cossais est reconnu pour ses compositions ambitieuses, ses arrangements puissants et sa pr\u00e9sence sc\u00e9nique hors norme.<\/p>\n<p>                <img decoding=\"async\" alt=\"\" class=\"media-item lazy\" src=\"https:\/\/www.europesays.com\/fr\/wp-content\/uploads\/2025\/07\/1771098-biffy-clyro-en-concert-unique-a-paris-le-1er-fevrier-2026-avec-rtl2.jpg\"\/><\/p>\n<p>\n            Biffy Clyro en concert unique \u00e0 Paris le 1er f\u00e9vrier 2026 avec RTL2<\/p>\n<p>\n            Cr\u00e9dit : <\/p>\n<p class=\"article-p mdl\">Avec trois albums class\u00e9s n\u00b01 au Royaume-Uni, <strong>une s\u00e9rie de tourn\u00e9es \u00e0 guichets ferm\u00e9s<\/strong> et des prestations impressionnantes, notamment sur la Pyramid Stage de Glastonbury, le groupe a conquis un public fid\u00e8le, passionn\u00e9 et toujours plus nombreux.<\/p>\n<p>            Un nouvel album tr\u00e8s attendu<\/p>\n<p class=\"article-p mdl\">Pr\u00e9vu pour le 26 septembre 2025, Futique\u00a0s\u2019annonce comme une nouvelle \u00e9tape dans l\u2019\u00e9volution sonore du groupe. Le premier extrait, A Little Love, a \u00e9t\u00e9 d\u00e9sign\u00e9 \u00ab\u00a0Hottest Record in the World\u00a0\u00bb par\u00a0 BBC Radio 1, confirmant le retour en force du groupe sur le devant de la sc\u00e8ne.<\/p>\n<p class=\"article-p mdl\">Ce nouvel album marque <strong>un virage esth\u00e9tique<\/strong>, explorant des sonorit\u00e9s plus modernes tout en conservant l\u2019\u00e9nergie brute et l\u2019\u00e9motion \u00e0 fleur de peau qui ont toujours fait la signature de Biffy Clyro. Les fans peuvent s\u2019attendre \u00e0 un m\u00e9lange de puissance rock, de m\u00e9lodies cisel\u00e9es et de textes introspectifs.<\/p>\n<p>            L\u2019Olympia : une soir\u00e9e unique avec RTL2<\/p>\n<p class=\"article-p mdl\">La date du 1er f\u00e9vrier 2026 \u00e0 **L\u2019Olympia s\u2019annonce d\u00e9j\u00e0 comme *un rendez-vous immanquable pour les fans fran\u00e7ais. Dans l\u2019intimit\u00e9 de la mythique salle parisienne, Biffy Clyro proposera un show \u00e0 la hauteur de sa r\u00e9putation : <strong>intense, organique, et visc\u00e9ralement rock.<\/strong><\/p>\n<p>            Infos billetterie<\/p>\n<p class=\"article-p mdl\">&#8211; <strong>Pr\u00e9vente<\/strong> : mercredi 30 juillet \u00e0 11h\u00a0<a class=\"link\" href=\"https:\/\/www.aegpresents.fr\/biffy-clyro-paris-prevente-aeg\/\" target=\"_blank\" rel=\"noopener\">via ce lien<\/a><br \/>&#8211; <strong>Vente g\u00e9n\u00e9rale<\/strong> : jeudi 31 juillet \u00e0 11h sur\u00a0<a class=\"link\" href=\"https:\/\/www.aegpresents.fr\/event\/biffy-clyro\/\" target=\"_blank\" rel=\"noopener\">aegpresents.fr<\/a><br \/><strong>&#8211; Date<\/strong> : samedi 1er f\u00e9vrier 2026<br \/><strong>&#8211; Lieu<\/strong> :Olympia, Paris<\/p>\n<p><strong>Un \u00e9v\u00e9nement \u00e0 vivre\u00a0intens\u00e9ment\u00a0avec RTL2, la radio du live !<\/strong><\/p>\n<p>    La r\u00e9daction vous recommande<\/p>\n<p>\n                                    Lire la suite\n                                <\/p>\n","protected":false},"excerpt":{"rendered":"Biffy Clyro annonce son grand retour \u00e0 Paris avec un concert unique \u00e0 L\u2019Olympia le 1er f\u00e9vrier 2026,&hellip;\n","protected":false},"author":2,"featured_media":270355,"comment_status":"","ping_status":"","sticky":false,"template":"","format":"standard","meta":{"footnotes":""},"categories":[1888],"tags":[11,40958,1697,4046,1777,674,3696,1106,1011,27,4045,12,626,25],"class_list":{"0":"post-270354","1":"post","2":"type-post","3":"status-publish","4":"format-standard","5":"has-post-thumbnail","7":"category-paris","8":"tag-actualites","9":"tag-biffy-clyro","10":"tag-concert","11":"tag-concerts-rtl2","12":"tag-eu","13":"tag-europe","14":"tag-evenements","15":"tag-flash","16":"tag-fr","17":"tag-france","18":"tag-live-music","19":"tag-news","20":"tag-paris","21":"tag-republique-francaise"},"share_on_mastodon":{"url":"https:\/\/pubeurope.com\/@fr\/114908029518384561","error":""},"_links":{"self":[{"href":"https:\/\/www.europesays.com\/fr\/wp-json\/wp\/v2\/posts\/270354","targetHints":{"allow":["GET"]}}],"collection":[{"href":"https:\/\/www.europesays.com\/fr\/wp-json\/wp\/v2\/posts"}],"about":[{"href":"https:\/\/www.europesays.com\/fr\/wp-json\/wp\/v2\/types\/post"}],"author":[{"embeddable":true,"href":"https:\/\/www.europesays.com\/fr\/wp-json\/wp\/v2\/users\/2"}],"replies":[{"embeddable":true,"href":"https:\/\/www.europesays.com\/fr\/wp-json\/wp\/v2\/comments?post=270354"}],"version-history":[{"count":0,"href":"https:\/\/www.europesays.com\/fr\/wp-json\/wp\/v2\/posts\/270354\/revisions"}],"wp:featuredmedia":[{"embeddable":true,"href":"https:\/\/www.europesays.com\/fr\/wp-json\/wp\/v2\/media\/270355"}],"wp:attachment":[{"href":"https:\/\/www.europesays.com\/fr\/wp-json\/wp\/v2\/media?parent=270354"}],"wp:term":[{"taxonomy":"category","embeddable":true,"href":"https:\/\/www.europesays.com\/fr\/wp-json\/wp\/v2\/categories?post=270354"},{"taxonomy":"post_tag","embeddable":true,"href":"https:\/\/www.europesays.com\/fr\/wp-json\/wp\/v2\/tags?post=270354"}],"curies":[{"name":"wp","href":"https:\/\/api.w.org\/{rel}","templated":true}]}}