{"id":270356,"date":"2025-07-24T11:42:12","date_gmt":"2025-07-24T11:42:12","guid":{"rendered":"https:\/\/www.europesays.com\/fr\/270356\/"},"modified":"2025-07-24T11:42:12","modified_gmt":"2025-07-24T11:42:12","slug":"en-direct-ukraine-une-russe-tuee-dans-une-attaque-de-drone-ukrainien","status":"publish","type":"post","link":"https:\/\/www.europesays.com\/fr\/270356\/","title":{"rendered":"EN DIRECT &#8211; Ukraine : une Russe tu\u00e9e dans une attaque de drone ukrainien"},"content":{"rendered":"<ul class=\"jsx-862013697 ArticleChapo__List\">\n<li class=\"jsx-862013697 ArticleChapo__List_Item flex\">Une femme est morte et une autre a \u00e9t\u00e9 bless\u00e9e dans une attaque de drone ukrainien \u00e0 Sotchi, dans le sud de la Russie, ont indiqu\u00e9 ce jeudi les autorit\u00e9s russes.<\/li>\n<li class=\"jsx-862013697 ArticleChapo__List_Item flex\">Suivez les derni\u00e8res informations.<\/li>\n<\/ul>\n<p><a href=\"https:\/\/www.tf1info.fr\/actualite\/invasion-de-l-ukraine-par-la-russie-une-guerre-qui-dure-12951\/\" rel=\"noopener\" class=\"jsx-484472199 Link jsx-1428418400 jsx-554215408\" target=\"_blank\"><\/p>\n<p style=\"font-weight:400\" class=\"jsx-1837267516\">Suivez la couverture compl\u00e8te<\/p>\n<p style=\"font-weight:800\" class=\"jsx-1837267516\">Ukraine : 4\u1d49 ann\u00e9e de guerre<\/p>\n<p><\/a>Minute par minuteUN MORT \u00c0 SOTCHI09:15<\/p>\n<p>Une femme a \u00e9t\u00e9 tu\u00e9e et une autre a \u00e9t\u00e9 bless\u00e9e dans une attaque de drone ukrainien \u00e0 Sotchi, dans le sud de la Russie, ont indiqu\u00e9 jeudi les autorit\u00e9s russes sur Telegram, au lendemain d&rsquo;une nouvelle session de n\u00e9gociations russo-ukrainiennes \u00e0 Istanbul. \u00ab\u00a0Ce sont deux femmes qui se trouvaient dans la rue au moment de la chute des fragments\u00a0\u00bb, selon les autorit\u00e9s de la r\u00e9gion de Krasnodar.<\/p>\n<p>Au total, 42 drones ukrainiens ont \u00e9t\u00e9 intercept\u00e9s et d\u00e9truits par les forces antia\u00e9riennes russes dans la nuit de mercredi \u00e0 jeudi, dont sept dans cette m\u00eame r\u00e9gion, a affirm\u00e9 le minist\u00e8re russe de la D\u00e9fense, dans un communiqu\u00e9. Un des drones a touch\u00e9 une base p\u00e9troli\u00e8re \u00e0 Sirius, pr\u00e8s de Sotchi, a indiqu\u00e9 un responsable local, Dmitri Plichkine, sur Telegram.<\/p>\n<p>L&rsquo;APPEL DE L&rsquo;UE \u00c0 LA CHINE07:45<\/p>\n<p>En d\u00e9placement \u00e0 P\u00e9kin \u00e0 l&rsquo;occasion d&rsquo;un sommet Chine-UE, le pr\u00e9sident du Conseil europ\u00e9en Antonio Costa a exhort\u00e9 jeudi la Chine \u00e0 \u00ab\u00a0user de son influence sur la Russie\u00a0\u00bb pour mettre fin \u00e0 la guerre en Ukraine. \u00ab\u00a0En tant que membre permanent du Conseil de s\u00e9curit\u00e9 des Nations unies, nous appelons la Chine \u00e0 user de son influence sur la Russie (&#8230;) pour mettre fin (&#8230;) (\u00e0 la) guerre d&rsquo;agression contre l&rsquo;Ukraine\u00a0\u00bb, a-t-il d\u00e9clar\u00e9.<\/p>\n<p>DISCUSSIONS EN TURQUIE07:37<\/p>\n<p>Une nouvelle session de n\u00e9gociations de paix s&rsquo;est tenue \u00e0 Istanbul, mercredi soir. L&rsquo;Ukraine et la Russie ont trouv\u00e9 un accord sur un nouvel \u00e9change de prisonniers. Des propositions de tr\u00eaves et une rencontre entre les deux chefs d&rsquo;\u00c9tat ont \u00e9galement \u00e9t\u00e9 \u00e9voqu\u00e9es. On fait le point.<\/p>\n<p>International<img decoding=\"async\" src=\"https:\/\/www.europesays.com\/fr\/wp-content\/uploads\/2025\/07\/vladimir-medinski-istanbul-ukraine-russie-pourparlers-23-juillet-2025-894115-0@1x.jpeg\" alt=\"Propositions de tr\u00eaves et de rencontre Poutine-Zelensky, \u00e9change de prisonniers\u2026 Ce qui ressort des pourparlers entre Kiev et Moscou\" loading=\"lazy\" importance=\"low\" fetchpriority=\"low\" class=\"\" aria-hidden=\"true\"\/>BONJOUR07:35<\/p>\n<p>Bonjour \u00e0 tous et bienvenue dans ce direct consacr\u00e9 \u00e0 la guerre en Ukraine. Les Etats-Unis ont annonc\u00e9 mercredi avoir approuv\u00e9 une vente d&rsquo;armements \u00e0 l&rsquo;Ukraine visant notamment \u00e0 renforcer sa d\u00e9fense antia\u00e9rienne pour un montant de 322 millions de dollars. De nouveaux pourparlers entre Kiev et Moscou n&rsquo;ont permis aux deux camps de s&rsquo;accorder uniquement sur un nouvel \u00e9change de prisonniers.<\/p>\n<p data-module=\"article-paragraph\" class=\"jsx-3046738180 Paragraph\">Russes et Ukrainiens ont men\u00e9, mercredi 23 juillet au soir, une troisi\u00e8me session de n\u00e9gociations directes \u00e0 Istanbul. Les deux parties se sont accord\u00e9es sur un nouvel \u00e9change de prisonniers concernant 1.200 personnes de chaque c\u00f4t\u00e9, et Moscou a propos\u00e9 \u00e0 Kiev de lui remettre les corps de 3.000 nouveaux soldats, a annonc\u00e9 le n\u00e9gociateur russe. Il a ajout\u00e9 avoir propos\u00e9 \u00e0 Kiev des tr\u00eaves de \u00ab\u00a024 \u00e0 48 heures\u00a0\u00bb sur le front pour que les deux arm\u00e9es puissent r\u00e9cup\u00e9rer leurs tu\u00e9s et leurs bless\u00e9s. Par ailleurs, le chef de la d\u00e9l\u00e9gation ukrainienne a d\u00e9clar\u00e9 avoir propos\u00e9 \u00e0 Moscou une rencontre entre les pr\u00e9sidents Volodymyr Zelensky et Vladimir Poutine \u00ab\u00a0avant la fin du mois d&rsquo;ao\u00fbt\u00a0\u00bb.<\/p>\n<p data-module=\"article-paragraph\" class=\"jsx-3046738180 Paragraph Paragraph__End\">De leur c\u00f4t\u00e9, les \u00c9tats-Unis ont annonc\u00e9 avoir approuv\u00e9 une vente d&rsquo;armements \u00e0 l&rsquo;Ukraine visant notamment \u00e0 renforcer sa d\u00e9fense antia\u00e9rienne pour un montant de 322 millions de dollars, selon un communiqu\u00e9.\u00a0<\/p>\n<p data-module=\"article-paragraph\" class=\"jsx-3046738180 Paragraph\">Sur le terrain, les op\u00e9rations militaires se poursuivent. Dans la nuit, 71 drones russes ont vis\u00e9 l&rsquo;Ukraine, selon l&rsquo;arm\u00e9e de l&rsquo;air. Trois personnes ont \u00e9t\u00e9 tu\u00e9es dans la r\u00e9gion de Kherson (sud), d&rsquo;apr\u00e8s les autorit\u00e9s locales qui ont \u00e9galement fait \u00e9tat de neuf bless\u00e9s.\u00a0<\/p>\n<p data-module=\"article-paragraph\" class=\"jsx-3046738180 Paragraph Paragraph__End\">Pour sa part, l&rsquo;arm\u00e9e russe a affirm\u00e9 avoir neutralis\u00e9 pendant la nuit de mardi \u00e0 mercredi 33 drones ukrainiens lanc\u00e9s contre la Russie. Mercredi, le minist\u00e8re russe de la D\u00e9fense a revendiqu\u00e9 la conqu\u00eate d&rsquo;un nouveau village, Varatchyn\u00e9, dans la r\u00e9gion ukrainienne de Soumy (nord-est) o\u00f9, au cours de la nuit, des frappes de drones russes ont entra\u00een\u00e9 des coupures d&rsquo;\u00e9lectricit\u00e9 chez plus de 220.000 clients, selon M. Zelensky. \u00a0<\/p>\n<p>La r\u00e9daction de TF1info<\/p>\n","protected":false},"excerpt":{"rendered":"Une femme est morte et une autre a \u00e9t\u00e9 bless\u00e9e dans une attaque de drone ukrainien \u00e0 Sotchi,&hellip;\n","protected":false},"author":2,"featured_media":270357,"comment_status":"","ping_status":"","sticky":false,"template":"","format":"standard","meta":{"footnotes":""},"categories":[1591],"tags":[1111,11,1921,75,73,1887,28083,1922,1916,12,1885,1886,132,220,1917,133,1920,135,134],"class_list":{"0":"post-270356","1":"post","2":"type-post","3":"status-publish","4":"format-standard","5":"has-post-thumbnail","7":"category-russie","8":"tag-actu","9":"tag-actualites","10":"tag-article-video","11":"tag-donald-trump","12":"tag-etats-unis","13":"tag-federation-de-russie","14":"tag-guerre-en-ukraine-une-treve-sera-t-elle-possible","15":"tag-info","16":"tag-moscou","17":"tag-news","18":"tag-russia","19":"tag-russian-federation","20":"tag-russie","21":"tag-ukraine","22":"tag-ukraine-4-annee-de-guerre","23":"tag-video","24":"tag-video-international","25":"tag-vladimir-poutine","26":"tag-volodymyr-zelensky"},"share_on_mastodon":{"url":"https:\/\/pubeurope.com\/@fr\/114908033485397483","error":""},"_links":{"self":[{"href":"https:\/\/www.europesays.com\/fr\/wp-json\/wp\/v2\/posts\/270356","targetHints":{"allow":["GET"]}}],"collection":[{"href":"https:\/\/www.europesays.com\/fr\/wp-json\/wp\/v2\/posts"}],"about":[{"href":"https:\/\/www.europesays.com\/fr\/wp-json\/wp\/v2\/types\/post"}],"author":[{"embeddable":true,"href":"https:\/\/www.europesays.com\/fr\/wp-json\/wp\/v2\/users\/2"}],"replies":[{"embeddable":true,"href":"https:\/\/www.europesays.com\/fr\/wp-json\/wp\/v2\/comments?post=270356"}],"version-history":[{"count":0,"href":"https:\/\/www.europesays.com\/fr\/wp-json\/wp\/v2\/posts\/270356\/revisions"}],"wp:featuredmedia":[{"embeddable":true,"href":"https:\/\/www.europesays.com\/fr\/wp-json\/wp\/v2\/media\/270357"}],"wp:attachment":[{"href":"https:\/\/www.europesays.com\/fr\/wp-json\/wp\/v2\/media?parent=270356"}],"wp:term":[{"taxonomy":"category","embeddable":true,"href":"https:\/\/www.europesays.com\/fr\/wp-json\/wp\/v2\/categories?post=270356"},{"taxonomy":"post_tag","embeddable":true,"href":"https:\/\/www.europesays.com\/fr\/wp-json\/wp\/v2\/tags?post=270356"}],"curies":[{"name":"wp","href":"https:\/\/api.w.org\/{rel}","templated":true}]}}