{"id":27036,"date":"2025-04-15T17:06:09","date_gmt":"2025-04-15T17:06:09","guid":{"rendered":"https:\/\/www.europesays.com\/fr\/27036\/"},"modified":"2025-04-15T17:06:09","modified_gmt":"2025-04-15T17:06:09","slug":"discussions-entre-ukraine-royaume-uni-france-et-turquie-sur-la-securite-en-mer-noire-dit-zelensky-15-04-2025-a-1846","status":"publish","type":"post","link":"https:\/\/www.europesays.com\/fr\/27036\/","title":{"rendered":"Discussions entre Ukraine, Royaume-Uni, France et Turquie sur la s\u00e9curit\u00e9 en mer Noire, dit Zelensky &#8211; 15\/04\/2025 \u00e0 18:46"},"content":{"rendered":"<p>        <img fetchpriority=\"high\" decoding=\"async\" src=\"https:\/\/www.europesays.com\/fr\/wp-content\/uploads\/2025\/04\/e7760368c4658c91815f673c9f3d8b79-760x508.jpg\" alt=\"Mark Rutte et Volodimir Zelensky participent \u00e0 une r\u00e9union \u00e0 Odessa\" loading=\"eager\" width=\"760\" height=\"508\" style=\"max-width: 100%!important; height: auto;\"\/><\/p>\n<p class=\"c-image-news__legend\">Mark Rutte et Volodimir Zelensky participent \u00e0 une r\u00e9union \u00e0 Odessa<\/p>\n<p>\n Des repr\u00e9sentants ukrainiens, britanniques, fran\u00e7ais et turcs se r\u00e9unissent ce mardi en Turquie pour discuter de la s\u00e9curit\u00e9 en mer Noire, a fait savoir le pr\u00e9sident ukrainien Volodimir Zelensky, pr\u00e9cisant que les discussions s&rsquo;\u00e9taleraient sur deux journ\u00e9es.\n<\/p>\n<p>\n \u00ab\u00a0Il s&rsquo;agit d&rsquo;une r\u00e9union militaire sur la s\u00e9curit\u00e9 en mer Noire\u00a0\u00bb, a-t-il dit lors d&rsquo;une conf\u00e9rence de presse conjointe avec le secr\u00e9taire g\u00e9n\u00e9ral de l&rsquo;Otan, Mark Rutte, en visite dans la ville portuaire ukrainienne d&rsquo;Odessa.\n<\/p>\n<p>\n Ces discussions s&rsquo;inscrivent dans le cadre des efforts de la \u00ab\u00a0coalition des volontaires\u00a0\u00bb destin\u00e9s \u00e0 apporter \u00e0 Kyiv des garanties s\u00e9curitaires dans la perspective d&rsquo;un accord de cessez-le-feu avec la Russie.\n<\/p>\n<p>\n Plusieurs r\u00e9unions, \u00ab\u00a0en diff\u00e9rents formats\u00a0\u00bb, ont d\u00e9j\u00e0 eu lieu, a ajout\u00e9 Volodimir Zelensky, sans que l&rsquo;on ne sache dans l&rsquo;imm\u00e9diat si les discussions annonc\u00e9es sur la mer Noire avaient alors d\u00e9j\u00e0 d\u00e9but\u00e9 mardi.\n<\/p>\n<p>\n De son c\u00f4t\u00e9, Mark Rutte a rappel\u00e9 que la Turquie avait permis en 2022 la conclusion d&rsquo;un accord en mer Noire entre la Russie et l&rsquo;Ukraine concernant les exportations c\u00e9r\u00e9ali\u00e8res. \u00ab\u00a0Soyons positifs sur le fait que la Turquie, \u00e0 nouveau, tente de rassembler toutes les parties prenantes\u00a0\u00bb, a-t-il dit.\n<\/p>\n<p>\n Ankara peut jouer un r\u00f4le important s&rsquo;agissant de futures garanties s\u00e9curitaires en mer, a d\u00e9clar\u00e9 Volodimir Zelensky.\n<\/p>\n<p>\n (R\u00e9dig\u00e9 par Yuliia Dysa; version fran\u00e7aise Diana Mandia et Jean Terzian, \u00e9dit\u00e9 par Kate Entringer)<\/p>\n","protected":false},"excerpt":{"rendered":"Mark Rutte et Volodimir Zelensky participent \u00e0 une r\u00e9union \u00e0 Odessa Des repr\u00e9sentants ukrainiens, britanniques, fran\u00e7ais et turcs&hellip;\n","protected":false},"author":2,"featured_media":27037,"comment_status":"","ping_status":"","sticky":false,"template":"","format":"standard","meta":{"footnotes":""},"categories":[1590],"tags":[400,11,398,408,405,1777,674,403,402,399,404,12,401,406,220,407],"class_list":{"0":"post-27036","1":"post","2":"type-post","3":"status-publish","4":"format-standard","5":"has-post-thumbnail","7":"category-ukraine","8":"tag-action-cac-40","9":"tag-actualites","10":"tag-bourse-de-paris","11":"tag-boursorama","12":"tag-cotations","13":"tag-eu","14":"tag-europe","15":"tag-indices-devises","16":"tag-investir","17":"tag-investissement","18":"tag-marche-boursier","19":"tag-news","20":"tag-sicav","21":"tag-trackers","22":"tag-ukraine","23":"tag-warrants"},"share_on_mastodon":{"url":"https:\/\/pubeurope.com\/@fr\/114343076521355140","error":""},"_links":{"self":[{"href":"https:\/\/www.europesays.com\/fr\/wp-json\/wp\/v2\/posts\/27036","targetHints":{"allow":["GET"]}}],"collection":[{"href":"https:\/\/www.europesays.com\/fr\/wp-json\/wp\/v2\/posts"}],"about":[{"href":"https:\/\/www.europesays.com\/fr\/wp-json\/wp\/v2\/types\/post"}],"author":[{"embeddable":true,"href":"https:\/\/www.europesays.com\/fr\/wp-json\/wp\/v2\/users\/2"}],"replies":[{"embeddable":true,"href":"https:\/\/www.europesays.com\/fr\/wp-json\/wp\/v2\/comments?post=27036"}],"version-history":[{"count":0,"href":"https:\/\/www.europesays.com\/fr\/wp-json\/wp\/v2\/posts\/27036\/revisions"}],"wp:featuredmedia":[{"embeddable":true,"href":"https:\/\/www.europesays.com\/fr\/wp-json\/wp\/v2\/media\/27037"}],"wp:attachment":[{"href":"https:\/\/www.europesays.com\/fr\/wp-json\/wp\/v2\/media?parent=27036"}],"wp:term":[{"taxonomy":"category","embeddable":true,"href":"https:\/\/www.europesays.com\/fr\/wp-json\/wp\/v2\/categories?post=27036"},{"taxonomy":"post_tag","embeddable":true,"href":"https:\/\/www.europesays.com\/fr\/wp-json\/wp\/v2\/tags?post=27036"}],"curies":[{"name":"wp","href":"https:\/\/api.w.org\/{rel}","templated":true}]}}