{"id":270361,"date":"2025-07-24T11:45:10","date_gmt":"2025-07-24T11:45:10","guid":{"rendered":"https:\/\/www.europesays.com\/fr\/270361\/"},"modified":"2025-07-24T11:45:10","modified_gmt":"2025-07-24T11:45:10","slug":"la-turquie-et-le-royaume-uni-se-terminent-dans-le-typhoon-deal-apres-un-nouveau-pacte-de-defense","status":"publish","type":"post","link":"https:\/\/www.europesays.com\/fr\/270361\/","title":{"rendered":"La Turquie et le Royaume-Uni se terminent dans le Typhoon Deal apr\u00e8s un nouveau pacte de d\u00e9fense"},"content":{"rendered":"<p>La Turquie s\u2019est rapproch\u00e9e d\u2019une commande tant attendue pour le typhon Eurofighter, un accord qui garantirait une victoire \u00e0 l\u2019exportation vitale pour le type de plusieurs r\u00f4les.<\/p>\n<p>Ankara n\u2019a pas encore formalis\u00e9 son int\u00e9r\u00eat pour le typhon, mais le 23 juillet a convenu d\u2019un protocole d\u2019accord (MOU) avec le Royaume-Uni pour progresser l\u2019engagement.<\/p>\n<p>Sign\u00e9 par le ministre turc de la D\u00e9fense, Yasar Guler, et son homologue John Healy \u00e0 la foire internationale de l\u2019industrie de la d\u00e9fense \u00e0 Istanbul, le pacte \u00abcodifie la relation entre les pays, ce qui les rapprochait d\u2019un accord complet sur le typhon\u00bb.<\/p>\n<p>\u00abLes deux ministres accueillent la signature comme une \u00e9tape positive vers l\u2019amenant la Turquie dans le Typhoon Club et partagent une ambition mutuelle de conclure les dispositions n\u00e9cessaires d\u00e8s que possible\u00bb, a d\u00e9clar\u00e9 le minist\u00e8re britannique de la D\u00e9fense.<\/p>\n<p>Londres a dirig\u00e9 la campagne d\u2019exportation turque, les Jets \u00e0 assembler par BAE Systems dans le nord-ouest de l\u2019Angleterre.<\/p>\n<p>En l\u2019absence de tout nouvel engagement de son client domestique, une commande d\u2019Ankara est consid\u00e9r\u00e9e comme vitale pour maintenir les capacit\u00e9s d\u2019assemblage finales de BAE.<\/p>\n<p>\u00c0 l\u2019heure actuelle, le Royaume-Uni est le seul <strong>Quatre nations partenaires eurofighter<\/strong> sans un carnet de commandes de typhon exceptionnel, conduisant \u00e0 <strong>Les craintes du syndicat sur les emplois<\/strong>.<\/p>\n<p>Assayant l\u2019accord, Charles Woodburn, directeur g\u00e9n\u00e9ral de BAE, d\u00e9crit le protocole d\u2019accord entre le couple comme soulignant \u00abl\u2019importance de leur coop\u00e9ration de longue date de la d\u00e9fense \u00e0 travers l\u2019OTAN et le r\u00f4le critique que le typhon joue dans la s\u00e9curit\u00e9 et la d\u00e9fense en Europe et au Moyen-Orient.\u00bb<\/p>\n<p>Bae dit qu\u2019il \u00abcontinuera de travailler en \u00e9troite collaboration avec les gouvernements de la Turquie et du Royaume-Uni pour formaliser un accord pour l\u2019achat d\u2019avions de typhon et de fournitures associ\u00e9es en temps voulu\u00bb.<\/p>\n","protected":false},"excerpt":{"rendered":"La Turquie s\u2019est rapproch\u00e9e d\u2019une commande tant attendue pour le typhon Eurofighter, un accord qui garantirait une victoire&hellip;\n","protected":false},"author":2,"featured_media":270362,"comment_status":"","ping_status":"","sticky":false,"template":"","format":"standard","meta":{"footnotes":""},"categories":[1588],"tags":[11,150,1446,10083,554,1777,674,12,4565,40959,473,1853,1873,22620,3496,696,1851,1850,1852],"class_list":{"0":"post-270361","1":"post","2":"type-post","3":"status-publish","4":"format-standard","5":"has-post-thumbnail","7":"category-royaume-uni","8":"tag-actualites","9":"tag-apres","10":"tag-dans","11":"tag-deal","12":"tag-defense","13":"tag-eu","14":"tag-europe","15":"tag-news","16":"tag-nouveau","17":"tag-pacte","18":"tag-royaume-uni","19":"tag-royaume-uni-de-grande-bretagne-et-dirlande-du-nord","20":"tag-royaumeuni","21":"tag-terminent","22":"tag-turquie","23":"tag-typhoon","24":"tag-uk","25":"tag-united-kingdom","26":"tag-united-kingdom-of-great-britain-and-northern-ireland"},"share_on_mastodon":{"url":"","error":""},"_links":{"self":[{"href":"https:\/\/www.europesays.com\/fr\/wp-json\/wp\/v2\/posts\/270361","targetHints":{"allow":["GET"]}}],"collection":[{"href":"https:\/\/www.europesays.com\/fr\/wp-json\/wp\/v2\/posts"}],"about":[{"href":"https:\/\/www.europesays.com\/fr\/wp-json\/wp\/v2\/types\/post"}],"author":[{"embeddable":true,"href":"https:\/\/www.europesays.com\/fr\/wp-json\/wp\/v2\/users\/2"}],"replies":[{"embeddable":true,"href":"https:\/\/www.europesays.com\/fr\/wp-json\/wp\/v2\/comments?post=270361"}],"version-history":[{"count":0,"href":"https:\/\/www.europesays.com\/fr\/wp-json\/wp\/v2\/posts\/270361\/revisions"}],"wp:featuredmedia":[{"embeddable":true,"href":"https:\/\/www.europesays.com\/fr\/wp-json\/wp\/v2\/media\/270362"}],"wp:attachment":[{"href":"https:\/\/www.europesays.com\/fr\/wp-json\/wp\/v2\/media?parent=270361"}],"wp:term":[{"taxonomy":"category","embeddable":true,"href":"https:\/\/www.europesays.com\/fr\/wp-json\/wp\/v2\/categories?post=270361"},{"taxonomy":"post_tag","embeddable":true,"href":"https:\/\/www.europesays.com\/fr\/wp-json\/wp\/v2\/tags?post=270361"}],"curies":[{"name":"wp","href":"https:\/\/api.w.org\/{rel}","templated":true}]}}