{"id":270363,"date":"2025-07-24T11:46:09","date_gmt":"2025-07-24T11:46:09","guid":{"rendered":"https:\/\/www.europesays.com\/fr\/270363\/"},"modified":"2025-07-24T11:46:09","modified_gmt":"2025-07-24T11:46:09","slug":"vodafone-constate-une-amelioration-en-allemagne-apres-des-mois-difficiles","status":"publish","type":"post","link":"https:\/\/www.europesays.com\/fr\/270363\/","title":{"rendered":"Vodafone constate une am\u00e9lioration en Allemagne apr\u00e8s des mois difficiles"},"content":{"rendered":"<p>Le groupe britannique de t\u00e9l\u00e9phonie Vodafone, p\u00e9nalis\u00e9 l&rsquo;an dernier par ses difficult\u00e9s en Allemagne, a annonc\u00e9 jeudi une am\u00e9lioration sur ce march\u00e9 cl\u00e9 et une progression de son chiffre d&rsquo;affaires de 3,9% \u00e0 9,4 milliards d&rsquo;euros pour son premier trimestre d\u00e9cal\u00e9.<\/p>\n<p>\u00ab\u00a0L&rsquo;Allemagne a amorc\u00e9 une dynamique d&rsquo;am\u00e9lioration et nos march\u00e9s \u00e9mergents affichent une forte croissance g\u00e9n\u00e9ralis\u00e9e\u00a0\u00bb, au cours des trois mois achev\u00e9s fin juin, a r\u00e9sum\u00e9 la directrice g\u00e9n\u00e9rale Margherita Della Valle dans un communiqu\u00e9.<\/p>\n<p>En Allemagne, o\u00f9 le groupe p\u00e2tit depuis des mois d&rsquo;une r\u00e9forme du droit sur les abonnements de t\u00e9l\u00e9vision qui lui fait perdre des clients, son chiffre d&rsquo;affaires recule encore de 3,7% sur un an, mais la baisse est moins marqu\u00e9e qu&rsquo;attendu, et ses revenus de service dans ce pays progressent en outre d&rsquo;un trimestre sur l&rsquo;autre.<\/p>\n<p>Les difficult\u00e9s de Vodafone dans ce pays sont dues \u00e0 un changement de la l\u00e9gislation qui emp\u00eache les propri\u00e9taires d&rsquo;inclure un abonnement \u00e0 la t\u00e9l\u00e9vision par c\u00e2ble dans les charges collectives, contraignant les consommateurs \u00e0 souscrire des contrats individuels.<\/p>\n<p>Face \u00e0 des performances en berne, l&rsquo;entreprise a ces derni\u00e8res ann\u00e9es supprim\u00e9 10.000 emplois (10% de ses effectifs), vendu ses branches espagnoles et italiennes et a boucl\u00e9 au premier trimestre sa fusion avec l&rsquo;op\u00e9rateur Three au Royaume-Uni.<\/p>\n<p>Les chiffres du premier trimestre publi\u00e9s jeudi, meilleurs qu&rsquo;attendu par les analystes, dopaient son cours de cours de Bourse, qui bondissait de pr\u00e8s de 5% vers 10H15 GMT \u00e0 Londres.<\/p>\n<p>Si \u00ab\u00a0les activit\u00e9s allemandes de Vodafone restent sous pression\u00a0\u00bb, le groupe pr\u00e9voit globalement \u00ab\u00a0une progression lente\u00a0\u00bb de son r\u00e9sultat cette ann\u00e9e, rel\u00e8ve Keith Bowman, chez interactive investor.<\/p>\n<p>\u00ab\u00a0Une refonte compl\u00e8te de l&rsquo;entreprise sous la gestion de l&rsquo;actuelle directrice donne potentiellement \u00e0 Vodafone une base sur laquelle s&rsquo;appuyer\u00a0\u00bb pour rebondir, poursuit l&rsquo;analyste.<\/p>\n<p>De son c\u00f4t\u00e9 BT, concurrent de Vodafone, lui aussi en pleine restructuration, s&rsquo;envolait de plus de 8% \u00e0 la Bourse de Londres, apr\u00e8s l&rsquo;annonce de la nomination d&rsquo;une nouvelle directrice financi\u00e8re, Patricia Cobian, malgr\u00e9 la publication d&rsquo;un chiffre d&rsquo;affaires en baisse de 3% pour son premier trimestre d\u00e9cal\u00e9.<\/p>\n","protected":false},"excerpt":{"rendered":"Le groupe britannique de t\u00e9l\u00e9phonie Vodafone, p\u00e9nalis\u00e9 l&rsquo;an dernier par ses difficult\u00e9s en Allemagne, a annonc\u00e9 jeudi une&hellip;\n","protected":false},"author":2,"featured_media":7101,"comment_status":"","ping_status":"","sticky":false,"template":"","format":"standard","meta":{"footnotes":""},"categories":[1587],"tags":[11,672,1804,1805,1803,1777,674,1801,12,1802],"class_list":{"0":"post-270363","1":"post","2":"type-post","3":"status-publish","4":"format-standard","5":"has-post-thumbnail","7":"category-allemagne","8":"tag-actualites","9":"tag-allemagne","10":"tag-bundesrepublik-deutschland","11":"tag-de","12":"tag-deutschland","13":"tag-eu","14":"tag-europe","15":"tag-germany","16":"tag-news","17":"tag-republique-federale-dallemagne"},"share_on_mastodon":{"url":"https:\/\/pubeurope.com\/@fr\/114908049408625850","error":""},"_links":{"self":[{"href":"https:\/\/www.europesays.com\/fr\/wp-json\/wp\/v2\/posts\/270363","targetHints":{"allow":["GET"]}}],"collection":[{"href":"https:\/\/www.europesays.com\/fr\/wp-json\/wp\/v2\/posts"}],"about":[{"href":"https:\/\/www.europesays.com\/fr\/wp-json\/wp\/v2\/types\/post"}],"author":[{"embeddable":true,"href":"https:\/\/www.europesays.com\/fr\/wp-json\/wp\/v2\/users\/2"}],"replies":[{"embeddable":true,"href":"https:\/\/www.europesays.com\/fr\/wp-json\/wp\/v2\/comments?post=270363"}],"version-history":[{"count":0,"href":"https:\/\/www.europesays.com\/fr\/wp-json\/wp\/v2\/posts\/270363\/revisions"}],"wp:featuredmedia":[{"embeddable":true,"href":"https:\/\/www.europesays.com\/fr\/wp-json\/wp\/v2\/media\/7101"}],"wp:attachment":[{"href":"https:\/\/www.europesays.com\/fr\/wp-json\/wp\/v2\/media?parent=270363"}],"wp:term":[{"taxonomy":"category","embeddable":true,"href":"https:\/\/www.europesays.com\/fr\/wp-json\/wp\/v2\/categories?post=270363"},{"taxonomy":"post_tag","embeddable":true,"href":"https:\/\/www.europesays.com\/fr\/wp-json\/wp\/v2\/tags?post=270363"}],"curies":[{"name":"wp","href":"https:\/\/api.w.org\/{rel}","templated":true}]}}