{"id":270369,"date":"2025-07-24T11:50:11","date_gmt":"2025-07-24T11:50:11","guid":{"rendered":"https:\/\/www.europesays.com\/fr\/270369\/"},"modified":"2025-07-24T11:50:11","modified_gmt":"2025-07-24T11:50:11","slug":"info-rtl-bertrand-cantat-le-parquet-de-bordeaux-decide-de-rouvrir-lenquete-sur-le-suicide-de-son-ex-femme","status":"publish","type":"post","link":"https:\/\/www.europesays.com\/fr\/270369\/","title":{"rendered":"INFO RTL &#8211; Bertrand Cantat : le parquet de Bordeaux d\u00e9cide de rouvrir l&rsquo;enqu\u00eate sur le suicide de son ex-femme"},"content":{"rendered":"<p class=\"article-p mdl\">Quinze ans apr\u00e8s le d\u00e9c\u00e8s de\u00a0Krisztina R\u00e1dy, l&rsquo;ex-femme du chanteur de Noir D\u00e9sir, le parquet de Bordeaux rouvre le dossier sous la forme d&rsquo;une enqu\u00eate pr\u00e9liminaire pour\u00a0violences volontaires par conjoint, a appris RTL de sources concordantes.<\/p>\n<p class=\"article-p mdl\">Le procureur de la R\u00e9publique de Bordeaux, Renaud Gaudeul, a d\u00e9cid\u00e9 de rassembler tous les morceaux de la proc\u00e9dure class\u00e9e en juillet 2018. Plusieurs enqu\u00eates avaient d\u00e9j\u00e0 \u00e9t\u00e9 ouvertes pour recherches des causes de la mort de\u00a0Krisztina R\u00e1dy\u00a0depuis 2010, toutes class\u00e9es sans suite.\u00a0<\/p>\n<p class=\"article-p mdl\">Bertrand Cantat, condamn\u00e9 \u00e0 huit ann\u00e9es d&#8217;emprisonnement pour le\u00a0meurtre de Marie Trintignant en 2003,\u00a0se trouvait pourtant chez son ex-femme la nuit de son d\u00e9c\u00e8s. Il s&rsquo;agit de reprendre l&rsquo;enqu\u00eate, d&rsquo;entendre les diff\u00e9rents protagonistes et \u00e9ventuellement de rechercher d&rsquo;autres victimes potentielles afin d&rsquo;\u00e9tablir une v\u00e9rit\u00e9 judiciaire sur cette affaire.<\/p>\n<p class=\"article-p mdl\">Une r\u00e9ouverture qui intervient apr\u00e8s la diffusion du documentaire Le cas Cantat\u00a0diffus\u00e9 depuis fin mars dernier sur Netflix, sous l&rsquo;impulsion du procureur g\u00e9n\u00e9ral de Bordeaux, Eric Corbaux, tr\u00e8s impliqu\u00e9 dans la lutte contre les violences intrafamiliales et qui vient de se voir confier une mission sur le sujet par le Garde des Sceaux.\u00a0<\/p>\n<p class=\"article-p mdl\">\u00ab\u00a0Un documentaire en trois \u00e9pisodes intitul\u00e9 Le cas Cantat\u00a0a \u00e9t\u00e9 diffus\u00e9 sur la plateforme Netflix. <strong>Son visionnage m\u2019a conduit \u00e0 ressortir le dossier <\/strong>en recherches des causes de la mort ouvert \u00e0 la suite du d\u00e9c\u00e8s de Kristina R\u00e1dy\u00a0\u00bb, explique le procureur dans un communiqu\u00e9. \u00ab\u00a0Des recherches m\u2019ont permis de retrouver trois autres proc\u00e9dures subs\u00e9quentes ouvertes en 2013, 2014 puis 2018, class\u00e9es sans suite. Apr\u00e8s examen, ayant constat\u00e9 que le reportage diffus\u00e9 sur Netflix contenait plusieurs affirmations et t\u00e9moignages ne figurant pas dans les quatre dossiers ci-dessus \u00e9voqu\u00e9s, <strong>j\u2019ai pris la d\u00e9cision de rouvrir ce dossier de violences volontaires<\/strong> au d\u00e9but de ce mois\u00a0\u00bb.\u00a0<\/p>\n<p>    La r\u00e9daction vous recommande<\/p>\n<p class=\"s-newsletter__title\">\n                L\u2019actualit\u00e9 par la r\u00e9daction de RTL dans votre bo\u00eete mail.\n            <\/p>\n<p class=\"s-newsletter__subtitle\">\n                Gr\u00e2ce \u00e0 votre compte RTL abonnez-vous \u00e0 la newsletter RTL info pour suivre toute l&rsquo;actualit\u00e9 au quotidien\n            <\/p>\n<p>\n                                    Lire la suite\n                                <\/p>\n","protected":false},"excerpt":{"rendered":"Quinze ans apr\u00e8s le d\u00e9c\u00e8s de\u00a0Krisztina R\u00e1dy, l&rsquo;ex-femme du chanteur de Noir D\u00e9sir, le parquet de Bordeaux rouvre&hellip;\n","protected":false},"author":2,"featured_media":270370,"comment_status":"","ping_status":"","sticky":false,"template":"","format":"standard","meta":{"footnotes":""},"categories":[2],"tags":[11,898,456,3555,2414,107,1011,27,11534,303,873,12,25],"class_list":{"0":"post-270369","1":"post","2":"type-post","3":"status-publish","4":"format-standard","5":"has-post-thumbnail","7":"category-actualites","8":"tag-actualites","9":"tag-alerte","10":"tag-bertrand-cantat","11":"tag-feminicide","12":"tag-fil-culture","13":"tag-fil-info","14":"tag-fr","15":"tag-france","16":"tag-info-rtl","17":"tag-justice","18":"tag-musique","19":"tag-news","20":"tag-republique-francaise"},"share_on_mastodon":{"url":"https:\/\/pubeurope.com\/@fr\/114908064908880877","error":""},"_links":{"self":[{"href":"https:\/\/www.europesays.com\/fr\/wp-json\/wp\/v2\/posts\/270369","targetHints":{"allow":["GET"]}}],"collection":[{"href":"https:\/\/www.europesays.com\/fr\/wp-json\/wp\/v2\/posts"}],"about":[{"href":"https:\/\/www.europesays.com\/fr\/wp-json\/wp\/v2\/types\/post"}],"author":[{"embeddable":true,"href":"https:\/\/www.europesays.com\/fr\/wp-json\/wp\/v2\/users\/2"}],"replies":[{"embeddable":true,"href":"https:\/\/www.europesays.com\/fr\/wp-json\/wp\/v2\/comments?post=270369"}],"version-history":[{"count":0,"href":"https:\/\/www.europesays.com\/fr\/wp-json\/wp\/v2\/posts\/270369\/revisions"}],"wp:featuredmedia":[{"embeddable":true,"href":"https:\/\/www.europesays.com\/fr\/wp-json\/wp\/v2\/media\/270370"}],"wp:attachment":[{"href":"https:\/\/www.europesays.com\/fr\/wp-json\/wp\/v2\/media?parent=270369"}],"wp:term":[{"taxonomy":"category","embeddable":true,"href":"https:\/\/www.europesays.com\/fr\/wp-json\/wp\/v2\/categories?post=270369"},{"taxonomy":"post_tag","embeddable":true,"href":"https:\/\/www.europesays.com\/fr\/wp-json\/wp\/v2\/tags?post=270369"}],"curies":[{"name":"wp","href":"https:\/\/api.w.org\/{rel}","templated":true}]}}