{"id":270372,"date":"2025-07-24T11:52:15","date_gmt":"2025-07-24T11:52:15","guid":{"rendered":"https:\/\/www.europesays.com\/fr\/270372\/"},"modified":"2025-07-24T11:52:15","modified_gmt":"2025-07-24T11:52:15","slug":"mini-mais-costaud-le-golf-de-la-mauselaine","status":"publish","type":"post","link":"https:\/\/www.europesays.com\/fr\/270372\/","title":{"rendered":"Mini, mais costaud le golf de La Mauselaine"},"content":{"rendered":"<p>\u00a0<\/p>\n<dl class=\"gallery-item\">\n<dt class=\"gallery-icon portrait\">\n\t\t\t\t<a href=\"https:\/\/vosgesinfo.fr\/app\/uploads\/sites\/6\/2025\/07\/screenshot-20250723-182451-gallery.jpg\" data-slb-active=\"1\" data-slb-asset=\"472649908\" data-slb-internal=\"0\" data-slb-group=\"slb\" rel=\"nofollow noopener\" target=\"_blank\"><img width=\"660\" height=\"1024\" src=\"https:\/\/www.europesays.com\/fr\/wp-content\/uploads\/2025\/07\/screenshot-20250723-182451-gallery-660x1024.jpg\" class=\"attachment-large size-large\" alt=\"\" decoding=\"async\" loading=\"lazy\"  \/><\/a>\n\t\t\t<\/dt>\n<\/dl>\n<dl class=\"gallery-item\">\n<dt class=\"gallery-icon landscape\">\n\t\t\t\t<a href=\"https:\/\/www.europesays.com\/fr\/wp-content\/uploads\/2025\/07\/g111.jpg\" data-slb-active=\"1\" data-slb-asset=\"2002186650\" data-slb-internal=\"0\" data-slb-group=\"slb\"><img width=\"250\" height=\"188\" src=\"https:\/\/www.europesays.com\/fr\/wp-content\/uploads\/2025\/07\/g111.jpg\" class=\"attachment-large size-large\" alt=\"\" decoding=\"async\" loading=\"lazy\"\/><\/a>\n\t\t\t<\/dt>\n<\/dl>\n<p><br style=\"clear: both\"\/><\/p>\n<p>Apr\u00e8s les soucoupes volantes version simplifi\u00e9e de Disk \u26f3\ufe0f Golf install\u00e9es depuis 4 saisons (rien \u00e0 voir avec Vivaldi) aux pieds des pistes de La Mauselaine,\u00a0 Eliot Ruer alias Barbiche, se prend pour Tiger Woods en installant un parcours de mini golf. Certes,\u00a0 le parcours est beaucoup plus petit qu\u2019un \u00ab\u00a0par\u00a0\u00bb 72 foul\u00e9 g\u00e9n\u00e9ralement par les sp\u00e9cialistes du putting, mais le plaisir ne se compte pas uniquement en coup de clubs et au nombre de trous\u2026.Pour preuve.<\/p>\n<p>Le jeune cr\u00e9ateur d\u2019activit\u00e9 propose depuis quelques jours un parcours indoor mont\u00e9 de toutes pi\u00e8ces \u00e0 l\u2019int\u00e9rieur des locaux de la location de skis. Le concept est original, s\u00e9duisant, jusqu\u2019\u00e0 cr\u00e9er le doute dans l\u2019esprit des amoureux de la nature et de l\u2019herbe tendre\u2026surtout verte.<\/p>\n<p>Et bien oui,\u00a0 il est possible depuis quelques jours, de pratiquer une activit\u00e9 \u00e0 l\u2019abri des intemp\u00e9ries surtout lors d\u2019un \u00e9t\u00e9 qui se cherche.<\/p>\n<p>Entre deux envols de frisbee, pendant de longues semaines,\u00a0 Eliot et son p\u00e8re Beno\u00eet ont travaill\u00e9 le m\u00e9tal pour former neuf trous parfaitement finis et implant\u00e9s dans une salle adapt\u00e9e \u00e0 la pratique.<\/p>\n<p>La suite est une question d\u2019adresse, de volont\u00e9 et d\u2019envie. :\u00a0 l\u2019objectif \u00e9tant de contourner les pi\u00e8ges, les difficult\u00e9s trac\u00e9es sur les pistes d\u2019un genre nouveau. Entre un slalom dessin\u00e9 autour de casques de ski de descente et un passage sur le pont de Milo, les minis golfeurs doivent et devront jouer le plus petit score pour l\u2019emporter.<\/p>\n<p>Alors\u2026.un d\u00e9tour s\u2019impose pour simplement 5 euros la partie.<\/p>\n<p>Renseignements :<\/p>\n<p>239,chemin de la ray\u00e9e, 88400 G\u00e9rardmer<br \/>Tel : 06.37.07.43.10 www.discovervosges.fr <\/p>\n<dl class=\"gallery-item\">\n<dt class=\"gallery-icon landscape\">\n\t\t\t\t<a href=\"https:\/\/www.europesays.com\/fr\/wp-content\/uploads\/2025\/07\/g21.jpg\" data-slb-active=\"1\" data-slb-asset=\"647759860\" data-slb-internal=\"0\" data-slb-group=\"slb\"><img width=\"1000\" height=\"750\" src=\"https:\/\/www.europesays.com\/fr\/wp-content\/uploads\/2025\/07\/g21.jpg\" class=\"attachment-large size-large\" alt=\"\" decoding=\"async\" loading=\"lazy\"  \/><\/a>\n\t\t\t<\/dt>\n<\/dl>\n<dl class=\"gallery-item\">\n<dt class=\"gallery-icon landscape\">\n\t\t\t\t<a href=\"https:\/\/www.europesays.com\/fr\/wp-content\/uploads\/2025\/07\/g3.jpg\" data-slb-active=\"1\" data-slb-asset=\"670201010\" data-slb-internal=\"0\" data-slb-group=\"slb\"><img width=\"1000\" height=\"750\" src=\"https:\/\/www.europesays.com\/fr\/wp-content\/uploads\/2025\/07\/g3.jpg\" class=\"attachment-large size-large\" alt=\"\" decoding=\"async\" loading=\"lazy\"  \/><\/a>\n\t\t\t<\/dt>\n<\/dl>\n<p><br style=\"clear: both\"\/><\/p>\n","protected":false},"excerpt":{"rendered":"\u00a0 Apr\u00e8s les soucoupes volantes version simplifi\u00e9e de Disk \u26f3\ufe0f Golf install\u00e9es depuis 4 saisons (rien \u00e0 voir&hellip;\n","protected":false},"author":2,"featured_media":270373,"comment_status":"","ping_status":"","sticky":false,"template":"","format":"standard","meta":{"footnotes":""},"categories":[1418],"tags":[1011,27,1472,60],"class_list":{"0":"post-270372","1":"post","2":"type-post","3":"status-publish","4":"format-standard","5":"has-post-thumbnail","7":"category-golf","8":"tag-fr","9":"tag-france","10":"tag-golf","11":"tag-sports"},"share_on_mastodon":{"url":"https:\/\/pubeurope.com\/@fr\/114908072879516999","error":""},"_links":{"self":[{"href":"https:\/\/www.europesays.com\/fr\/wp-json\/wp\/v2\/posts\/270372","targetHints":{"allow":["GET"]}}],"collection":[{"href":"https:\/\/www.europesays.com\/fr\/wp-json\/wp\/v2\/posts"}],"about":[{"href":"https:\/\/www.europesays.com\/fr\/wp-json\/wp\/v2\/types\/post"}],"author":[{"embeddable":true,"href":"https:\/\/www.europesays.com\/fr\/wp-json\/wp\/v2\/users\/2"}],"replies":[{"embeddable":true,"href":"https:\/\/www.europesays.com\/fr\/wp-json\/wp\/v2\/comments?post=270372"}],"version-history":[{"count":0,"href":"https:\/\/www.europesays.com\/fr\/wp-json\/wp\/v2\/posts\/270372\/revisions"}],"wp:featuredmedia":[{"embeddable":true,"href":"https:\/\/www.europesays.com\/fr\/wp-json\/wp\/v2\/media\/270373"}],"wp:attachment":[{"href":"https:\/\/www.europesays.com\/fr\/wp-json\/wp\/v2\/media?parent=270372"}],"wp:term":[{"taxonomy":"category","embeddable":true,"href":"https:\/\/www.europesays.com\/fr\/wp-json\/wp\/v2\/categories?post=270372"},{"taxonomy":"post_tag","embeddable":true,"href":"https:\/\/www.europesays.com\/fr\/wp-json\/wp\/v2\/tags?post=270372"}],"curies":[{"name":"wp","href":"https:\/\/api.w.org\/{rel}","templated":true}]}}