{"id":270374,"date":"2025-07-24T11:54:11","date_gmt":"2025-07-24T11:54:11","guid":{"rendered":"https:\/\/www.europesays.com\/fr\/270374\/"},"modified":"2025-07-24T11:54:11","modified_gmt":"2025-07-24T11:54:11","slug":"xv-de-france-exclusivite-midi-olympique-les-bleus-debuteront-la-premiere-ligue-des-nations-chez-les-all-blacks-et-finiront-au-japon","status":"publish","type":"post","link":"https:\/\/www.europesays.com\/fr\/270374\/","title":{"rendered":"XV de France &#8211; Exclusivit\u00e9 Midi Olympique. Les Bleus d\u00e9buteront la premi\u00e8re Ligue des Nations chez les All Blacks et finiront au Japon"},"content":{"rendered":"<p>\n                Le XV de France s\u2019appr\u00eate \u00e0 tourner une page de son histoire. \u00c0 l\u2019\u00e9t\u00e9 2026, il disputera donc dans le Pacifique ses premiers matchs dans le cadre de la toute nouvelle Ligue des Nations, une comp\u00e9tition internationale qui rebattra les cartes du rugby mondial. Mais avec quels joueurs ?\n            <\/p>\n<p>La tourn\u00e9e estivale en Nouvelle-Z\u00e9lande s\u2019est r\u00e9cemment termin\u00e9e sans surprise mais non sans heurts pour les Bleus. \u00c0 Dunedin, Wellington puis Hamilton, une \u00e9quipe de France profond\u00e9ment remani\u00e9e n\u2019a pu \u00e9viter trois d\u00e9faites face \u00e0 des All Blacks lest\u00e9s de la plupart de leurs meilleurs joueurs. Un revers attendu, qui marquait aussi la fin d\u2019une \u00e9poque : celle des tourn\u00e9es traditionnelles de juillet, remplac\u00e9es d\u00e8s l\u2019\u00e9t\u00e9 prochain par un nouveau format de comp\u00e9tition mondiale.<\/p>\n<p>La Ligue des Nations, organis\u00e9e tous les deux ans, regroupera douze des meilleures s\u00e9lections de la plan\u00e8te. Six nations du Nord (France, Angleterre, Irlande, \u00c9cosse, Pays de Galles et Italie) et six du \u00ab\u00a0Sud\u00a0\u00bb (Nouvelle-Z\u00e9lande, Australie, Afrique du Sud, Argentine, Fidji et Japon). Le but affich\u00e9 : clarifier le calendrier international aux yeux du grand public, offrir davantage de matchs de haut niveau, accro\u00eetre les revenus globaux voire sauver de la banqueroute plusieurs f\u00e9d\u00e9rations en difficult\u00e9 chronique. Selon nos informations, le XV de France de Fabien Galthi\u00e9 lancera donc sa campagne sur les routes du Pacifique : trois rencontres sont pr\u00e9vues, d\u2019abord en Nouvelle-Z\u00e9lande, puis en Australie et enfin au Japon.<\/p>\n<p>Florian Grill : \u00ab\u00a0Une r\u00e9flexion \u00e0 mener avec la Ligue\u00a0\u00bb<\/p>\n<p>Et contrairement \u00e0 certaines rumeurs, aucun am\u00e9nagement n\u2019est envisag\u00e9 pour all\u00e9ger le programme des Bleus, comme nous l\u2019a confirm\u00e9 Florian Grill, pr\u00e9sident de la FFR : \u00ab\u00a0J\u2019ai lu que nous avions essay\u00e9 de n\u00e9gocier avec le Japon afin de disputer ce match en Oc\u00e9anie et nous \u00e9viter un voyage suppl\u00e9mentaire. C\u2019est faux. Dans l\u2019ordre, nous aurons donc \u00e0 jouer Nouvelle-Z\u00e9lande, Australie et Japon. Pour autant, le mod\u00e8le de cette Ligue des Nations doit \u00eatre repens\u00e9.\u00a0\u00bb Car derri\u00e8re les enjeux de comp\u00e9titivit\u00e9, se pose une autre question centrale : celle de la gestion des joueurs. Encha\u00eener Top 14, Champions Cup, Tournoi des 6 Nations et Ligue des Nations sera pour eux \u00e9videmment difficile, pour ne pas dire totalement dangereux. \u00ab\u00a0Un international fran\u00e7ais s\u2019appr\u00eate \u00e0 disputer l\u2019an prochain quatre comp\u00e9titions dans l\u2019ann\u00e9e, poursuit le patron f\u00e9d\u00e9ral. On a donc toute une r\u00e9flexion \u00e0 mener avec la Ligue nationale de rugby pour mettre sur pied une planification des matchs plus annualis\u00e9e. L\u2019\u00e9quipe de France, ce n\u2019est plus vingt-cinq individus ; c\u2019est une quarantaine de joueurs et les concernant, on doit penser \u00e0 une strat\u00e9gie d\u2019utilisation qui respecte leur sant\u00e9 et leur permette de jouer toutes les comp\u00e9titions de front. Cela n\u00e9cessitera de nouvelles discussions avec la LNR et Provale, car la Ligue des Nations est une vraie comp\u00e9tition dans laquelle la France ne voudra pas faire de la figuration.\u00a0\u00bb<\/p>\n<p>La question des lib\u00e9rations de joueurs par les clubs reste donc centrale. Lors de la tourn\u00e9e pr\u00e9c\u00e9dente, Fabien Galthi\u00e9 avait d\u00fb composer avec un groupe priv\u00e9 de la plupart des vainqueurs du dernier Tournoi des 6 Nations. Une concession avait bien permis in extremis \u00e0 cinq finalistes de rejoindre la s\u00e9lection en cours de route mais qu\u2019en sera-t-il en 2026 ? Le s\u00e9lectionneur pourra-t-il embarquer une \u00e9quipe \u00ab\u00a0premium\u00a0\u00bb en plein \u00e9t\u00e9 ou devra-t-il \u00e0 nouveau b\u00e2tir avec les forces disponibles ? Si l\u2019on en croit le pr\u00e9sident de la FFR, rien n\u2019est encore tranch\u00e9. Mais une certitude demeure : cette nouvelle Ligue des Nations bouleverse les \u00e9quilibres, autant sportifs qu\u2019\u00e9conomiques. Pour la FFR et les clubs, qui estiment de leurs c\u00f4t\u00e9s s\u2019\u00eatre d\u00e9j\u00e0 saign\u00e9s \u00e0 blanc pour le bien-\u00eatre du XV de France, il s\u2019agit d\u00e9j\u00e0 de penser au rugby de demain.<\/p>\n","protected":false},"excerpt":{"rendered":"Le XV de France s\u2019appr\u00eate \u00e0 tourner une page de son histoire. \u00c0 l\u2019\u00e9t\u00e9 2026, il disputera donc&hellip;\n","protected":false},"author":2,"featured_media":270375,"comment_status":"","ping_status":"","sticky":false,"template":"","format":"standard","meta":{"footnotes":""},"categories":[1416],"tags":[1011,27,479,1468,60],"class_list":{"0":"post-270374","1":"post","2":"type-post","3":"status-publish","4":"format-standard","5":"has-post-thumbnail","7":"category-rugby","8":"tag-fr","9":"tag-france","10":"tag-rugby","11":"tag-rugby-football","12":"tag-sports"},"share_on_mastodon":{"url":"https:\/\/pubeurope.com\/@fr\/114908080579328498","error":""},"_links":{"self":[{"href":"https:\/\/www.europesays.com\/fr\/wp-json\/wp\/v2\/posts\/270374","targetHints":{"allow":["GET"]}}],"collection":[{"href":"https:\/\/www.europesays.com\/fr\/wp-json\/wp\/v2\/posts"}],"about":[{"href":"https:\/\/www.europesays.com\/fr\/wp-json\/wp\/v2\/types\/post"}],"author":[{"embeddable":true,"href":"https:\/\/www.europesays.com\/fr\/wp-json\/wp\/v2\/users\/2"}],"replies":[{"embeddable":true,"href":"https:\/\/www.europesays.com\/fr\/wp-json\/wp\/v2\/comments?post=270374"}],"version-history":[{"count":0,"href":"https:\/\/www.europesays.com\/fr\/wp-json\/wp\/v2\/posts\/270374\/revisions"}],"wp:featuredmedia":[{"embeddable":true,"href":"https:\/\/www.europesays.com\/fr\/wp-json\/wp\/v2\/media\/270375"}],"wp:attachment":[{"href":"https:\/\/www.europesays.com\/fr\/wp-json\/wp\/v2\/media?parent=270374"}],"wp:term":[{"taxonomy":"category","embeddable":true,"href":"https:\/\/www.europesays.com\/fr\/wp-json\/wp\/v2\/categories?post=270374"},{"taxonomy":"post_tag","embeddable":true,"href":"https:\/\/www.europesays.com\/fr\/wp-json\/wp\/v2\/tags?post=270374"}],"curies":[{"name":"wp","href":"https:\/\/api.w.org\/{rel}","templated":true}]}}