{"id":270376,"date":"2025-07-24T11:55:10","date_gmt":"2025-07-24T11:55:10","guid":{"rendered":"https:\/\/www.europesays.com\/fr\/270376\/"},"modified":"2025-07-24T11:55:10","modified_gmt":"2025-07-24T11:55:10","slug":"atp-boris-becker-sur-alexander-zverev-cetait-peut-etre-la-revelation-dont-il-avait-besoin-je-suis-convaincu-quil-gagnera-son-grand-chelem-et-quil-pourra-devenir-numero-un-a-un-moment-ou-a-un","status":"publish","type":"post","link":"https:\/\/www.europesays.com\/fr\/270376\/","title":{"rendered":"ATP > Boris Becker sur Alexander Zverev : \u00ab\u00a0C&rsquo;\u00e9tait peut-\u00eatre la r\u00e9v\u00e9lation dont il avait besoin. Je suis convaincu qu&rsquo;il gagnera son Grand Chelem et qu&rsquo;il pourra devenir num\u00e9ro un \u00e0 un moment ou \u00e0 un autre\u00a0\u00bb"},"content":{"rendered":"<p>Apr\u00e8s avoir <a href=\"https:\/\/www.welovetennis.fr\/atp\/boris-becker-si-javais-ete-lentraineur-dalexander-zverev-je-lui-aurais-conseille-de-ne-pas-reveler-de-telles-informations-sur-son-etat-mental-apres-sa-defaite-au-premier-tour-de-wimbledon\" data-wpel-link=\"internal\" rel=\"nofollow noopener\" target=\"_blank\">expliqu\u00e9 qu\u2019Alexander Zverev n\u2019au\u00adrait pas d\u00fb exprimer publi\u00adque\u00adment son mal\u2010\u00eatre<\/a> suite \u00e0 sa d\u00e9faite au premier tour de Wimbledon, Boris Becker a quand m\u00eame tenu \u00e0 lui apporter son soutien lors d\u2019un r\u00e9cent \u00e9v\u00e8ne\u00adment orga\u00adnis\u00e9 en Allemagne.\u00a0<\/p>\n<p><strong>\u00ab\u202fC\u2019\u00e9tait peut\u2010\u00eatre la r\u00e9v\u00e9\u00adla\u00adtion dont il avait besoin. Je suis convaincu qu\u2019il gagnera encore son Grand Chelem et qu\u2019il pourra devenir num\u00e9ro un \u00e0 un moment ou \u00e0 un autre. Devenir num\u00e9ro un est diffi\u00adcile, mais rester num\u00e9ro un est la chose la plus diffi\u00adcile au\u00a0monde.\u202f\u00bb<\/strong><\/p>\n<p class=\"post-published-date\" style=\"color: silver; font-size: 75%; text-align: left;\">Publi\u00e9 le jeudi 24 juillet 2025 \u00e0 11:37<\/p>\n","protected":false},"excerpt":{"rendered":"Apr\u00e8s avoir expliqu\u00e9 qu\u2019Alexander Zverev n\u2019au\u00adrait pas d\u00fb exprimer publi\u00adque\u00adment son mal\u2010\u00eatre suite \u00e0 sa d\u00e9faite au premier&hellip;\n","protected":false},"author":2,"featured_media":270377,"comment_status":"","ping_status":"","sticky":false,"template":"","format":"standard","meta":{"footnotes":""},"categories":[1415],"tags":[1011,27,60,1467,4542],"class_list":{"0":"post-270376","1":"post","2":"type-post","3":"status-publish","4":"format-standard","5":"has-post-thumbnail","7":"category-tennis","8":"tag-fr","9":"tag-france","10":"tag-sports","11":"tag-tennis","12":"tag-zverev"},"share_on_mastodon":{"url":"https:\/\/pubeurope.com\/@fr\/114908084501013104","error":""},"_links":{"self":[{"href":"https:\/\/www.europesays.com\/fr\/wp-json\/wp\/v2\/posts\/270376","targetHints":{"allow":["GET"]}}],"collection":[{"href":"https:\/\/www.europesays.com\/fr\/wp-json\/wp\/v2\/posts"}],"about":[{"href":"https:\/\/www.europesays.com\/fr\/wp-json\/wp\/v2\/types\/post"}],"author":[{"embeddable":true,"href":"https:\/\/www.europesays.com\/fr\/wp-json\/wp\/v2\/users\/2"}],"replies":[{"embeddable":true,"href":"https:\/\/www.europesays.com\/fr\/wp-json\/wp\/v2\/comments?post=270376"}],"version-history":[{"count":0,"href":"https:\/\/www.europesays.com\/fr\/wp-json\/wp\/v2\/posts\/270376\/revisions"}],"wp:featuredmedia":[{"embeddable":true,"href":"https:\/\/www.europesays.com\/fr\/wp-json\/wp\/v2\/media\/270377"}],"wp:attachment":[{"href":"https:\/\/www.europesays.com\/fr\/wp-json\/wp\/v2\/media?parent=270376"}],"wp:term":[{"taxonomy":"category","embeddable":true,"href":"https:\/\/www.europesays.com\/fr\/wp-json\/wp\/v2\/categories?post=270376"},{"taxonomy":"post_tag","embeddable":true,"href":"https:\/\/www.europesays.com\/fr\/wp-json\/wp\/v2\/tags?post=270376"}],"curies":[{"name":"wp","href":"https:\/\/api.w.org\/{rel}","templated":true}]}}