{"id":270378,"date":"2025-07-24T11:57:10","date_gmt":"2025-07-24T11:57:10","guid":{"rendered":"https:\/\/www.europesays.com\/fr\/270378\/"},"modified":"2025-07-24T11:57:10","modified_gmt":"2025-07-24T11:57:10","slug":"etat-des-lieux-a-la-mi-saison","status":"publish","type":"post","link":"https:\/\/www.europesays.com\/fr\/270378\/","title":{"rendered":"\u00e9tat des lieux \u00e0 la mi-saison"},"content":{"rendered":"<p>&#13;<\/p>\n<p><strong>La grille du championnat du monde MotoGP 2026 est d\u00e9j\u00e0 bien remplie mais il reste quelques guidons \u00e0 prendre. \u00c9tat des lieux apr\u00e8s le Grand Prix de Tch\u00e9quie.<\/strong><\/p>\n<p><strong>Aprilia<\/strong><\/p>\n<p><strong>Aprilia Racing :<\/strong><br \/>Sign\u00e9 : Marco Bezzecchi<br \/>Sign\u00e9 : Jorge Martin<\/p>\n<p><strong>Trackhouse Racing :<\/strong><br \/>Sign\u00e9 : Ai Ogura<br \/>Sign\u00e9 : Raul Fernandez<\/p>\n<p><strong>Ducati<\/strong><\/p>\n<p><strong>Ducati Lenovo Team :<\/strong><br \/>Sign\u00e9 : Marc Marquez<br \/>Sign\u00e9 : Francesco Bagnaia<\/p>\n<p><strong>Gresini Racing :<\/strong><br \/>Sign\u00e9 : Alex Marquez<br \/>Sign\u00e9 : Fermin Aldeguer<\/p>\n<p><strong>Pertamina Enduro VR46 Racing Team :<\/strong><br \/>Sign\u00e9 : Fabio Di Giannantonio<br \/>Probable : Franco Morbidelli<\/p>\n<p><strong>KTM<\/strong><\/p>\n<p><strong>Red Bull KTM Factory Racing :<\/strong><br \/>Sign\u00e9 : Brad Binder<br \/>Sign\u00e9 : Pedro Acosta<\/p>\n<p><strong>Red Bull KTM Tech3 :<\/strong><br \/>Sign\u00e9 : Enea Bastianini<br \/>Sign\u00e9 : Maverick Vi\u00f1ales<\/p>\n<p><strong>Honda<\/strong><\/p>\n<p><strong>Honda HRC Castrol :<\/strong><br \/>Sign\u00e9 : Joan Mir<br \/>Probable : Luca Marini<\/p>\n<p><strong>LCR Honda Castrol \/ Idemitsu :<\/strong><br \/>Probable : Johann Zarco<br \/>\u00c0 d\u00e9finir : Somkiat Chantra \/ Diogo Moreira ?<\/p>\n<p><strong>Yamaha<\/strong><\/p>\n<p><strong>Monster Energy Yamaha MotoGP :<\/strong><br \/>Sign\u00e9 : Fabio Quartararo<br \/>Sign\u00e9 : Alex Rins<\/p>\n<p><strong>Prima Pramac Racing :<\/strong><br \/>Sign\u00e9 : Toprak Razgatlioglu<br \/>\u00c0 d\u00e9finir : Miguel Oliveira \/ Jack Miller \/ Diogo Moreira ?<\/p>\n<p>&#13;<br \/>\n           &#13;<br \/>\n&#13;<br \/>\n    &#13;<br \/>\n    &#13;<\/p>\n","protected":false},"excerpt":{"rendered":"&#13; La grille du championnat du monde MotoGP 2026 est d\u00e9j\u00e0 bien remplie mais il reste quelques guidons&hellip;\n","protected":false},"author":2,"featured_media":270379,"comment_status":"","ping_status":"","sticky":false,"template":"","format":"standard","meta":{"footnotes":""},"categories":[1413],"tags":[1011,27,1457,1456,60],"class_list":{"0":"post-270378","1":"post","2":"type-post","3":"status-publish","4":"format-standard","5":"has-post-thumbnail","7":"category-moto","8":"tag-fr","9":"tag-france","10":"tag-moto","11":"tag-motocycle","12":"tag-sports"},"share_on_mastodon":{"url":"https:\/\/pubeurope.com\/@fr\/114908092502852312","error":""},"_links":{"self":[{"href":"https:\/\/www.europesays.com\/fr\/wp-json\/wp\/v2\/posts\/270378","targetHints":{"allow":["GET"]}}],"collection":[{"href":"https:\/\/www.europesays.com\/fr\/wp-json\/wp\/v2\/posts"}],"about":[{"href":"https:\/\/www.europesays.com\/fr\/wp-json\/wp\/v2\/types\/post"}],"author":[{"embeddable":true,"href":"https:\/\/www.europesays.com\/fr\/wp-json\/wp\/v2\/users\/2"}],"replies":[{"embeddable":true,"href":"https:\/\/www.europesays.com\/fr\/wp-json\/wp\/v2\/comments?post=270378"}],"version-history":[{"count":0,"href":"https:\/\/www.europesays.com\/fr\/wp-json\/wp\/v2\/posts\/270378\/revisions"}],"wp:featuredmedia":[{"embeddable":true,"href":"https:\/\/www.europesays.com\/fr\/wp-json\/wp\/v2\/media\/270379"}],"wp:attachment":[{"href":"https:\/\/www.europesays.com\/fr\/wp-json\/wp\/v2\/media?parent=270378"}],"wp:term":[{"taxonomy":"category","embeddable":true,"href":"https:\/\/www.europesays.com\/fr\/wp-json\/wp\/v2\/categories?post=270378"},{"taxonomy":"post_tag","embeddable":true,"href":"https:\/\/www.europesays.com\/fr\/wp-json\/wp\/v2\/tags?post=270378"}],"curies":[{"name":"wp","href":"https:\/\/api.w.org\/{rel}","templated":true}]}}