{"id":27038,"date":"2025-04-15T17:07:09","date_gmt":"2025-04-15T17:07:09","guid":{"rendered":"https:\/\/www.europesays.com\/fr\/27038\/"},"modified":"2025-04-15T17:07:09","modified_gmt":"2025-04-15T17:07:09","slug":"vous-voyagez-aux-etats-unis-cinq-choses-a-faire-et-a-ne-pas-faire-pour-se-proteger","status":"publish","type":"post","link":"https:\/\/www.europesays.com\/fr\/27038\/","title":{"rendered":"Vous voyagez aux \u00c9tats-Unis ? Cinq choses \u00e0 faire et \u00e0 ne pas faire pour se prot\u00e9ger"},"content":{"rendered":"<p><img decoding=\"async\" class=\"c-ad__placeholder__logo\" src=\"https:\/\/www.europesays.com\/fr\/wp-content\/uploads\/2025\/03\/logo-euronews-grey-6-180x22.svg.svg+xml\" width=\"180\" height=\"22\" alt=\"\" loading=\"lazy\"\/>PUBLICIT\u00c9<\/p>\n<p>Le nombre de touristes visitant les \u00c9tats-Unis depuis l&rsquo;Allemagne a consid\u00e9rablement diminu\u00e9 depuis que le pr\u00e9sident am\u00e9ricain Donald Trump a pris ses fonctions pour la deuxi\u00e8me fois.<\/p>\n<p><a href=\"https:\/\/fr.euronews.com\/my-europe\/2025\/03\/20\/lallemagne-avertit-ses-ressortissants-voulant-se-rendre-aux-etats-unis-apres-trois-arresta\" target=\"_blank\" rel=\"noopener\"><strong>Plusieurs touristes allemands<\/strong><\/a><a href=\"https:\/\/de.euronews.com\/2025\/03\/18\/reisewarnung-fur-die-usa-wie-drei-deutsche-in-der-us-abschiebehaft-landeten\" target=\"_blank\" rel=\"noopener\">ont \u00e9t\u00e9 d\u00e9tenus \u00e0 la fronti\u00e8re am\u00e9ricaine, dans certains cas pendant des semaines, \u00e0 la suite d&rsquo;un \u00ab\u00a0changement dans la politique d&rsquo;immigration am\u00e9ricaine.\u00a0\u00bb<\/p>\n<p><img decoding=\"async\" src=\"https:\/\/www.europesays.com\/fr\/wp-content\/uploads\/2025\/03\/icon-cross-10x10-grey-6.svg.svg+xml\" width=\"10\" height=\"10\" alt=\"Close advertising\" fetchpriority=\"high\" loading=\"lazy\"\/><\/p>\n<p>Dans un cas en France, un scientifique aurait \u00e9t\u00e9 refoul\u00e9 parce qu&rsquo;il avait des messages anti-Trump sur son t\u00e9l\u00e9phone.<\/p>\n<p>Bien que le nombre d&rsquo;Europ\u00e9ens r\u00e9servant des vacances aux \u00c9tats-Unis ait diminu\u00e9, la plupart des vacances d\u00e9j\u00e0 r\u00e9serv\u00e9es se poursuivent. Les agences de voyage allemandes ont d\u00e9clar\u00e9 \u00e0 <strong>Euronews<\/strong> que le nombre de r\u00e9servations avait diminu\u00e9 d&rsquo;au moins la moiti\u00e9 par rapport \u00e0 la p\u00e9riode de janvier \u00e0 mars de l&rsquo;ann\u00e9e derni\u00e8re, lorsque l&rsquo;ancien pr\u00e9sident Joe Biden \u00e9tait encore en fonction. Toutefois, elles ont \u00e9galement indiqu\u00e9 qu&rsquo;elles n&rsquo;avaient pas encore constat\u00e9 d&rsquo;annulations.<\/p>\n<p>Voici un guide pratique sur la mani\u00e8re de pr\u00e9parer des vacances aux \u00c9tats-Unis si vous les avez d\u00e9j\u00e0 r\u00e9serv\u00e9es.<\/p>\n<p><strong>1) Sauvegardez toutes vos donn\u00e9es avant le voyage<\/strong><\/p>\n<p>Le gouvernement am\u00e9ricain peut saisir vos appareils si vous ne les d\u00e9verrouillez pas ou si vous ne vous conformez pas aux demandes de mots de passe ou de connexion aux r\u00e9seaux sociaux.<\/p>\n<p>Les appareils peuvent \u00eatre saisis pour une dur\u00e9e ind\u00e9termin\u00e9e. Vous devez donc vous assurer que vous disposez d&rsquo;une copie s\u00e9curis\u00e9e de vos donn\u00e9es, laiss\u00e9e \u00e0 la maison par exemple.<\/p>\n<p>Vous pouvez envisager de sauvegarder votre t\u00e9l\u00e9phone sur un ordinateur portable que vous laissez \u00e0 la maison et, si vous devez emporter un ordinateur portable, d&rsquo;effacer les documents sensibles.<\/p>\n<p>Toutefois, l&rsquo;une des touristes allemandes, Jessica Br\u00f6sche, une tatoueuse berlinoise de 29 ans, a \u00e9t\u00e9 arr\u00eat\u00e9e apr\u00e8s que les autorit\u00e9s am\u00e9ricaines ont suppos\u00e9 qu&rsquo;elle avait l&rsquo;intention de travailler aux \u00c9tats-Unis parce qu&rsquo;elle voyageait avec du mat\u00e9riel de tatouage ; il serait donc peut-\u00eatre judicieux de ne pas voyager avec des objets que les gardes-fronti\u00e8res pourraient interpr\u00e9ter comme des outils de travail.<\/p>\n<p><strong>2) V\u00e9rifiez soigneusement les donn\u00e9es de votre t\u00e9l\u00e9phone avant d&rsquo;arriver \u00e0 la fronti\u00e8re<\/strong><\/p>\n<p>Les agents des douanes et de la protection des fronti\u00e8res sont l\u00e9galement autoris\u00e9s \u00e0 fouiller votre t\u00e9l\u00e9phone si vous n&rsquo;\u00eates pas citoyen am\u00e9ricain. Pour ceux qui ont besoin d&rsquo;un visa ou qui sont titulaires d&rsquo;une carte verte, le fait de refuser de divulguer votre mot de passe peut vous conduire \u00e0 vous voir refuser l&rsquo;entr\u00e9e aux \u00c9tats-Unis, m\u00eame si vous disposez d&rsquo;un ESTA (<a href=\"https:\/\/fr.euronews.com\/voyages\/2022\/06\/20\/etats-unis-les-frais-du-formulaire-esta-ont-augmente-de-50-pour-les-touristes-europeen\" target=\"_blank\" rel=\"noopener\"><strong>syst\u00e8me \u00e9lectronique d&rsquo;autorisation de voyage<\/strong><\/a>) ou d&rsquo;un visa accord\u00e9 \u00e0 l&rsquo;avance.<\/p>\n<p>Si vous effacez enti\u00e8rement votre t\u00e9l\u00e9phone, les gardes-fronti\u00e8res pourraient trouver cela plus suspect, mais vous devez vous assurer que vous ne verrez pas d&rsquo;inconv\u00e9nient \u00e0 ce que les gardes-fronti\u00e8res lisent tous vos messages. Si vous effacez des messages, par exemple ceux qui critiquent l&rsquo;administration Trump, vous devez vous assurer qu&rsquo;ils ne flottent pas quelque part dans un dossier supprim\u00e9 &#8211; par exemple dans le dossier r\u00e9cemment supprim\u00e9 d&rsquo;iMessage ou dans les archives de Whatsapp.<\/p>\n<p><strong>3) Donnez une cl\u00e9 \u00e0 une personne de confiance et m\u00e9morisez son num\u00e9ro de t\u00e9l\u00e9phone<\/strong><\/p>\n<p>Dans les cas o\u00f9 les visiteurs ont \u00e9t\u00e9 retenus \u00e0 la fronti\u00e8re pendant des semaines, ils ont re\u00e7u le droit \u00e0 un seul appel t\u00e9l\u00e9phonique. Toutefois, si votre appareil est saisi, vous n&rsquo;aurez pas acc\u00e8s aux contacts stock\u00e9s dans votre t\u00e9l\u00e9phone. Vous devrez m\u00e9moriser le num\u00e9ro de t\u00e9l\u00e9phone d&rsquo;une personne de confiance et envisager de confier votre cl\u00e9 \u00e0 un voisin en lui disant d&rsquo;appeler l&rsquo;ambassade ou un avocat s&rsquo;il n&rsquo;a pas de nouvelles de vous pendant plusieurs jours. Ils pourront au moins arroser vos plantes si vous \u00eates d\u00e9tenu pour une dur\u00e9e ind\u00e9termin\u00e9e.<\/p>\n<p><img decoding=\"async\" class=\"c-ad__placeholder__logo\" src=\"https:\/\/www.europesays.com\/fr\/wp-content\/uploads\/2025\/03\/logo-euronews-grey-6-180x22.svg.svg+xml\" width=\"180\" height=\"22\" alt=\"\" loading=\"lazy\"\/>PUBLICIT\u00c9<\/p>\n<p>Id\u00e9alement, si vous voyagez avec votre t\u00e9l\u00e9phone, vous voudrez faire tout ce qui est en votre pouvoir pour vous assurer qu&rsquo;il n&rsquo;est pas confisqu\u00e9 pour une dur\u00e9e ind\u00e9termin\u00e9e, car de nombreuses entreprises utilisent l&rsquo;authentification \u00e0 deux facteurs par SMS pour acc\u00e9der \u00e0 des services essentiels tels que les services bancaires en ligne et les profils de m\u00e9dias sociaux. \u00c0 ce propos, il est conseill\u00e9 de supprimer tout contenu public trop critique \u00e0 l&rsquo;\u00e9gard de M. Trump.<\/p>\n<p>Le gouvernement am\u00e9ricain ayant pris des mesures pour annuler les visas et expulser les \u00e9tudiants non am\u00e9ricains qui ont particip\u00e9 \u00e0 des manifestations pro-palestiniennes l&rsquo;ann\u00e9e derni\u00e8re, notamment Mahmoud Khalil, d\u00e9tenteur d&rsquo;une carte verte, il serait peut-\u00eatre judicieux de s&rsquo;assurer que votre photo de profil ne vous montre pas en train de participer \u00e0 une manifestation palestinienne. Vous pouvez \u00e9galement v\u00e9rifier que vos sites de m\u00e9dias sociaux sont priv\u00e9s, car on craint que les visas ne soient pas d\u00e9livr\u00e9s aux personnes soup\u00e7onn\u00e9es d&rsquo;<a href=\"https:\/\/www.state.gov\/defining-antisemitism\/\" target=\"_blank\" rel=\"noreferrer noopener\">antis\u00e9mitisme<\/a>.<\/p>\n<p><strong>4) \u00c9teignez vos appareils avant de partir en voyage<\/strong><\/p>\n<p>La meilleure pratique consiste \u00e0 \u00e9teindre les appareils avant de prendre l&rsquo;avion, car certains logiciels peuvent craquer les mots de passe plus facilement lorsqu&rsquo;ils sont rest\u00e9s allum\u00e9s pendant un certain temps. Selon <a href=\"https:\/\/www.eff.org\/wp\/digital-privacy-us-border-2017#turn-off\" target=\"_blank\" rel=\"noreferrer noopener\">ce guide pratique<\/a>, la s\u00e9curit\u00e9 d&rsquo;un t\u00e9l\u00e9phone est plus forte lorsqu&rsquo;il vient d&rsquo;\u00eatre allum\u00e9.<\/p>\n<p><img decoding=\"async\" class=\"c-ad__placeholder__logo\" src=\"https:\/\/www.europesays.com\/fr\/wp-content\/uploads\/2025\/03\/logo-euronews-grey-6-180x22.svg.svg+xml\" width=\"180\" height=\"22\" alt=\"\" loading=\"lazy\"\/>PUBLICIT\u00c9<\/p>\n<p>Si vous d\u00e9cidez d&#8217;emporter votre ordinateur portable, veillez \u00e0 l&rsquo;\u00e9teindre correctement et \u00e0 ne pas vous contenter de le mettre en veille.<\/p>\n<p>D\u00e9sactivez \u00e9galement FaceID et TouchID utilis\u00e9s pour d\u00e9verrouiller les t\u00e9l\u00e9phones, car il s&rsquo;agit d&rsquo;une zone grise si les gardes-fronti\u00e8res peuvent pointer le t\u00e9l\u00e9phone vers vous pour le d\u00e9verrouiller.<\/p>\n<p><strong>5) Assurez-vous d&rsquo;avoir suffisamment d&rsquo;argent sur votre compte pour acheter un voyage de derni\u00e8re minute vers votre pays d&rsquo;origine.<\/strong><\/p>\n<p>Dans le cas de Lucas Sielaff, arr\u00eat\u00e9 \u00e0 la fronti\u00e8re entre le Mexique et les \u00c9tats-Unis cette ann\u00e9e, il a \u00e9t\u00e9 d\u00e9tenu pendant plusieurs jours, sans aucun signe de lib\u00e9ration.<\/p>\n<p><img decoding=\"async\" class=\"c-ad__placeholder__logo\" src=\"https:\/\/www.europesays.com\/fr\/wp-content\/uploads\/2025\/03\/logo-euronews-grey-6-180x22.svg.svg+xml\" width=\"180\" height=\"22\" alt=\"\" loading=\"lazy\"\/>PUBLICIT\u00c9<\/p>\n<p>Soudain, on lui a dit qu&rsquo;il pouvait rentrer chez lui et qu&rsquo;il devait r\u00e9server un vol direct pour l&rsquo;Allemagne. Dans ce cas, il a rapidement r\u00e9serv\u00e9 un vol pour pr\u00e8s de 3 000 euros, selon l&rsquo;Associated Press.<\/p>\n","protected":false},"excerpt":{"rendered":"PUBLICIT\u00c9 Le nombre de touristes visitant les \u00c9tats-Unis depuis l&rsquo;Allemagne a consid\u00e9rablement diminu\u00e9 depuis que le pr\u00e9sident am\u00e9ricain&hellip;\n","protected":false},"author":2,"featured_media":27039,"comment_status":"","ping_status":"","sticky":false,"template":"","format":"standard","meta":{"footnotes":""},"categories":[1589],"tags":[11,672,73,1866,12,9549,1864,1865,1863,308],"class_list":{"0":"post-27038","1":"post","2":"type-post","3":"status-publish","4":"format-standard","5":"has-post-thumbnail","7":"category-etats-unis","8":"tag-actualites","9":"tag-allemagne","10":"tag-etats-unis","11":"tag-etats-unis-damerique","12":"tag-news","13":"tag-tendances-voyage","14":"tag-united-states","15":"tag-united-states-of-america","16":"tag-us","17":"tag-usa"},"share_on_mastodon":{"url":"https:\/\/pubeurope.com\/@fr\/114343080329659000","error":""},"_links":{"self":[{"href":"https:\/\/www.europesays.com\/fr\/wp-json\/wp\/v2\/posts\/27038","targetHints":{"allow":["GET"]}}],"collection":[{"href":"https:\/\/www.europesays.com\/fr\/wp-json\/wp\/v2\/posts"}],"about":[{"href":"https:\/\/www.europesays.com\/fr\/wp-json\/wp\/v2\/types\/post"}],"author":[{"embeddable":true,"href":"https:\/\/www.europesays.com\/fr\/wp-json\/wp\/v2\/users\/2"}],"replies":[{"embeddable":true,"href":"https:\/\/www.europesays.com\/fr\/wp-json\/wp\/v2\/comments?post=27038"}],"version-history":[{"count":0,"href":"https:\/\/www.europesays.com\/fr\/wp-json\/wp\/v2\/posts\/27038\/revisions"}],"wp:featuredmedia":[{"embeddable":true,"href":"https:\/\/www.europesays.com\/fr\/wp-json\/wp\/v2\/media\/27039"}],"wp:attachment":[{"href":"https:\/\/www.europesays.com\/fr\/wp-json\/wp\/v2\/media?parent=27038"}],"wp:term":[{"taxonomy":"category","embeddable":true,"href":"https:\/\/www.europesays.com\/fr\/wp-json\/wp\/v2\/categories?post=27038"},{"taxonomy":"post_tag","embeddable":true,"href":"https:\/\/www.europesays.com\/fr\/wp-json\/wp\/v2\/tags?post=27038"}],"curies":[{"name":"wp","href":"https:\/\/api.w.org\/{rel}","templated":true}]}}