{"id":270382,"date":"2025-07-24T11:59:12","date_gmt":"2025-07-24T11:59:12","guid":{"rendered":"https:\/\/www.europesays.com\/fr\/270382\/"},"modified":"2025-07-24T11:59:12","modified_gmt":"2025-07-24T11:59:12","slug":"sur-les-routes-du-tour-de-france-2025-avec-soudal-quick-step-la-victoire-de-valentin-a-fait-du-bien-a-tout-le-monde","status":"publish","type":"post","link":"https:\/\/www.europesays.com\/fr\/270382\/","title":{"rendered":"Sur les routes du Tour de France 2025 avec Soudal Quick-Step\u00a0: \u00ab\u00a0La victoire de Valentin a fait du bien \u00e0 tout le monde\u00a0\u00bb"},"content":{"rendered":"<p class=\"ap-StoryElement ap-StoryElement--mb ap-StoryText\">\u00ab\u00a0Depuis l&rsquo;abandon de Remco samedi, l&rsquo;ambiance dans l&rsquo;\u00e9quipe \u00e9tait un peu bizarre. Tout le monde \u00e9tait un peu sonn\u00e9, \u00e0 commencer par moi \u00e9videmment. Mais je sentais que les gars avaient envie de faire un truc, de montrer qu&rsquo;ils \u00e9taient l\u00e0. La motivation \u00e9tait bien pr\u00e9sente dans la t\u00eate des coureurs.<\/p>\n<p><a href=\"https:\/\/www.dhnet.be\/sports\/cyclisme\/2025\/07\/23\/sur-les-routes-du-tour-de-france-2025-avec-soudal-quick-step-lorganisation-des-velos-sur-le-toit-de-la-voiture-cest-tres-strategique-STVYFBPYXVGOXPALVFZSJDP2FA\/\" target=\"_blank\" rel=\"noopener noreferrer\" class=\"ap-StoryInterstitialLink ap-StoryElement ap-StoryElement--mb\">Sur les routes du Tour de France 2025 avec Soudal Quick-Step : \u00ab\u00a0L&rsquo;organisation des v\u00e9los sur le toit de la voiture, c&rsquo;est tr\u00e8s strat\u00e9gique\u00a0\u00bb<\/a><\/p>\n<p class=\"ap-StoryElement ap-StoryElement--mb ap-StoryText\">La victoire de Valentin Paret-Peintre a fait du bien \u00e0 tout le monde. Honn\u00eatement, personne ne l&rsquo;avait vu venir. Un coureur fran\u00e7ais qui gagne au Mont Ventoux, c&rsquo;est incroyable. \u00c0 l&rsquo;arriv\u00e9e, il y a eu beaucoup de larmes. Toutes les \u00e9motions retenues par l&rsquo;ensemble du groupe sont sorties. Le soir, comme c&rsquo;est le cas apr\u00e8s chaque succ\u00e8s, on a bu une coupe de champagne. Et Valentin a fait un discours. J&rsquo;ai vu que c&rsquo;est un exercice dont il ne raffole pas parce qu&rsquo;il est de nature taiseuse, je crois. C&rsquo;est un homme de peu de mots. Mais il a remerci\u00e9 tout le monde. Je sentais un soulagement g\u00e9n\u00e9ral, mais aussi une fiert\u00e9 collective d&rsquo;accumuler les victoires. Nous, membres du staff, avons vraiment profit\u00e9 de cette soir\u00e9e. Calmement et sans exc\u00e8s mais on a pris le temps de savourer. Je pense que je suis all\u00e9 dormir vers minuit.<\/p>\n<p>Pour acc\u00e9der \u00e0 cet article, veuillez vous connecter au r\u00e9seau internet.<\/p>\n","protected":false},"excerpt":{"rendered":"\u00ab\u00a0Depuis l&rsquo;abandon de Remco samedi, l&rsquo;ambiance dans l&rsquo;\u00e9quipe \u00e9tait un peu bizarre. Tout le monde \u00e9tait un peu&hellip;\n","protected":false},"author":2,"featured_media":270383,"comment_status":"","ping_status":"","sticky":false,"template":"","format":"standard","meta":{"footnotes":""},"categories":[1411],"tags":[1151,17,40963,40964,40965,40966,828,9999,10001,6829,1154,207,40967,40968,40969,2263,2269,2257,63,1011,27,14,40970,3238,4361,1161,12044,40971,7720,40972,40973,19582,40974,5486,40975,40976,8359,517,60,26401,40977,455,40978,8363,40979,8364,28],"class_list":{"0":"post-270382","1":"post","2":"type-post","3":"status-publish","4":"format-standard","5":"has-post-thumbnail","7":"category-cyclisme","8":"tag-nicovereeckenfoto","9":"tag-17","10":"tag-activities","11":"tag-belgian","12":"tag-belgianreddevils","13":"tag-belgie","14":"tag-belgique","15":"tag-belgium","16":"tag-brussels","17":"tag-cup","18":"tag-cycling","19":"tag-cyclisme","20":"tag-devils","21":"tag-diables","22":"tag-duivels","23":"tag-equipe","24":"tag-fifa","25":"tag-foot","26":"tag-football","27":"tag-fr","28":"tag-france","29":"tag-international","30":"tag-kbvb","31":"tag-national","32":"tag-nationale","33":"tag-nico-vereecken","34":"tag-pays-de-galles","35":"tag-ploeg","36":"tag-qualification","37":"tag-qualifier","38":"tag-rbfa","39":"tag-red","40":"tag-redtogether","41":"tag-rencontre","42":"tag-rode","43":"tag-rouges","44":"tag-soccer","45":"tag-sport","46":"tag-sports","47":"tag-team","48":"tag-tousensemble","49":"tag-uefa","50":"tag-urbsfa","51":"tag-voetbal","52":"tag-wales","53":"tag-wedstrijd","54":"tag-world"},"share_on_mastodon":{"url":"","error":"Validation failed: Text character limit of 500 exceeded"},"_links":{"self":[{"href":"https:\/\/www.europesays.com\/fr\/wp-json\/wp\/v2\/posts\/270382","targetHints":{"allow":["GET"]}}],"collection":[{"href":"https:\/\/www.europesays.com\/fr\/wp-json\/wp\/v2\/posts"}],"about":[{"href":"https:\/\/www.europesays.com\/fr\/wp-json\/wp\/v2\/types\/post"}],"author":[{"embeddable":true,"href":"https:\/\/www.europesays.com\/fr\/wp-json\/wp\/v2\/users\/2"}],"replies":[{"embeddable":true,"href":"https:\/\/www.europesays.com\/fr\/wp-json\/wp\/v2\/comments?post=270382"}],"version-history":[{"count":0,"href":"https:\/\/www.europesays.com\/fr\/wp-json\/wp\/v2\/posts\/270382\/revisions"}],"wp:featuredmedia":[{"embeddable":true,"href":"https:\/\/www.europesays.com\/fr\/wp-json\/wp\/v2\/media\/270383"}],"wp:attachment":[{"href":"https:\/\/www.europesays.com\/fr\/wp-json\/wp\/v2\/media?parent=270382"}],"wp:term":[{"taxonomy":"category","embeddable":true,"href":"https:\/\/www.europesays.com\/fr\/wp-json\/wp\/v2\/categories?post=270382"},{"taxonomy":"post_tag","embeddable":true,"href":"https:\/\/www.europesays.com\/fr\/wp-json\/wp\/v2\/tags?post=270382"}],"curies":[{"name":"wp","href":"https:\/\/api.w.org\/{rel}","templated":true}]}}