{"id":270388,"date":"2025-07-24T12:02:12","date_gmt":"2025-07-24T12:02:12","guid":{"rendered":"https:\/\/www.europesays.com\/fr\/270388\/"},"modified":"2025-07-24T12:02:12","modified_gmt":"2025-07-24T12:02:12","slug":"quinze-ans-et-plus-que-jamais-la-banane","status":"publish","type":"post","link":"https:\/\/www.europesays.com\/fr\/270388\/","title":{"rendered":"quinze ans et plus que jamais la banane"},"content":{"rendered":"<p>\u00ab\u00a0Les expositions sont des rencontres\u00a0\u00bb. C\u2019\u00e9tait il y a cinq ans, quelques mois \u00e0 peine apr\u00e8s son arriv\u00e9e \u00e0 la direction de <a href=\"https:\/\/www.centrepompidou-metz.fr\/fr\" target=\"_blank\" rel=\"noopener\">Pompidou-Metz<\/a>. Nous demandions alors \u00e0 Chiara Parisi quelle place prenait l\u2019intuition dans ses choix de programmation. \u00ab\u00a0Elle est, dans la vie ou dans mon m\u00e9tier, fondamentale\u00a0\u00bb, confiait celle qui r\u00eavait, enfant, de devenir \u00ab\u00a0gymnaste et po\u00e9tesse\u00a0\u00bb.<\/p>\n<p>Et il en faut, de la souplesse et de l\u2019imagination, pour surprendre, parfois provoquer, comme ce point d\u2019interrogation qui interpellait, d\u00e9j\u00e0, avec l\u2019exposition inaugurale \u00ab\u00a0Chefs-d\u2019\u0153uvre\u00a0?\u00a0\u00bb en 2010.<\/p>\n<p>Quand ce n\u2019est pas <a href=\"https:\/\/www.republicain-lorrain.fr\/faits-divers-justice\/2025\/07\/18\/a-pompidou-metz-la-banane-millionnaire-croquee-par-un-visiteur-je-voulais-juste-gouter-un-fruit-valant-6-millions-de-dollars\" target=\"_blank\" rel=\"noopener\">un touriste n\u00e9erlandais qui d\u00e9cide, il y a quelques jours de d\u00e9guster &#8211; au sens propre et au sens figur\u00e9 &#8211; une \u0153uvre\u00a0: la banane, estim\u00e9e \u00e0 plusieurs millions de dollars, de Maurizio Cattelan<\/a> \u00a0 <a href=\"https:\/\/www.centrepompidou-metz.fr\/fr\/programmation\/exposition\/dimanche-sans-fin\" target=\"_blank\" rel=\"noopener\">(\u00ab\u00a0Dimanche sans fin\u00a0\u00bb jusqu\u2019au 2\u00a0f\u00e9vrier 2027)<\/a> \u2026<\/p>\n<p>Ce contenu est bloqu\u00e9 car vous n&rsquo;avez pas accept\u00e9 les cookies et autres traceurs.<\/p>\n<p>En cliquant sur \u00ab J\u2019accepte \u00bb, les cookies et autres traceurs seront d\u00e9pos\u00e9s et vous pourrez visualiser les contenus  (<a href=\"\" class=\"consentModule_policy\" target=\"_blank\" title=\"Consulter la politique de protection des donn\u00e9es du fournisseur\">plus d&rsquo;informations<\/a>).<\/p>\n<p>En cliquant sur \u00ab J\u2019accepte tous les cookies \u00bb, vous autorisez des d\u00e9p\u00f4ts de cookies et autres traceurs pour le stockage de vos donn\u00e9es sur nos sites et applications \u00e0 des fins de personnalisation et de ciblage publicitaire.<\/p>\n<p class=\"consentModule_secondaryText\">Vous gardez la possibilit\u00e9 de retirer votre consentement \u00e0 tout moment en consultant notre <a href=\"https:\/\/www.republicain-lorrain.fr\/protection-des-donnees\" target=\"_blank\" title=\"Consulter notre politique de protection des donn\u00e9es\" rel=\"noopener\">politique de protection des donn\u00e9es<\/a>. <br \/>&#13;<br \/>\n            <a href=\"https:\/\/www.republicain-lorrain.fr\/culture-loisirs\/2025\/07\/24\/javascript:Didomi.notice.show()\" class=\"consentModule_cmp\" target=\"_blank\" rel=\"noopener\">G\u00e9rer mes choix<\/a>&#13;\n        <\/p>\n<p>&#13;<br \/>\n                        J&rsquo;accepte&#13;<br \/>\n            J&rsquo;accepte tous les cookies&#13;\n        <\/p>\n<p>  D\u00e9ambulations<\/p>\n<p>Depuis quinze ans \u2013 le centre les a f\u00eat\u00e9s en mai \u2013, plus de cinq millions de visiteurs sont pr\u00e9cis\u00e9ment partis \u00e0 la rencontre de l\u2019art \u00e0 bord du vaisseau dessin\u00e9 par les architectes Shigeru Ban et Jean de Gastines. De grandes \u00e9vasions pour changer d\u2019univers. De Suzanne Valadon \u00e0 Fernand L\u00e9ger, d\u2019Eva Aeppli \u00e0 Andr\u00e9 Masson, de Chagall \u00e0 Arcimboldo. \u00ab\u00a0Adolescente, j\u2019ai visit\u00e9 \u00e0 Palazzo Grassi \u00e0 Venice une exposition qui lui \u00e9tait d\u00e9di\u00e9e\u00a0\u00bb, racontait aussi la Romaine. \u00ab\u00a0M\u00eame maintenant, j\u2019aime penser qu\u2019il m\u2019a donn\u00e9 le r\u00eave d\u2019\u00e9tudier l\u2019histoire de l\u2019art et de la transmettre au public.\u00a0\u00bb L\u2019esprit d\u2019ouverture, d\u2019audace et de partage de Chiara Parisi s\u00e9duit un public de plus en plus nombreux et diversifi\u00e9.<\/p>\n<p>Ce contenu est bloqu\u00e9 car vous n&rsquo;avez pas accept\u00e9 les cookies et autres traceurs.<\/p>\n<p>En cliquant sur \u00ab J\u2019accepte \u00bb, les cookies et autres traceurs seront d\u00e9pos\u00e9s et vous pourrez visualiser les contenus  (<a href=\"\" class=\"consentModule_policy\" target=\"_blank\" title=\"Consulter la politique de protection des donn\u00e9es du fournisseur\">plus d&rsquo;informations<\/a>).<\/p>\n<p>En cliquant sur \u00ab J\u2019accepte tous les cookies \u00bb, vous autorisez des d\u00e9p\u00f4ts de cookies et autres traceurs pour le stockage de vos donn\u00e9es sur nos sites et applications \u00e0 des fins de personnalisation et de ciblage publicitaire.<\/p>\n<p class=\"consentModule_secondaryText\">Vous gardez la possibilit\u00e9 de retirer votre consentement \u00e0 tout moment en consultant notre <a href=\"https:\/\/www.republicain-lorrain.fr\/protection-des-donnees\" target=\"_blank\" title=\"Consulter notre politique de protection des donn\u00e9es\" rel=\"noopener\">politique de protection des donn\u00e9es<\/a>. <br \/>&#13;<br \/>\n            <a href=\"https:\/\/www.republicain-lorrain.fr\/culture-loisirs\/2025\/07\/24\/javascript:Didomi.notice.show()\" class=\"consentModule_cmp\" target=\"_blank\" rel=\"noopener\">G\u00e9rer mes choix<\/a>&#13;\n        <\/p>\n<p>&#13;<br \/>\n                        J&rsquo;accepte&#13;<br \/>\n            J&rsquo;accepte tous les cookies&#13;\n        <\/p>\n<p>  Innovations<\/p>\n<p>En 2024, Pompidou-Metz a ainsi accueilli 308\u00a0438 visiteurs, enregistrant une hausse de 2,3\u00a0% par rapport \u00e0 2023. Avec un rajeunissement des publics \u2013 l\u2019\u00e2ge moyen est pass\u00e9 sous le seuil des 36 ans en 2024 (contre 46 ans en 2019) \u2013 et un rayonnement international croissant, notamment en provenance d\u2019Allemagne, du Luxembourg, de Belgique, des Pays-Bas et de Suisse. Chiara Parisi l\u2019assume et le revendique\u00a0: <a href=\"https:\/\/www.republicain-lorrain.fr\/culture-loisirs\/2024\/11\/18\/chiara-parisi-du-centre-pompidou-metz-le-public-aime-qu-on-le-sorte-de-sa-zone-de-confort\" target=\"_blank\" rel=\"noopener\">\u00ab\u00a0Les gens aiment qu\u2019on soit originaux et qu\u2019on les sorte de leur zone de confort\u00a0!\u00a0\u00bb<\/a><\/p>\n<p>Ce contenu est bloqu\u00e9 car vous n&rsquo;avez pas accept\u00e9 les cookies et autres traceurs.<\/p>\n<p>En cliquant sur \u00ab J\u2019accepte \u00bb, les cookies et autres traceurs seront d\u00e9pos\u00e9s et vous pourrez visualiser les contenus  (<a href=\"\" class=\"consentModule_policy\" target=\"_blank\" title=\"Consulter la politique de protection des donn\u00e9es du fournisseur\">plus d&rsquo;informations<\/a>).<\/p>\n<p>En cliquant sur \u00ab J\u2019accepte tous les cookies \u00bb, vous autorisez des d\u00e9p\u00f4ts de cookies et autres traceurs pour le stockage de vos donn\u00e9es sur nos sites et applications \u00e0 des fins de personnalisation et de ciblage publicitaire.<\/p>\n<p class=\"consentModule_secondaryText\">Vous gardez la possibilit\u00e9 de retirer votre consentement \u00e0 tout moment en consultant notre <a href=\"https:\/\/www.republicain-lorrain.fr\/protection-des-donnees\" target=\"_blank\" title=\"Consulter notre politique de protection des donn\u00e9es\" rel=\"noopener\">politique de protection des donn\u00e9es<\/a>. <br \/>&#13;<br \/>\n            <a href=\"https:\/\/www.republicain-lorrain.fr\/culture-loisirs\/2025\/07\/24\/javascript:Didomi.notice.show()\" class=\"consentModule_cmp\" target=\"_blank\" rel=\"noopener\">G\u00e9rer mes choix<\/a>&#13;\n        <\/p>\n<p>&#13;<br \/>\n                        J&rsquo;accepte&#13;<br \/>\n            J&rsquo;accepte tous les cookies&#13;\n        <\/p>\n<p>   D\u00e9gustations <\/p>\n<p>Pompidou-Metz, <a href=\"https:\/\/www.centrepompidou-metz.fr\/fr\/programmation\/exposition\/copistes\" target=\"_blank\" rel=\"noopener\">qui accueille jusqu\u2019au 2\u00a0f\u00e9vrier 2026, en collaboration exceptionnelle avec le mus\u00e9e du Louvre,<\/a> une exposition in\u00e9dite de cr\u00e9ation de copistes, veut aiguiser tous les app\u00e9tits. <a href=\"https:\/\/www.republicain-lorrain.fr\/culture-loisirs\/2025\/03\/31\/charles-coulombeau-l-etoile-du-travail-de-l-humilite-et-de-la-rigueur\" target=\"_blank\" rel=\"noopener\">Le 31\u00a0mars, le Yozora, situ\u00e9 depuis juin\u00a02024 dans l\u2019enceinte m\u00eame du centre, s\u2019est vu d\u00e9cerner sa premi\u00e8re \u00e9toile Michelin<\/a>. Le chef Charles Coulombeau, <a href=\"https:\/\/www.republicain-lorrain.fr\/economie\/2025\/03\/27\/du-potager-a-l-assiette-la-creation-de-deux-chefs-etoiles-par-le-menu\" target=\"_blank\" rel=\"noopener\">d\u00e9j\u00e0 distingu\u00e9 \u00e0 Nancy avec \u00ab\u00a0La Maison dans le Parc\u00a0\u00bb<\/a> , a sign\u00e9 une premi\u00e8re en France. Jamais un restaurant implant\u00e9 dans un mus\u00e9e n\u2019\u00e9tait entr\u00e9 dans le prestigieux guide rouge. Depuis 2010, Pompidou-Metz a su jouer la carte de la cr\u00e9ativit\u00e9.<\/p>\n<p>Ce contenu est bloqu\u00e9 car vous n&rsquo;avez pas accept\u00e9 les cookies et autres traceurs.<\/p>\n<p>En cliquant sur \u00ab J\u2019accepte \u00bb, les cookies et autres traceurs seront d\u00e9pos\u00e9s et vous pourrez visualiser les contenus  (<a href=\"\" class=\"consentModule_policy\" target=\"_blank\" title=\"Consulter la politique de protection des donn\u00e9es du fournisseur\">plus d&rsquo;informations<\/a>).<\/p>\n<p>En cliquant sur \u00ab J\u2019accepte tous les cookies \u00bb, vous autorisez des d\u00e9p\u00f4ts de cookies et autres traceurs pour le stockage de vos donn\u00e9es sur nos sites et applications \u00e0 des fins de personnalisation et de ciblage publicitaire.<\/p>\n<p class=\"consentModule_secondaryText\">Vous gardez la possibilit\u00e9 de retirer votre consentement \u00e0 tout moment en consultant notre <a href=\"https:\/\/www.republicain-lorrain.fr\/protection-des-donnees\" target=\"_blank\" title=\"Consulter notre politique de protection des donn\u00e9es\" rel=\"noopener\">politique de protection des donn\u00e9es<\/a>. <br \/>&#13;<br \/>\n            <a href=\"https:\/\/www.republicain-lorrain.fr\/culture-loisirs\/2025\/07\/24\/javascript:Didomi.notice.show()\" class=\"consentModule_cmp\" target=\"_blank\" rel=\"noopener\">G\u00e9rer mes choix<\/a>&#13;\n        <\/p>\n<p>&#13;<br \/>\n                        J&rsquo;accepte&#13;<br \/>\n            J&rsquo;accepte tous les cookies&#13;\n        <\/p>\n","protected":false},"excerpt":{"rendered":"\u00ab\u00a0Les expositions sont des rencontres\u00a0\u00bb. C\u2019\u00e9tait il y a cinq ans, quelques mois \u00e0 peine apr\u00e8s son arriv\u00e9e&hellip;\n","protected":false},"author":2,"featured_media":270389,"comment_status":"","ping_status":"","sticky":false,"template":"","format":"standard","meta":{"footnotes":""},"categories":[1358],"tags":[1348,1384,1385,650,6211,1687,1386,58,5598,59,2271,1011,27,1036,31022,2410,20065,6212,6213,873,2661,3456,5486,3140],"class_list":{"0":"post-270388","1":"post","2":"type-post","3":"status-publish","4":"format-standard","5":"has-post-thumbnail","7":"category-arts-et-design","8":"tag-arts","9":"tag-arts-and-design","10":"tag-arts-et-design","11":"tag-cinema","12":"tag-conference","13":"tag-culture-loisirs","14":"tag-design","15":"tag-divertissement","16":"tag-edition-metz-et-agglomeration","17":"tag-entertainment","18":"tag-exposition-arts-plastiques","19":"tag-fr","20":"tag-france","21":"tag-jeux-video","22":"tag-le-guide-de-lete-lorraine","23":"tag-livres-bd","24":"tag-magazine-tourisme-et-patrimoine","25":"tag-metz","26":"tag-metz-ville-57b","27":"tag-musique","28":"tag-patrimoine-culturel","29":"tag-region-lorraine","30":"tag-rencontre","31":"tag-spectacle"},"share_on_mastodon":{"url":"https:\/\/pubeurope.com\/@fr\/114908112109629665","error":""},"_links":{"self":[{"href":"https:\/\/www.europesays.com\/fr\/wp-json\/wp\/v2\/posts\/270388","targetHints":{"allow":["GET"]}}],"collection":[{"href":"https:\/\/www.europesays.com\/fr\/wp-json\/wp\/v2\/posts"}],"about":[{"href":"https:\/\/www.europesays.com\/fr\/wp-json\/wp\/v2\/types\/post"}],"author":[{"embeddable":true,"href":"https:\/\/www.europesays.com\/fr\/wp-json\/wp\/v2\/users\/2"}],"replies":[{"embeddable":true,"href":"https:\/\/www.europesays.com\/fr\/wp-json\/wp\/v2\/comments?post=270388"}],"version-history":[{"count":0,"href":"https:\/\/www.europesays.com\/fr\/wp-json\/wp\/v2\/posts\/270388\/revisions"}],"wp:featuredmedia":[{"embeddable":true,"href":"https:\/\/www.europesays.com\/fr\/wp-json\/wp\/v2\/media\/270389"}],"wp:attachment":[{"href":"https:\/\/www.europesays.com\/fr\/wp-json\/wp\/v2\/media?parent=270388"}],"wp:term":[{"taxonomy":"category","embeddable":true,"href":"https:\/\/www.europesays.com\/fr\/wp-json\/wp\/v2\/categories?post=270388"},{"taxonomy":"post_tag","embeddable":true,"href":"https:\/\/www.europesays.com\/fr\/wp-json\/wp\/v2\/tags?post=270388"}],"curies":[{"name":"wp","href":"https:\/\/api.w.org\/{rel}","templated":true}]}}