{"id":270390,"date":"2025-07-24T12:03:10","date_gmt":"2025-07-24T12:03:10","guid":{"rendered":"https:\/\/www.europesays.com\/fr\/270390\/"},"modified":"2025-07-24T12:03:10","modified_gmt":"2025-07-24T12:03:10","slug":"marie-dominique-lelievre-sagan-a-toute-allure-ed-revisee-et-enrichie","status":"publish","type":"post","link":"https:\/\/www.europesays.com\/fr\/270390\/","title":{"rendered":"Marie-Dominique Leli\u00e8vre, Sagan \u00e0 toute allure (\u00e9d. r\u00e9vis\u00e9e et enrichie)"},"content":{"rendered":"<p>Vibrante ic\u00f4ne dont l\u2019anticonformisme d\u00e9licieusement scandaleux et le mode de vie solaire ont incarn\u00e9 les r\u00eaves de plusieurs g\u00e9n\u00e9rations depuis l\u2019apr\u00e8s-guerre, Fran\u00e7oise Sagan habite notre imaginaire. Marie-Dominique Leli\u00e8vre l\u2019a prise en filature et revisite son mythe.<\/p>\n<p>Menant une enqu\u00eate litt\u00e9raire \u00e0 suspense, elle a eu acc\u00e8s \u00e0 des archives confidentielles. Elle a rencontr\u00e9 les amis intimes de Sagan, Florence Malraux et Bernard Frank, mais aussi ses secr\u00e9taires, sa derni\u00e8re compagne, son fils, sa banqui\u00e8re, ses m\u00e9decins, ses \u00e9diteurs, sa gouvernante. Elle a visit\u00e9 ses maisons, feuillet\u00e9 ses livres, consult\u00e9 ses manuscrits et sa garde-robe, \u00e9cout\u00e9 ses disques et m\u00eame dormi dans son lit\u2026<\/p>\n<p>De cet incroyable et bouleversant voyage au pays de Sagan, elle nous ram\u00e8ne une biographie \u00e9tonnamment vivante, un magnifique r\u00e9cit au lexique fin et inventif, un kal\u00e9idoscope foisonnant de documents secrets, de coups de th\u00e9\u00e2tre, d\u2019\u00e9motions, de r\u00e9v\u00e9lations, brossant le portrait en clair-obscur d\u2019une femme fragile et attachante\u2026<\/p>\n<p><strong><a href=\"https:\/\/www.denoel.fr\/catalogue\/sagan-a-toute-allure\/9782207184998#block-feuilleter\" rel=\"nofollow noopener\" target=\"_blank\">Feuilleter l&rsquo;ouvrage\u2026<\/a><\/strong><\/p>\n","protected":false},"excerpt":{"rendered":"Vibrante ic\u00f4ne dont l\u2019anticonformisme d\u00e9licieusement scandaleux et le mode de vie solaire ont incarn\u00e9 les r\u00eaves de plusieurs&hellip;\n","protected":false},"author":2,"featured_media":270391,"comment_status":"","ping_status":"","sticky":false,"template":"","format":"standard","meta":{"footnotes":""},"categories":[1357],"tags":[1379,58,59,1011,27,1380],"class_list":{"0":"post-270390","1":"post","2":"type-post","3":"status-publish","4":"format-standard","5":"has-post-thumbnail","7":"category-livres","8":"tag-books","9":"tag-divertissement","10":"tag-entertainment","11":"tag-fr","12":"tag-france","13":"tag-livres"},"share_on_mastodon":{"url":"https:\/\/pubeurope.com\/@fr\/114908116095967408","error":""},"_links":{"self":[{"href":"https:\/\/www.europesays.com\/fr\/wp-json\/wp\/v2\/posts\/270390","targetHints":{"allow":["GET"]}}],"collection":[{"href":"https:\/\/www.europesays.com\/fr\/wp-json\/wp\/v2\/posts"}],"about":[{"href":"https:\/\/www.europesays.com\/fr\/wp-json\/wp\/v2\/types\/post"}],"author":[{"embeddable":true,"href":"https:\/\/www.europesays.com\/fr\/wp-json\/wp\/v2\/users\/2"}],"replies":[{"embeddable":true,"href":"https:\/\/www.europesays.com\/fr\/wp-json\/wp\/v2\/comments?post=270390"}],"version-history":[{"count":0,"href":"https:\/\/www.europesays.com\/fr\/wp-json\/wp\/v2\/posts\/270390\/revisions"}],"wp:featuredmedia":[{"embeddable":true,"href":"https:\/\/www.europesays.com\/fr\/wp-json\/wp\/v2\/media\/270391"}],"wp:attachment":[{"href":"https:\/\/www.europesays.com\/fr\/wp-json\/wp\/v2\/media?parent=270390"}],"wp:term":[{"taxonomy":"category","embeddable":true,"href":"https:\/\/www.europesays.com\/fr\/wp-json\/wp\/v2\/categories?post=270390"},{"taxonomy":"post_tag","embeddable":true,"href":"https:\/\/www.europesays.com\/fr\/wp-json\/wp\/v2\/tags?post=270390"}],"curies":[{"name":"wp","href":"https:\/\/api.w.org\/{rel}","templated":true}]}}