{"id":270414,"date":"2025-07-24T12:18:11","date_gmt":"2025-07-24T12:18:11","guid":{"rendered":"https:\/\/www.europesays.com\/fr\/270414\/"},"modified":"2025-07-24T12:18:11","modified_gmt":"2025-07-24T12:18:11","slug":"la-guinguette-de-la-porte-de-la-craffe-va-exceptionnellement-rester-ouverte-plus-longtemps-cet-ete","status":"publish","type":"post","link":"https:\/\/www.europesays.com\/fr\/270414\/","title":{"rendered":"la guinguette de la porte de la Craffe va exceptionnellement rester ouverte plus longtemps\u00a0cet\u00a0\u00e9t\u00e9"},"content":{"rendered":"<p>            Par<br \/>\n        <strong><br \/>\n            <a href=\"https:\/\/actu.fr\/auteur\/pierre-emile-bouchy-actu-fr\" title=\"Consulter tous les articles de Paul-Emile Bouchy\" rel=\"nofollow noopener\" target=\"_blank\">Paul-Emile Bouchy<\/a><br \/>\n        <\/strong><\/p>\n<p>        Publi\u00e9 le<\/p>\n<p>            24 juil. 2025 \u00e0 12h15        <\/p>\n<p>Durant l\u2019\u00e9t\u00e9 \u00e0 <strong>Nancy<\/strong>, plusieurs animations sont propos\u00e9es aux habitants comme <a href=\"https:\/\/actu.fr\/grand-est\/nancy_54395\/nouveau-son-et-lumiere-place-stanislas-a-nancy-on-vous-dit-tout-de-l-edition-2025_62772116.html\" rel=\"nofollow noopener\" target=\"_blank\">le son et lumi\u00e8re place Stanislas<\/a>, la <a href=\"https:\/\/actu.fr\/grand-est\/nancy_54395\/la-plage-des-deux-rives-revient-cet-ete-a-nancy-ce-qu-il-faut-savoir-de-l-edition-2025_62587188.html\" rel=\"nofollow noopener\" target=\"_blank\">plage des Deux Rives<\/a> ou encore les <a href=\"https:\/\/actu.fr\/grand-est\/nancy_54395\/nouveaute-horaires-lieux-voici-tout-ce-qu-il-faut-savoir-sur-le-retour-des-guinguettes-cet-ete-a-nancy_62732405.html\" rel=\"nofollow noopener\" target=\"_blank\">guinguettes<\/a>.<\/p>\n<p class=\" wall-content\">Justement, l\u2019une d\u2019entre elles joue les prolongations. Alors qu\u2019elle devait fermer le jeudi 31\u00a0juillet, <strong>la guinguette de la porte de la Craffe va rester ouverte<\/strong> <strong>plus longtemps.<\/strong><\/p>\n<p>Une guinguette ouverte jusqu\u2019\u00e0 la fin du mois d\u2019ao\u00fbt<\/p>\n<p class=\" wall-content\">Situ\u00e9e sur la terrasse de la porte m\u00e9di\u00e9vale, Daisy Craffe va finalement \u00eatre <strong>ouverte jusqu\u2019au dimanche 31\u00a0ao\u00fbt<\/strong>, comme les autres guinguettes de Nancy\u2009:<\/p>\n<ul class=\" wall-content\">\n<li>les jeudis de 16h \u00e0 22h\u2009;<\/li>\n<li>les vendredis et samedis de 12h \u00e0 22h\u2009;<\/li>\n<li>les dimanches de 12h \u00e0 21h.<\/li>\n<\/ul>\n<p class=\" wall-content\">Port\u00e9e par Le Grenier de Callot, elle propose une offre de restauration dans une ambiance musicale et conviviale.<\/p>\n<p class=\" wall-content\">Suivez toute l\u2019actualit\u00e9 de vos villes et m\u00e9dias favoris en vous inscrivant \u00e0 <a href=\"https:\/\/moncompte.actu.fr\" title=\"D\u00e9couvez Mon Actu\" rel=\"nofollow noopener\" data-trk=\"{&quot;cta&quot;:{&quot;action&quot;:&quot;https:\\\/\\\/moncompte.actu.fr&quot;,&quot;category&quot;:&quot;mon compte&quot;,&quot;from&quot;:&quot;article footer&quot;,&quot;name&quot;:&quot;Mon actu&quot;,&quot;type&quot;:&quot;cta&quot;}}\" target=\"_blank\">Mon Actu<\/a>.<\/p>\n","protected":false},"excerpt":{"rendered":"Par Paul-Emile Bouchy Publi\u00e9 le 24 juil. 2025 \u00e0 12h15 Durant l\u2019\u00e9t\u00e9 \u00e0 Nancy, plusieurs animations sont propos\u00e9es&hellip;\n","protected":false},"author":2,"featured_media":270415,"comment_status":"","ping_status":"","sticky":false,"template":"","format":"standard","meta":{"footnotes":""},"categories":[9635],"tags":[1111,11,1777,674,1011,27,775,5691,1702,12,25,104],"class_list":{"0":"post-270414","1":"post","2":"type-post","3":"status-publish","4":"format-standard","5":"has-post-thumbnail","7":"category-nancy","8":"tag-actu","9":"tag-actualites","10":"tag-eu","11":"tag-europe","12":"tag-fr","13":"tag-france","14":"tag-grand-est","15":"tag-guinguette","16":"tag-nancy","17":"tag-news","18":"tag-republique-francaise","19":"tag-societe"},"share_on_mastodon":{"url":"https:\/\/pubeurope.com\/@fr\/114908175042557798","error":""},"_links":{"self":[{"href":"https:\/\/www.europesays.com\/fr\/wp-json\/wp\/v2\/posts\/270414","targetHints":{"allow":["GET"]}}],"collection":[{"href":"https:\/\/www.europesays.com\/fr\/wp-json\/wp\/v2\/posts"}],"about":[{"href":"https:\/\/www.europesays.com\/fr\/wp-json\/wp\/v2\/types\/post"}],"author":[{"embeddable":true,"href":"https:\/\/www.europesays.com\/fr\/wp-json\/wp\/v2\/users\/2"}],"replies":[{"embeddable":true,"href":"https:\/\/www.europesays.com\/fr\/wp-json\/wp\/v2\/comments?post=270414"}],"version-history":[{"count":0,"href":"https:\/\/www.europesays.com\/fr\/wp-json\/wp\/v2\/posts\/270414\/revisions"}],"wp:featuredmedia":[{"embeddable":true,"href":"https:\/\/www.europesays.com\/fr\/wp-json\/wp\/v2\/media\/270415"}],"wp:attachment":[{"href":"https:\/\/www.europesays.com\/fr\/wp-json\/wp\/v2\/media?parent=270414"}],"wp:term":[{"taxonomy":"category","embeddable":true,"href":"https:\/\/www.europesays.com\/fr\/wp-json\/wp\/v2\/categories?post=270414"},{"taxonomy":"post_tag","embeddable":true,"href":"https:\/\/www.europesays.com\/fr\/wp-json\/wp\/v2\/tags?post=270414"}],"curies":[{"name":"wp","href":"https:\/\/api.w.org\/{rel}","templated":true}]}}