{"id":270416,"date":"2025-07-24T12:19:15","date_gmt":"2025-07-24T12:19:15","guid":{"rendered":"https:\/\/www.europesays.com\/fr\/270416\/"},"modified":"2025-07-24T12:19:15","modified_gmt":"2025-07-24T12:19:15","slug":"nancy-apres-lorage-la-facade-de-lhotel-de-ville-inspectee","status":"publish","type":"post","link":"https:\/\/www.europesays.com\/fr\/270416\/","title":{"rendered":"Nancy. Apr\u00e8s l\u2019orage, la fa\u00e7ade de l\u2019h\u00f4tel de ville inspect\u00e9e"},"content":{"rendered":"<p>Ce jeudi matin, suite <a href=\"https:\/\/www.estrepublicain.fr\/environnement\/2025\/07\/20\/alerte-orange-chute-d-arbre-rues-et-circulation-coupees\" target=\"_blank\" rel=\"noopener\">aux d\u00e9g\u00e2ts occasionn\u00e9s par l\u2019orage de dimanche<\/a> sur la fa\u00e7ade de l\u2019h\u00f4tel de ville, au niveau de l\u2019horloge, les techniciens de l\u2019entreprise France Lanord et Bichaton inspectent et interviennent sur la partie endommag\u00e9e pour conna\u00eetre l\u2019\u00e9tendue des d\u00e9g\u00e2ts, \u00e0 la hauteur du fronton et de l\u2019horloge.<\/p>\n<p>Depuis la fin de journ\u00e9e de dimanche, la fa\u00e7ade\u00a0de la <a href=\"https:\/\/www.estrepublicain.fr\/p\/place-stanislas\" target=\"_blank\" rel=\"noopener\">place Stanislas<\/a> est prot\u00e9g\u00e9e par des barri\u00e8res pour des raisons de s\u00e9curit\u00e9.<\/p>\n<p>La prudence est de mise\u00a0: un \u00e9l\u00e9ment d\u00e9coratif de l\u2019\u00e9glise Saint-L\u00e9on est tomb\u00e9, lors du m\u00eame \u00e9pisode orageux, qui avait vu de nombreuses branches d\u2019arbres mises \u00e0 terre par un violent coup de vent et de pluie.<\/p>\n","protected":false},"excerpt":{"rendered":"Ce jeudi matin, suite aux d\u00e9g\u00e2ts occasionn\u00e9s par l\u2019orage de dimanche sur la fa\u00e7ade de l\u2019h\u00f4tel de ville,&hellip;\n","protected":false},"author":2,"featured_media":270417,"comment_status":"","ping_status":"","sticky":false,"template":"","format":"standard","meta":{"footnotes":""},"categories":[9635],"tags":[119,1111,11,1704,436,1777,674,274,1011,27,775,8423,1702,1703,12,25],"class_list":{"0":"post-270416","1":"post","2":"type-post","3":"status-publish","4":"format-standard","5":"has-post-thumbnail","7":"category-nancy","8":"tag-accident","9":"tag-actu","10":"tag-actualites","11":"tag-edition-nancy-et-agglomeration","12":"tag-environnement","13":"tag-eu","14":"tag-europe","15":"tag-faits-divers-justice","16":"tag-fr","17":"tag-france","18":"tag-grand-est","19":"tag-meteorologie-climat","20":"tag-nancy","21":"tag-nancy-ville-54b","22":"tag-news","23":"tag-republique-francaise"},"share_on_mastodon":{"url":"https:\/\/pubeurope.com\/@fr\/114908178912068620","error":""},"_links":{"self":[{"href":"https:\/\/www.europesays.com\/fr\/wp-json\/wp\/v2\/posts\/270416","targetHints":{"allow":["GET"]}}],"collection":[{"href":"https:\/\/www.europesays.com\/fr\/wp-json\/wp\/v2\/posts"}],"about":[{"href":"https:\/\/www.europesays.com\/fr\/wp-json\/wp\/v2\/types\/post"}],"author":[{"embeddable":true,"href":"https:\/\/www.europesays.com\/fr\/wp-json\/wp\/v2\/users\/2"}],"replies":[{"embeddable":true,"href":"https:\/\/www.europesays.com\/fr\/wp-json\/wp\/v2\/comments?post=270416"}],"version-history":[{"count":0,"href":"https:\/\/www.europesays.com\/fr\/wp-json\/wp\/v2\/posts\/270416\/revisions"}],"wp:featuredmedia":[{"embeddable":true,"href":"https:\/\/www.europesays.com\/fr\/wp-json\/wp\/v2\/media\/270417"}],"wp:attachment":[{"href":"https:\/\/www.europesays.com\/fr\/wp-json\/wp\/v2\/media?parent=270416"}],"wp:term":[{"taxonomy":"category","embeddable":true,"href":"https:\/\/www.europesays.com\/fr\/wp-json\/wp\/v2\/categories?post=270416"},{"taxonomy":"post_tag","embeddable":true,"href":"https:\/\/www.europesays.com\/fr\/wp-json\/wp\/v2\/tags?post=270416"}],"curies":[{"name":"wp","href":"https:\/\/api.w.org\/{rel}","templated":true}]}}