{"id":270418,"date":"2025-07-24T12:20:12","date_gmt":"2025-07-24T12:20:12","guid":{"rendered":"https:\/\/www.europesays.com\/fr\/270418\/"},"modified":"2025-07-24T12:20:12","modified_gmt":"2025-07-24T12:20:12","slug":"avec-simple-minds-a-toulon-la-nostalgie-avait-du-bon","status":"publish","type":"post","link":"https:\/\/www.europesays.com\/fr\/270418\/","title":{"rendered":"Avec Simple Minds \u00e0 Toulon, la nostalgie avait du bon !"},"content":{"rendered":"<p>Il faut le voir se d\u00e9hancher, arpenter la sc\u00e8ne, jouer avec son micro, et surtout l\u2019entendre pousser sa voix comme il y a quarante ans. Jim Kerr n\u2019a pas pris une ride (ou presque). Le chanteur de Simple Minds et son groupe ont enflamm\u00e9 le parvis du Z\u00e9nith ce mercredi soir, lors du Son by Toulon.<\/p>\n<p>Pour tout vous dire, la production avait exig\u00e9 des places assises et l&rsquo;absence de fosse debout. Que nenni ! D\u00e8s la premi\u00e8re chanson, le public s\u2019est ru\u00e9 contre les barri\u00e8res pour s\u2019enivrer des sons d\u2019un groupe qui traverse le temps depuis la fin des ann\u00e9es 1970.<\/p>\n<p>\u00c0 sept sur sc\u00e8ne \u2013 mention sp\u00e9ciale \u00e0 l\u2019incroyable batteuse Cherisse Osei \u2013 le groupe d\u2019origine \u00e9cossaise a ravi ses fans. Il fallait entendre l\u2019explosion du public d\u00e8s les premi\u00e8res notes de Don\u2019t You, morceau iconique de Simple Minds.<\/p>\n<p>La soir\u00e9e avait commenc\u00e9 avec la prestation d\u2019un groupe phare du d\u00e9but des ann\u00e9es 1990 : les New-Yorkais de Nada Surf. Eux aussi n\u2019ont rien perdu de leur verve et ont r\u00e9gal\u00e9 ceux qui \u00e9taient venus pour eux, notamment avec leur tube pr\u00e9f\u00e9r\u00e9, Popular.<\/p>\n<p>Le Son by Toulon touche \u00e0 sa fin, avec un dernier concert ce vendredi : la prestation tr\u00e8s attendue du pianiste Sofiane Pamart.<\/p>\n<p>              <img ci-src=\"https:\/\/www.varmatin.com\/concerts\/VARPQRXXQ3121_VLP_FES%20%2839565058%29-0PGW8yoS.jpg?ci_seal=59d9d425cf\" alt=\"\"\/><br \/>\n        Simple Minds sur la sc\u00e8ne du Son by Toulon mercredi 23 juillet. <strong>Photo Val\u00e9rie Le Parc.<\/strong> <\/p>\n<p>              <img ci-src=\"https:\/\/www.varmatin.com\/concerts\/VARPQRXXQ3127_VLP_FES%20%2839565074%29-HXwyQVIr.jpg?ci_seal=f344832da7\" alt=\"\"\/><br \/>\n        Le public varois du Son by Toulon mercredi soir. <strong>Photo Val\u00e9rie Le Parc.<\/strong> <\/p>\n","protected":false},"excerpt":{"rendered":"Il faut le voir se d\u00e9hancher, arpenter la sc\u00e8ne, jouer avec son micro, et surtout l\u2019entendre pousser sa&hellip;\n","protected":false},"author":2,"featured_media":270419,"comment_status":"","ping_status":"","sticky":false,"template":"","format":"standard","meta":{"footnotes":""},"categories":[9619],"tags":[1111,11,4156,251,1777,674,1011,27,12,882,25,2310],"class_list":{"0":"post-270418","1":"post","2":"type-post","3":"status-publish","4":"format-standard","5":"has-post-thumbnail","7":"category-toulon","8":"tag-actu","9":"tag-actualites","10":"tag-concerts","11":"tag-culture","12":"tag-eu","13":"tag-europe","14":"tag-fr","15":"tag-france","16":"tag-news","17":"tag-provence-alpes-cote-dazur","18":"tag-republique-francaise","19":"tag-toulon"},"share_on_mastodon":{"url":"https:\/\/pubeurope.com\/@fr\/114908182813988319","error":""},"_links":{"self":[{"href":"https:\/\/www.europesays.com\/fr\/wp-json\/wp\/v2\/posts\/270418","targetHints":{"allow":["GET"]}}],"collection":[{"href":"https:\/\/www.europesays.com\/fr\/wp-json\/wp\/v2\/posts"}],"about":[{"href":"https:\/\/www.europesays.com\/fr\/wp-json\/wp\/v2\/types\/post"}],"author":[{"embeddable":true,"href":"https:\/\/www.europesays.com\/fr\/wp-json\/wp\/v2\/users\/2"}],"replies":[{"embeddable":true,"href":"https:\/\/www.europesays.com\/fr\/wp-json\/wp\/v2\/comments?post=270418"}],"version-history":[{"count":0,"href":"https:\/\/www.europesays.com\/fr\/wp-json\/wp\/v2\/posts\/270418\/revisions"}],"wp:featuredmedia":[{"embeddable":true,"href":"https:\/\/www.europesays.com\/fr\/wp-json\/wp\/v2\/media\/270419"}],"wp:attachment":[{"href":"https:\/\/www.europesays.com\/fr\/wp-json\/wp\/v2\/media?parent=270418"}],"wp:term":[{"taxonomy":"category","embeddable":true,"href":"https:\/\/www.europesays.com\/fr\/wp-json\/wp\/v2\/categories?post=270418"},{"taxonomy":"post_tag","embeddable":true,"href":"https:\/\/www.europesays.com\/fr\/wp-json\/wp\/v2\/tags?post=270418"}],"curies":[{"name":"wp","href":"https:\/\/api.w.org\/{rel}","templated":true}]}}