{"id":270422,"date":"2025-07-24T12:22:08","date_gmt":"2025-07-24T12:22:08","guid":{"rendered":"https:\/\/www.europesays.com\/fr\/270422\/"},"modified":"2025-07-24T12:22:08","modified_gmt":"2025-07-24T12:22:08","slug":"9-films-a-voir-pour-profiter-de-votre-ete-au-frais","status":"publish","type":"post","link":"https:\/\/www.europesays.com\/fr\/270422\/","title":{"rendered":"9 films \u00e0 voir pour profiter de votre \u00e9t\u00e9 au frais"},"content":{"rendered":"<p>            Par<br \/>\n        <strong><br \/>\n            <a href=\"https:\/\/actu.fr\/auteur\/r-coudert\" title=\"Consulter tous les articles de Rachel Coudert\" target=\"_blank\" rel=\"noopener\">Rachel Coudert<\/a><br \/>\n        <\/strong><\/p>\n<p>        Publi\u00e9 le<\/p>\n<p>            24 juil. 2025 \u00e0 13h24        <\/p>\n<p>Alors que les cigales chantent et que <strong>l\u2019\u00e9t\u00e9<\/strong> a d\u00e9finitivement pos\u00e9 ses bagages \u00e0 <strong>Montpellier<\/strong>, rien de mieux pour \u00e9chapper \u00e0 la chaleur \u00e9crasante que de se r\u00e9fugier dans <strong>son cin\u00e9ma pr\u00e9f\u00e9r\u00e9<\/strong>, ou bien derri\u00e8re son canap\u00e9 pour regarder <strong>un bon film<\/strong>. Entre nouvelles sorties et films cultes parfaits pour la saison estivale, voici <strong>une<\/strong> <strong>s\u00e9lection<\/strong> <strong>de<\/strong> <strong>neuf long-m\u00e9trages<\/strong> \u00e0 d\u00e9couvrir sans plus tarder cet \u00e9t\u00e9.<\/p>\n<p>Am\u00e9lie et la m\u00e9taphysique des tubes de Mailys Vallade et Liane-Cho Han<\/p>\n<p class=\" wall-content\">Adapt\u00e9 du roman autobiographique d\u2019Am\u00e9lie Nothomb, ce film d\u2019animation haut en couleurs conte l\u2019histoire d\u2019Am\u00e9lie, une petite fille intr\u00e9pide qui grandit au milieu de la campagne nippone, loin de la Belgique dont le reste de sa famille est originaire. V\u00e9ritable bijou d\u2019animation fran\u00e7ais, c\u2019est une douce histoire d\u2019apprentissage, d\u2019exploration et de d\u00e9couverte qui attend les t\u00e9l\u00e9spectateurs, sous la narration de la jeune Am\u00e9lie. Une p\u00e9pite coup de c\u0153ur, po\u00e9tique, \u00e9tonnante et \u00e0 ne surtout pas manquer.<\/p>\n<p>Au cin\u00e9ma Diagonal \u00e0 partir du 25 juin.<\/p>\n<p class=\" wall-content\">\n<p>Eddington de Ari Aster<\/p>\n<p class=\" wall-content\">Alors que la crise du Covid-19 frappe de plein fouet les \u00c9tats-Unis, Eddington, petite ville du Nouveau-Mexique, se retrouve divis\u00e9e entre un sh\u00e9rif conservateur (Joaquin Phoenix) et un maire lib\u00e9ral (Pedro Pascal) face \u00e0 la gestion de la pand\u00e9mie. Ari Aster, r\u00e9alisateur de l\u2019excellent Midsommar, propose un portrait \u00e0 vif d\u2019une soci\u00e9t\u00e9 am\u00e9ricaine sombrant peu \u00e0 peu dans le chaos. Un western moderne, au parfait croisement du thriller, de l\u2019horreur et de l\u2019absurde.<\/p>\n<p>Au Path\u00e9 Com\u00e9die et au cin\u00e9ma Diagonal \u00e0 partir du 16 juillet.<\/p>\n<p>Vid\u00e9os : en ce moment sur Actu<\/p>\n<p class=\" wall-content\">\n<p>I Love Peru de Rapha\u00ebl Quenard<\/p>\n<p class=\" wall-content\">Rapha\u00ebl Quenard et Hugo David, deux anciens \u00e9l\u00e8ves de l\u2019\u00e9cole Travelling de Mauguio, ont co-r\u00e9alis\u00e9 le d\u00e9jant\u00e9 docu-fiction I Love Peru. Portrait grin\u00e7ant d\u2019un acteur en qu\u00eate de gloire, qui entra\u00eene du jour au lendemain son ami Hugo dans un improbable voyage au P\u00e9rou. Entre autofiction et satire, Quenard brouille les pistes avec jubilation. Un film aussi absurde que r\u00e9jouissant.<\/p>\n<p>Au Path\u00e9 Com\u00e9die et au cin\u00e9ma Diagonal \u00e0 partir du 9 juillet.<\/p>\n<p class=\" wall-content\">\n<p>Les 4 Fantastiques : Premier Pas de Matt Shakman<\/p>\n<p class=\" wall-content\">Nouveau film du MCU (Marvel Cinematic Universe) tant attendu par les fans, ce long-m\u00e9trage sign\u00e9 Matt Shakman propulse une nouvelle fois l\u2019\u00e9quipe de h\u00e9ros sur le devant de la sc\u00e8ne avec un casting neuf : Pedro Pascal dans la peau de Reed Richards, Vanessa Kirby en Sue Storm, Joseph Quinn en Johnny Storm et Ebon Moss-Bachrach dans le r\u00f4le de Ben Grimm. Une \u00e9ni\u00e8me histoire de super-h\u00e9ros que l\u2019on a cependant h\u00e2te de d\u00e9couvrir dans leur nouvel affrontement contre Galactus et le Surfeur d\u2019argent.<\/p>\n<p>Au Path\u00e9 Com\u00e9die et Path\u00e9 Odysseum \u00e0 partir du 23 juillet.<\/p>\n<p class=\" wall-content\">\n<p>Pretty Woman de Garry Marshall<\/p>\n<p class=\" wall-content\">R\u00e9trospective Julia Roberts oblige, le film culte Pretty Woman ressort au Path\u00e9 Com\u00e9die ce 24 juillet prochain. Cette com\u00e9die romantique des ann\u00e9es 90 nous entra\u00eene dans la vie de Vivian (Julia Roberts), jeune prostitu\u00e9e new-yorkaise, qui rencontre par hasard Edward (Richard Gere), un homme d\u2019affaires blas\u00e9 et tr\u00e8s occup\u00e9. Commence alors une histoire d\u2019amour improbable, o\u00f9 les deux protagonistes que tout oppose essaient tant bien que mal de concilier leurs deux univers. Un conte de f\u00e9es revisit\u00e9, dr\u00f4le, l\u00e9ger et particuli\u00e8rement efficace. \u00c0 voir et \u00e0 revoir absolument.<\/p>\n<p>Au Path\u00e9 Com\u00e9die le jeudi 24 juillet \u00e0 20h45 en VOST.<\/p>\n<p class=\" wall-content\">\n<p>Call me by your name de Luca Guadagnino<\/p>\n<p class=\" wall-content\">\u00c9t\u00e9 1983. Elio Perlman (Timoth\u00e9e Chalamet), brillant adolescent de 17 ans, passe ses vacances dans la villa familiale italienne. C\u2019est ainsi qu\u2019il rencontre Oliver (Armie Hammer), th\u00e9sard venu travailler quelques semaines son p\u00e8re, \u00e9minent universitaire. Dans ce r\u00e9cit po\u00e9tique et introspectif, port\u00e9 par la lenteur des journ\u00e9es d\u2019\u00e9t\u00e9, l\u2019adolescent d\u00e9couvre peu \u00e0 peu les affres de l\u2019amour, de la sexualit\u00e9 et des moments partag\u00e9s. Une romance douce et m\u00e9lancolique, qui \u00e9voquera, sans aucun doute, le chef-d\u2019\u0153uvre Brokeback Mountain.<\/p>\n<p>Au Path\u00e9 Com\u00e9die le 5 ao\u00fbt \u00e0 21h en VOST.<\/p>\n<p class=\" wall-content\">\n<p>La triologie Retour vers le futur I, II &amp; III de Robert Zemeckis<\/p>\n<p class=\" wall-content\">Embl\u00e8mes du cin\u00e9ma pop des ann\u00e9es 80, les aventures de Marty McFly (Michael J. Fox) et de Doc Brown (Christopher Lloyd) restent inlassablement plaisantes \u00e0 chaque visionnage. Entre voyages temporels et dialogues cultes, cette trilogie sign\u00e9e Robert Zemeckis est bien plus qu\u2019une simple saga de science-fiction : c\u2019est un v\u00e9ritable morceau de patrimoine cin\u00e9phile. \u00c0 l\u2019occasion de l\u2019\u00e9v\u00e9nement Cool Summer, le cin\u00e9ma Diagonal propose de revivre, tr\u00e8s prochainement, cette \u00e9pop\u00e9e d\u00e9jant\u00e9e sur grand \u00e9cran.<\/p>\n<p>Au cin\u00e9ma Diagonal, les 22, 23 et 24 ao\u00fbt \u00e0 21h en VOST.<\/p>\n<p class=\" wall-content\">\n<p class=\" wall-content\">Alors que ce soit au cin\u00e9ma ou devant votre t\u00e9l\u00e9vision, ne tardez plus !<\/p>\n<p class=\" wall-content\">Suivez toute l\u2019actualit\u00e9 de vos villes et m\u00e9dias favoris en vous inscrivant \u00e0 <a href=\"https:\/\/moncompte.actu.fr\" title=\"D\u00e9couvez Mon Actu\" rel=\"nofollow noopener\" data-trk=\"{&quot;cta&quot;:{&quot;action&quot;:&quot;https:\\\/\\\/moncompte.actu.fr&quot;,&quot;category&quot;:&quot;mon compte&quot;,&quot;from&quot;:&quot;article footer&quot;,&quot;name&quot;:&quot;Mon actu&quot;,&quot;type&quot;:&quot;cta&quot;}}\" target=\"_blank\">Mon Actu<\/a>.<\/p>\n<ul class=\"ac-article-tag wall-content\">\n<li><a href=\"https:\/\/actu.fr\/tag\/cinema\" data-trk=\"{&quot;cta&quot;:{&quot;action&quot;:&quot;Cin\\u00e9ma&quot;,&quot;category&quot;:&quot;tag&quot;,&quot;from&quot;:&quot;article footer&quot;,&quot;name&quot;:&quot;Cin\\u00e9ma&quot;,&quot;type&quot;:&quot;cta&quot;}}\" target=\"_blank\" rel=\"noopener\">#Cin\u00e9ma<\/a><\/li>\n<li><a href=\"https:\/\/actu.fr\/tag\/vacances-scolaires\" data-trk=\"{&quot;cta&quot;:{&quot;action&quot;:&quot;Vacances scolaires&quot;,&quot;category&quot;:&quot;tag&quot;,&quot;from&quot;:&quot;article footer&quot;,&quot;name&quot;:&quot;Vacances scolaires&quot;,&quot;type&quot;:&quot;cta&quot;}}\" target=\"_blank\" rel=\"noopener\">#Vacances scolaires<\/a><\/li>\n<\/ul>\n","protected":false},"excerpt":{"rendered":"Par Rachel Coudert Publi\u00e9 le 24 juil. 2025 \u00e0 13h24 Alors que les cigales chantent et que l\u2019\u00e9t\u00e9&hellip;\n","protected":false},"author":2,"featured_media":270423,"comment_status":"","ping_status":"","sticky":false,"template":"","format":"standard","meta":{"footnotes":""},"categories":[9599],"tags":[1111,11,650,1777,674,1011,27,2208,12,2680,25,3176],"class_list":{"0":"post-270422","1":"post","2":"type-post","3":"status-publish","4":"format-standard","5":"has-post-thumbnail","7":"category-montpellier","8":"tag-actu","9":"tag-actualites","10":"tag-cinema","11":"tag-eu","12":"tag-europe","13":"tag-fr","14":"tag-france","15":"tag-montpellier","16":"tag-news","17":"tag-occitanie","18":"tag-republique-francaise","19":"tag-vacances-scolaires"},"share_on_mastodon":{"url":"https:\/\/pubeurope.com\/@fr\/114908190755050422","error":""},"_links":{"self":[{"href":"https:\/\/www.europesays.com\/fr\/wp-json\/wp\/v2\/posts\/270422","targetHints":{"allow":["GET"]}}],"collection":[{"href":"https:\/\/www.europesays.com\/fr\/wp-json\/wp\/v2\/posts"}],"about":[{"href":"https:\/\/www.europesays.com\/fr\/wp-json\/wp\/v2\/types\/post"}],"author":[{"embeddable":true,"href":"https:\/\/www.europesays.com\/fr\/wp-json\/wp\/v2\/users\/2"}],"replies":[{"embeddable":true,"href":"https:\/\/www.europesays.com\/fr\/wp-json\/wp\/v2\/comments?post=270422"}],"version-history":[{"count":0,"href":"https:\/\/www.europesays.com\/fr\/wp-json\/wp\/v2\/posts\/270422\/revisions"}],"wp:featuredmedia":[{"embeddable":true,"href":"https:\/\/www.europesays.com\/fr\/wp-json\/wp\/v2\/media\/270423"}],"wp:attachment":[{"href":"https:\/\/www.europesays.com\/fr\/wp-json\/wp\/v2\/media?parent=270422"}],"wp:term":[{"taxonomy":"category","embeddable":true,"href":"https:\/\/www.europesays.com\/fr\/wp-json\/wp\/v2\/categories?post=270422"},{"taxonomy":"post_tag","embeddable":true,"href":"https:\/\/www.europesays.com\/fr\/wp-json\/wp\/v2\/tags?post=270422"}],"curies":[{"name":"wp","href":"https:\/\/api.w.org\/{rel}","templated":true}]}}