{"id":270426,"date":"2025-07-24T12:27:09","date_gmt":"2025-07-24T12:27:09","guid":{"rendered":"https:\/\/www.europesays.com\/fr\/270426\/"},"modified":"2025-07-24T12:27:09","modified_gmt":"2025-07-24T12:27:09","slug":"la-police-recherche-des-temoins-du-drame","status":"publish","type":"post","link":"https:\/\/www.europesays.com\/fr\/270426\/","title":{"rendered":"la police recherche des t\u00e9moins du drame"},"content":{"rendered":"<p>            Par<br \/>\n        <strong><br \/>\n            <a href=\"https:\/\/actu.fr\/auteur\/lisa-rodrigues\" title=\"Consulter tous les articles de Lisa Rodrigues\" rel=\"nofollow noopener\" target=\"_blank\">Lisa Rodrigues<\/a><br \/>\n        <\/strong><\/p>\n<p>        Publi\u00e9 le<\/p>\n<p>            24 juil. 2025 \u00e0 13h47        <\/p>\n<p>Les services de police is\u00e9rois ont lanc\u00e9 un <strong>appel \u00e0 t\u00e9moins<\/strong> concernant l\u2019accident mortel de l\u2019A48, \u00e0 hauteur de <a href=\"https:\/\/actu.fr\/auvergne-rhone-alpes\/saint-egreve_38382\" rel=\"nofollow noopener\" target=\"_blank\">Saint-\u00c9gr\u00e8ve<\/a>, survenue dans la nuit du lundi 21 juillet.<\/p>\n<p>    <a href=\"https:\/\/www.google.com\/maps\/embed?pb=!1m18!1m12!1m3!1d22478.460556428243!2d5.668693617089845!3d45.231460154242654!2m3!1f0!2f0!3f0!3m2!1i1024!2i768!4f13.1!3m3!1m2!1s0x478af3d663a1480d%3A0x408ab2ae4be6c60!2zMzgxMjAgU2FpbnQtw4lncsOodmU!5e0!3m2!1sfr!2sfr!4v1753351174727!5m2!1sfr!2sfr\" title=\"Ouvrie le lien\" rel=\"nofollow noopener\" target=\"_blank\">Cliquez ici pour visualiser le contenu<\/a><\/p>\n<p class=\" wall-content\">Peu avant 23h30, un accident de circulation impliquant trois voitures a entra\u00een\u00e9 <strong>la mort d\u2019une jeune femme<\/strong> \u00e2g\u00e9e d\u2019une vingtaine d\u2019ann\u00e9es. Pour une raison encore inconnue, une premi\u00e8re voiture a embouti le v\u00e9hicule de la victime, suivi d\u2019un deuxi\u00e8me suraccident impliquant la troisi\u00e8me et derni\u00e8re voiture.<\/p>\n<p>Contacter l\u2019h\u00f4tel de police de Grenoble<\/p>\n<p class=\" wall-content\">Dans le cadre de son enqu\u00eate, \u00ab\u00a0la police nationale recherche toutes personnes susceptibles de fournir des informations sur cet accident\u00a0\u00bb, pr\u00e9cise l\u2019appel \u00e0 t\u00e9moins diffus\u00e9 jeudi 24 juillet par les forces de l\u2019ordre.\u00a0<\/p>\n<p class=\" wall-content\">\n<p class=\" wall-content\">L\u2019accident s\u2019est produit sur l\u2019A48 au point kilom\u00e9trique 93, dans le sens Lyon-Grenoble. Les t\u00e9moins sont pri\u00e9s de contacter l\u2019h\u00f4tel de police de <a href=\"https:\/\/actu.fr\/auvergne-rhone-alpes\/grenoble_38185\" rel=\"nofollow noopener\" target=\"_blank\">Grenoble<\/a> au <strong>04 76 60 40 40<\/strong> pour partager leurs informations sur l\u2019accident.\u00a0<\/p>\n<p class=\" wall-content\">Suivez toute l\u2019actualit\u00e9 de vos villes et m\u00e9dias favoris en vous inscrivant \u00e0 <a href=\"https:\/\/moncompte.actu.fr\" title=\"D\u00e9couvez Mon Actu\" rel=\"nofollow noopener\" data-trk=\"{&quot;cta&quot;:{&quot;action&quot;:&quot;https:\\\/\\\/moncompte.actu.fr&quot;,&quot;category&quot;:&quot;mon compte&quot;,&quot;from&quot;:&quot;article footer&quot;,&quot;name&quot;:&quot;Mon actu&quot;,&quot;type&quot;:&quot;cta&quot;}}\" target=\"_blank\">Mon Actu<\/a>.<\/p>\n","protected":false},"excerpt":{"rendered":"Par Lisa Rodrigues Publi\u00e9 le 24 juil. 2025 \u00e0 13h47 Les services de police is\u00e9rois ont lanc\u00e9 un&hellip;\n","protected":false},"author":2,"featured_media":232701,"comment_status":"","ping_status":"","sticky":false,"template":"","format":"standard","meta":{"footnotes":""},"categories":[9566],"tags":[119,1111,11,2430,1777,674,118,1011,27,2731,12,1072,25],"class_list":{"0":"post-270426","1":"post","2":"type-post","3":"status-publish","4":"format-standard","5":"has-post-thumbnail","7":"category-grenoble","8":"tag-accident","9":"tag-actu","10":"tag-actualites","11":"tag-auvergne-rhone-alpes","12":"tag-eu","13":"tag-europe","14":"tag-faits-divers","15":"tag-fr","16":"tag-france","17":"tag-grenoble","18":"tag-news","19":"tag-police","20":"tag-republique-francaise"},"share_on_mastodon":{"url":"https:\/\/pubeurope.com\/@fr\/114908210472405907","error":""},"_links":{"self":[{"href":"https:\/\/www.europesays.com\/fr\/wp-json\/wp\/v2\/posts\/270426","targetHints":{"allow":["GET"]}}],"collection":[{"href":"https:\/\/www.europesays.com\/fr\/wp-json\/wp\/v2\/posts"}],"about":[{"href":"https:\/\/www.europesays.com\/fr\/wp-json\/wp\/v2\/types\/post"}],"author":[{"embeddable":true,"href":"https:\/\/www.europesays.com\/fr\/wp-json\/wp\/v2\/users\/2"}],"replies":[{"embeddable":true,"href":"https:\/\/www.europesays.com\/fr\/wp-json\/wp\/v2\/comments?post=270426"}],"version-history":[{"count":0,"href":"https:\/\/www.europesays.com\/fr\/wp-json\/wp\/v2\/posts\/270426\/revisions"}],"wp:featuredmedia":[{"embeddable":true,"href":"https:\/\/www.europesays.com\/fr\/wp-json\/wp\/v2\/media\/232701"}],"wp:attachment":[{"href":"https:\/\/www.europesays.com\/fr\/wp-json\/wp\/v2\/media?parent=270426"}],"wp:term":[{"taxonomy":"category","embeddable":true,"href":"https:\/\/www.europesays.com\/fr\/wp-json\/wp\/v2\/categories?post=270426"},{"taxonomy":"post_tag","embeddable":true,"href":"https:\/\/www.europesays.com\/fr\/wp-json\/wp\/v2\/tags?post=270426"}],"curies":[{"name":"wp","href":"https:\/\/api.w.org\/{rel}","templated":true}]}}