{"id":270429,"date":"2025-07-24T12:29:13","date_gmt":"2025-07-24T12:29:13","guid":{"rendered":"https:\/\/www.europesays.com\/fr\/270429\/"},"modified":"2025-07-24T12:29:13","modified_gmt":"2025-07-24T12:29:13","slug":"pour-accompagner-les-mutations-et-les-besoins-dun-territoire-vivant-les-elus-du-pays-dauray-font-appel-de-la-decision-du-tribunal-de-rennes-concernant-le-sco","status":"publish","type":"post","link":"https:\/\/www.europesays.com\/fr\/270429\/","title":{"rendered":"\u00ab\u00a0Pour accompagner les mutations et les besoins d\u2019un territoire vivant\u00a0\u00bb, les \u00e9lus du pays d\u2019Auray font appel de la d\u00e9cision du tribunal de Rennes concernant le Scot"},"content":{"rendered":"<p>Le 24 juillet 2025 \u00e0 12h23<\/p>\n<p class=\"tlg-h5\">Ce jeudi 24\u00a0juillet, le pays d\u2019Auray a d\u00e9cid\u00e9 de faire appel de la d\u00e9cision du tribunal administratif de Rennes, concernant la modification simplifi\u00e9e de son Sch\u00e9ma de coh\u00e9rence territoriale (Scot) sur son volet \u00ab\u00a0loi Littoral\u00a0\u00bb.<\/p>\n<p><img fetchpriority=\"high\" decoding=\"async\" src=\"https:\/\/www.europesays.com\/fr\/wp-content\/uploads\/2025\/07\/688224326c6f47365301bbe5.1.jpeg\" width=\"960\" height=\"600\" class=\"web_golden_xl\" loading=\"eager\" alt=\"Quatre associations ont port\u00e9 le dossier devant la juridiction\u00a0: l\u2019AALLPA, l\u2019Umivem, l\u2019association Eau et rivi\u00e8res de Bretagne et les PLUm\u00e9s.\"\/>Quatre associations ont port\u00e9 le dossier devant la juridiction\u00a0: l\u2019AALLPA, l\u2019Umivem, l\u2019association Eau et rivi\u00e8res de Bretagne et les PLUm\u00e9s. (Photo d\u2019illustration\u00a0: Le T\u00e9l\u00e9gramme\/Fran\u00e7ois Destoc)<\/p>\n","protected":false},"excerpt":{"rendered":"Le 24 juillet 2025 \u00e0 12h23 Ce jeudi 24\u00a0juillet, le pays d\u2019Auray a d\u00e9cid\u00e9 de faire appel de&hellip;\n","protected":false},"author":2,"featured_media":270430,"comment_status":"","ping_status":"","sticky":false,"template":"","format":"standard","meta":{"footnotes":""},"categories":[2821],"tags":[1111,11,7507,829,765,1777,674,1011,27,40981,6127,3729,12,584,25,1352],"class_list":{"0":"post-270429","1":"post","2":"type-post","3":"status-publish","4":"format-standard","5":"has-post-thumbnail","7":"category-rennes","8":"tag-actu","9":"tag-actualites","10":"tag-auray","11":"tag-bretagne","12":"tag-en-continu","13":"tag-eu","14":"tag-europe","15":"tag-fr","16":"tag-france","17":"tag-loi-littoral","18":"tag-mer","19":"tag-morbihan","20":"tag-news","21":"tag-rennes","22":"tag-republique-francaise","23":"tag-urbanisme"},"share_on_mastodon":{"url":"https:\/\/pubeurope.com\/@fr\/114908218161869671","error":""},"_links":{"self":[{"href":"https:\/\/www.europesays.com\/fr\/wp-json\/wp\/v2\/posts\/270429","targetHints":{"allow":["GET"]}}],"collection":[{"href":"https:\/\/www.europesays.com\/fr\/wp-json\/wp\/v2\/posts"}],"about":[{"href":"https:\/\/www.europesays.com\/fr\/wp-json\/wp\/v2\/types\/post"}],"author":[{"embeddable":true,"href":"https:\/\/www.europesays.com\/fr\/wp-json\/wp\/v2\/users\/2"}],"replies":[{"embeddable":true,"href":"https:\/\/www.europesays.com\/fr\/wp-json\/wp\/v2\/comments?post=270429"}],"version-history":[{"count":0,"href":"https:\/\/www.europesays.com\/fr\/wp-json\/wp\/v2\/posts\/270429\/revisions"}],"wp:featuredmedia":[{"embeddable":true,"href":"https:\/\/www.europesays.com\/fr\/wp-json\/wp\/v2\/media\/270430"}],"wp:attachment":[{"href":"https:\/\/www.europesays.com\/fr\/wp-json\/wp\/v2\/media?parent=270429"}],"wp:term":[{"taxonomy":"category","embeddable":true,"href":"https:\/\/www.europesays.com\/fr\/wp-json\/wp\/v2\/categories?post=270429"},{"taxonomy":"post_tag","embeddable":true,"href":"https:\/\/www.europesays.com\/fr\/wp-json\/wp\/v2\/tags?post=270429"}],"curies":[{"name":"wp","href":"https:\/\/api.w.org\/{rel}","templated":true}]}}