{"id":270433,"date":"2025-07-24T12:32:11","date_gmt":"2025-07-24T12:32:11","guid":{"rendered":"https:\/\/www.europesays.com\/fr\/270433\/"},"modified":"2025-07-24T12:32:11","modified_gmt":"2025-07-24T12:32:11","slug":"le-siege-multi-labels-du-credit-agricole-pousse-a-la-gare-de-strasbourg","status":"publish","type":"post","link":"https:\/\/www.europesays.com\/fr\/270433\/","title":{"rendered":"Le si\u00e8ge multi-labels du Cr\u00e9dit agricole pousse \u00e0 la gare de Strasbourg"},"content":{"rendered":"<p>\nLe <strong>chantier phare du centre-ville de Strasbourg<\/strong> poursuit son chemin comme pr\u00e9vu. La <strong>reconstruction du si\u00e8ge du Cr\u00e9dit agricole Alsace-Vosges<\/strong> s\u2019ach\u00e8ve actuellement avec la pose des <strong>ossatures bois<\/strong> caract\u00e9ristiques de sa partie inf\u00e9rieure, avant de d\u00e9marrer \u00e0 l\u2019automne son <strong>habillage partiel en pierre<\/strong>. La banque r\u00e9gionale a fix\u00e9 \u00e0 juin\u00a02026 l\u2019\u00e9ch\u00e9ance de livraison des <strong>16\u00a0000\u00a0m2\u00a0(soit 13\u00a0000\u00a0m2 utiles)<\/strong> qu\u2019elle occupera aux deux tiers &#8211;\u00a0le solde \u00e9tant d\u00e9di\u00e9 \u00e0 des locations ext\u00e9rieures\u00a0\u2013 et pour la r\u00e9alisation desquels elle investit <strong>70\u00a0millions d\u2019euros\u00a0HT au total<\/strong>, am\u00e9nagements int\u00e9rieurs compris. Le groupement de conception-r\u00e9alisation autour de Demathieu Bard Construction et de l\u2019agence d\u2019architectes Denu-Paradon &amp; Associ\u00e9s \u0153uvre au respect du calendrier.<\/p>\n<p>\n<img decoding=\"async\" alt=\"Projet pour sie?ge du Cre?dit agricole a? Strasbourg par Denu-Paradon &amp; Associe?s\" src=\"data:image\/gif;base64,R0lGODdhAQABAPAAAMPDwwAAACwAAAAAAQABAAACAkQBADs=\" data-original=\"https:\/\/www.lemoniteur.fr\/mediatheque\/8\/3\/1\/002437138_illustration_large.jpg\" style=\"width: 820px; height: 548px;\"\/>L\u2019agence Denu-Paradon &amp; Associ\u00e9s signe la conception du b\u00e2timent de 13\u00a0000\u00a0m2 utiles au d\u00e9bouch\u00e9 de la gare de Strasbourg.\u00a0\u00a9\u00a0Denu-Paradon &amp; Associ\u00e9s<\/p>\n<p>\n<b>\u00c0 LIRE<\/b> AUSSI<br \/>\n<a class=\"editoLinkType2 is-marginTB-20\" href=\"https:\/\/www.lemoniteur.fr\/article\/a-strasbourg-le-credit-agricole-reinvestit-son-site.2215572\" target=\"_blank\" rel=\"noopener\"><br \/>\n<b>A Strasbourg, le Cr\u00e9dit agricole r\u00e9investit son site<\/b><\/p>\n<p><\/a>\n<\/p>\n<p>\nL\u2019op\u00e9ration entend r\u00e9ussir le <strong>cumul, rare voire in\u00e9dit, de quatre labellisations simultan\u00e9es<\/strong>\u00a0: Breeam, BBCA (b\u00e2timent bas carbone), Passivhaus, et R2S (b\u00e2timent connect\u00e9). L\u2019objectif impose un exercice d\u2019\u00e9quilibrisme, convient son commanditaire\u00a0: \u00ab\u00a0Nous devrons trouver pour chaque composante le point de curseur qui puisse concilier les objectifs parfois contradictoires entre ces labels\u00a0\u00bb, souligne Pascal Maire, directeur immobilier du Cr\u00e9dit agricole Alsace-Vosges. Celui-ci cite en exemple le volume de <strong>triple vitrage<\/strong> qu\u2019il a fallu retenir, \u00ab\u00a0pertinent pour atteindre le niveau passif, mais peu favorable \u00e0 celle du b\u00e2timent bas carbone\u00a0\u00bb. L\u2019isolation opte \u00e9galement pour le mode combinaison\u00a0: <strong>laine de bois<\/strong> pour environ 70\u00a0% des surfaces concern\u00e9es et <strong>laine de roche<\/strong> pour le reste.<\/p>\n<p>\nLa <strong>consommation d\u2019\u00e9nergie primaire<\/strong> est pr\u00e9vue \u00e9gale ou inf\u00e9rieure aux 15\u00a0kWh\/m2\/an demand\u00e9s par Passivhaus. Le chaud et le froid proviendront des <strong>puits de g\u00e9othermie de la nappe phr\u00e9atique<\/strong> (captage \u00e0 60 m\u00e8tres de profondeur et rejet \u00e0 30 m\u00e8tres) pr\u00e9sente \u00e0 une temp\u00e9rature de 13\u00a0\u00b0C dans le sous-sol du site.<\/p>\n<p>\n<b>\u00c0 LIRE<\/b> AUSSI<br \/>\n<a class=\"editoLinkType2 is-marginTB-20\" href=\"https:\/\/www.lemoniteur.fr\/article\/strasbourg-le-credit-agricole-s-offre-un-siege-flambant-neuf.2334890\" target=\"_blank\" rel=\"noopener\"><br \/>\n<b>Strasbourg : le Cr\u00e9dit agricole s&rsquo;offre un si\u00e8ge flambant neuf<\/b><\/p>\n<p><\/a>\n<\/p>\n<p>Pierre agraf\u00e9e sur le bois<\/p>\n<p>\nAu sein d\u2019une <strong>structure mixte b\u00e9ton, acier et bois<\/strong>, ce dernier mat\u00e9riau est repr\u00e9sente un total de 2\u00a0000\u00a0m3, de ressources \u00ab\u00a0fran\u00e7aises\u00a0\u00bb, est-il pr\u00e9cis\u00e9. Outre le plancher CLT, <strong>le bois constitue l\u2019ossature des murs, avec la particularit\u00e9 d\u2019un agrafage de pierre formant comme une peau ext\u00e9rieure sur les quatre premiers \u00e9tages<\/strong>, jusqu\u2019\u00e0 une hauteur de 18,5\u00a0m\u00e8tres. \u00ab\u00a0Les habitudes sont ici invers\u00e9es\u00a0: le bois n\u2019est pas l\u2019\u00e9l\u00e9ment d\u2019habillage, mais le support de celui d\u2019un autre mat\u00e9riau, traditionnellement de structure\u00a0\u00bb, rel\u00e8ve Guy-Pierre Colin, architecte associ\u00e9 chez Denu-Paradon. Cette premi\u00e8re partie de la construction fait appel \u00e0 des modules pr\u00e9fabriqu\u00e9s, mis en \u0153uvre par l\u2019entreprise Mathis. Sur les deux derniers \u00e9tages, qu\u2019il reste \u00e0 \u00e9riger, une structure bois plus classique prendra le relais, pos\u00e9e par Le\u00a0Bras Fr\u00e8res.<\/p>\n<p>\n<img decoding=\"async\" alt=\"Chantier du sie?ge du Cre?dit agricole a? Strasbourg - Fac?ade pre?fabrique?e\" src=\"data:image\/gif;base64,R0lGODdhAQABAPAAAMPDwwAAACwAAAAAAQABAAACAkQBADs=\" data-original=\"https:\/\/www.lemoniteur.fr\/mediatheque\/0\/4\/1\/002437140_illustration_large.jpg\" style=\"height: 616px; width: 820px;\"\/>Les modules bois pr\u00e9fabriqu\u00e9s formant l\u2019ossature des murs de la fa\u00e7ade ext\u00e9rieure montent d\u00e9sormais jusqu\u2019\u00e0 leur maximum pr\u00e9vu de 18,5\u00a0m, soit quatre\u00a0\u00e9tages.\u00a0\u00a9\u00a0Christian Robischon<\/p>\n<p>\nL\u2019int\u00e9rieur du futur si\u00e8ge commence \u00e0 prendre forme lui aussi, avec <strong>son ample agora, sa rue traversante et la verri\u00e8re<\/strong> qui entendent procurer luminosit\u00e9 et majest\u00e9 au lieu, \u00e9galement d\u00e9di\u00e9 \u00e0 une agence, la plus importante de la caisse r\u00e9gionale.<\/p>\n<p>\n<b>\u00c0 LIRE<\/b> AUSSI<br \/>\n<a class=\"editoLinkType2 is-marginTB-20\" href=\"https:\/\/www.lemoniteur.fr\/article\/strasbourg-le-credit-agricole-investit-dans-le-reemploi.2296492\" target=\"_blank\" rel=\"noopener\"><br \/>\n<b>Strasbourg : le Cr\u00e9dit agricole investit dans le r\u00e9emploi<\/b><\/p>\n<p><\/a>\n<\/p>\n<p>Recyclage et r\u00e9emploi<\/p>\n<p>\nImplant\u00e9 dans un secteur dens\u00e9ment urbanis\u00e9 et tr\u00e8s fr\u00e9quent\u00e9 \u2013\u00a0la base vie est install\u00e9e en hauteur \u00e0 15\u00a0m\u00e8tres du sol\u00a0\u2013 le chantier avait d\u00e9but\u00e9 \u00e0 l\u2019automne\u00a02022 par la <strong>d\u00e9construction<\/strong> du si\u00e8ge de la banque d\u00e9j\u00e0 en fonction sur place, une mission <strong>confi\u00e9e au groupe Lingenheld<\/strong>. Elle en a fait un pilote de la <strong>valorisation des mat\u00e9riaux, \u00e0 quasi 100\u00a0%<\/strong>\u00a0: sur les 22\u00a0000\u00a0tonnes concern\u00e9es, 97\u00a0% ont \u00e9t\u00e9 recycl\u00e9es et 2\u00a0% r\u00e9employ\u00e9es dans le nouveau b\u00e2timent\u00a0: moquettes, faux planchers, menuiseries,\u00a0etc.<\/p>\n<p>\nL\u2019op\u00e9ration inscrit en tout cas le Cr\u00e9dit agricole Alsace-Vosges dans la dur\u00e9e. \u00ab\u00a0On (re)construit ici pour 50\u00a0ans, au moins\u00a0\u00bb, souligne Pascal Maire.<\/p>\n<blockquote class=\"editoOutOfText\">\n<p>Les acteurs du chantier<\/p>\n<p>\n<strong>Ma\u00eetrise d\u2019ouvrage\u00a0: <\/strong>Cr\u00e9dit agricole Alsace-Vosges. Ma\u00eetrise d\u2019ouvrage d\u00e9l\u00e9gu\u00e9e\u00a0: Cr\u00e9dit agricole Immobilier<br \/><strong>Groupement de conception-r\u00e9alisation\u00a0: <\/strong>Demathieu Bard Construction (mandataire), Denu-Paradon &amp; Associ\u00e9s (architecte), Projex (BET ing\u00e9nierie fluides), Terrell (fa\u00e7ades)<br \/><strong>D\u00e9construction\u00a0: <\/strong>Boma, AMO\u00a0; Expur &#8211; groupe OTE, ma\u00eetrise d\u2019\u0153uvre\u00a0; Lingenheld Travaux Sp\u00e9ciaux et ses sous-traitants, entreprises<\/p>\n<\/blockquote>\n","protected":false},"excerpt":{"rendered":"Le chantier phare du centre-ville de Strasbourg poursuit son chemin comme pr\u00e9vu. La reconstruction du si\u00e8ge du Cr\u00e9dit&hellip;\n","protected":false},"author":2,"featured_media":270434,"comment_status":"","ping_status":"","sticky":false,"template":"","format":"standard","meta":{"footnotes":""},"categories":[2820],"tags":[1111,11,2649,40984,4154,40983,6130,932,1777,674,1011,27,775,1116,12,8067,40982,25,640,6233,13442,7177],"class_list":{"0":"post-270433","1":"post","2":"type-post","3":"status-publish","4":"format-standard","5":"has-post-thumbnail","7":"category-strasbourg","8":"tag-actu","9":"tag-actualites","10":"tag-bas-rhin","11":"tag-bbca","12":"tag-bois","13":"tag-breeam","14":"tag-chantiers","15":"tag-est","16":"tag-eu","17":"tag-europe","18":"tag-fr","19":"tag-france","20":"tag-grand-est","21":"tag-immobilier","22":"tag-news","23":"tag-passivhaus","24":"tag-prefabrication","25":"tag-republique-francaise","26":"tag-strasbourg","27":"tag-technique","28":"tag-tertiaire","29":"tag-valorisation"},"share_on_mastodon":{"url":"https:\/\/pubeurope.com\/@fr\/114908230043144832","error":""},"_links":{"self":[{"href":"https:\/\/www.europesays.com\/fr\/wp-json\/wp\/v2\/posts\/270433","targetHints":{"allow":["GET"]}}],"collection":[{"href":"https:\/\/www.europesays.com\/fr\/wp-json\/wp\/v2\/posts"}],"about":[{"href":"https:\/\/www.europesays.com\/fr\/wp-json\/wp\/v2\/types\/post"}],"author":[{"embeddable":true,"href":"https:\/\/www.europesays.com\/fr\/wp-json\/wp\/v2\/users\/2"}],"replies":[{"embeddable":true,"href":"https:\/\/www.europesays.com\/fr\/wp-json\/wp\/v2\/comments?post=270433"}],"version-history":[{"count":0,"href":"https:\/\/www.europesays.com\/fr\/wp-json\/wp\/v2\/posts\/270433\/revisions"}],"wp:featuredmedia":[{"embeddable":true,"href":"https:\/\/www.europesays.com\/fr\/wp-json\/wp\/v2\/media\/270434"}],"wp:attachment":[{"href":"https:\/\/www.europesays.com\/fr\/wp-json\/wp\/v2\/media?parent=270433"}],"wp:term":[{"taxonomy":"category","embeddable":true,"href":"https:\/\/www.europesays.com\/fr\/wp-json\/wp\/v2\/categories?post=270433"},{"taxonomy":"post_tag","embeddable":true,"href":"https:\/\/www.europesays.com\/fr\/wp-json\/wp\/v2\/tags?post=270433"}],"curies":[{"name":"wp","href":"https:\/\/api.w.org\/{rel}","templated":true}]}}