{"id":270439,"date":"2025-07-24T12:35:30","date_gmt":"2025-07-24T12:35:30","guid":{"rendered":"https:\/\/www.europesays.com\/fr\/270439\/"},"modified":"2025-07-24T12:35:30","modified_gmt":"2025-07-24T12:35:30","slug":"le-defi-fou-de-ces-jeunes-pornicais-lancer-un-festival-de-musique-les-pecheries","status":"publish","type":"post","link":"https:\/\/www.europesays.com\/fr\/270439\/","title":{"rendered":"Le d\u00e9fi fou de ces jeunes Pornicais\u00a0: lancer un festival de musique, Les P\u00eacheries"},"content":{"rendered":"<p>Kylian Fradet, Rudy Hauchard, Emilio Lecacheux, Elie Maugain, No\u00e9 Nicolet et Paul R\u00e9gent sont six amis fous de musique et de sons \u00e9lectroniques en particulier.<\/p>\n<p><strong>Lire aussi\u00a0:<\/strong>\u00a0<a href=\"https:\/\/nantes.maville.com\/actu\/actudet_-les-escales-2025.-tif-tshegue-pamela...-ces-cinq-concerts-d-artistes-en-devenir-a-ne-pas-manquer-_8-6909710_actu.Htm\" rel=\"nofollow noopener\" target=\"_blank\">Les Escales 2025. Tif, Tshegue, Pamela\u2026 Ces cinq concerts d\u2019artistes en devenir \u00e0 ne pas manquer<\/a><\/p>\n<p>Entra\u00eenant dans leurs aventures un important groupe d\u2019amis, le collectif baptis\u00e9 TBK, a acquis, au fil des ann\u00e9es, mat\u00e9riel et exp\u00e9rience dans l\u2019organisation d\u2019\u00e9v\u00e9nements. <a href=\"https:\/\/saint-nazaire.maville.com\/actu\/actudet_-le-collectif-barbe-bleue-promeut-la-musique-electronique-dans-le-pays-de-retz-_8-6429105_actu.Htm\" rel=\"nofollow noopener\" target=\"_blank\">Ses DJ ont fait danser sur leur musique dans des manifestations tout ce qu\u2019il y a de plus officiel<\/a>, comme la Nuit du vinyle, la f\u00eate de la musique de Pr\u00e9failles. Et il y a quelques mois, ces jeunes Pornicais ont d\u00e9cid\u00e9 de s\u2019organiser en association pour cr\u00e9er un festival, en collaboration avec l\u2019association Echonautik.<\/p>\n<p>Deux sc\u00e8nes \u00e0 la Distillerie 168<\/p>\n<p>\u00a0On avait envie de promouvoir la culture et les artistes locaux, on a tellement de copains qui font du son, explique Amie Quaireau, qui g\u00e8re une partie de l\u2019organisation. Tout le monde s\u2019est mis sur le projet, avec tous nos contacts de Pornic, sur Insta, et puis apr\u00e8s \u00e7a a \u00e9t\u00e9 le bouche-\u00e0-oreille. On a eu \u00e9norm\u00e9ment de r\u00e9ponses sur Pornic et Nantes, il y a m\u00eame des artistes et des agences de booking qui nous ont directement contact\u00e9s\u00a0.<\/p>\n<p>Quant au lieu, c\u2019est dans la campagne pornicaise qu\u2019ils l\u2019ont trouv\u00e9, \u00e0 la Distillerie 168, un lieu en coh\u00e9rence avec les engagements \u00e9coresponsables du festival. Le collectif va y disposer d\u2019un grand hangar ouvert pour y monter une premi\u00e8re sc\u00e8ne, et d\u2019un tr\u00e8s grand champ pour une seconde. Baptis\u00e9 Les P\u00eacheries, le festival va s\u2019\u00e9tendre sur trois jours, au cours desquels une centaine d\u2019artistes va se produire, couvrant un nombre impressionnant de styles musicaux. \u00a0Normalement tous les artistes de Pornic seront l\u00e0, dont quelques-uns un peu connus dans le monde de la tech\u00a0, se r\u00e9jouit-elle.<\/p>\n<p>\u00ab\u00a0Chacun apporte sa petite graine\u00a0\u00bb<\/p>\n<p>Pour une premi\u00e8re, le collectif TBK voit les choses en grand, malgr\u00e9 un budget tr\u00e8s modeste et une petite dizaine de sponsors locaux. Son secret semble r\u00e9sider dans l\u2019enthousiasme collectif suscit\u00e9 par l\u2019id\u00e9e d\u2019un tel festival, pour lequel existe une vraie demande. \u00a0On a n\u00e9goci\u00e9 les cachets, les artistes savent que c\u2019est notre premi\u00e8re \u00e9dition, ils sont hyper contents de ce qu\u2019on fait et ils font un effort. Et il y en a plein qui ne demandent rien et vont venir jouer juste pour le plaisir\u00a0!\u00a0<\/p>\n<p>Comme on peut l\u2019imaginer, mettre en place un festival de ce type requiert de nombreuses comp\u00e9tences. Il y a l\u2019aspect technique, artistique, financier, la communication, la s\u00e9curit\u00e9\u2026 Mais cela n\u2019effraie pas les jeunes Pornicais, qui ont l\u2019air particuli\u00e8rement bien organis\u00e9s. \u00a0On est une douzaine dans l\u2019orga avec chacun sa place et son r\u00f4le, mais on s\u2019aide tous\u00a0! On a aussi plein de petites mains, plein de copains qui gravitent, et chacun apporte sa petite graine.\u00a0. Un \u00e9lan commun qui va permettre \u00e0 cet ambitieux projet de se concr\u00e9tiser le week-end prochain \u00a0Et si \u00e7a marche bien, pour la deuxi\u00e8me \u00e9dition on pourra mieux payer les artistes\u00a0!\u00a0, conclut Amie Quaireau.<\/p>\n<p>Du vendredi\u00a025 au dimanche 27\u00a0juillet, \u00e0 la Distillerie 168, Les R\u00e9autes. Tarif\u00a0: 15\u00a0\u20ac\u00a0; pass 3\u00a0jours\u00a0: 35\u00a0\u20ac. Billetterie sur Shotgun ou sur place. Restauration, animation, jeux traditionnels. Camping gratuit. Programme d\u00e9taill\u00e9 sur Instagram.<\/p>\n<p>\u00a0<\/p>\n","protected":false},"excerpt":{"rendered":"Kylian Fradet, Rudy Hauchard, Emilio Lecacheux, Elie Maugain, No\u00e9 Nicolet et Paul R\u00e9gent sont six amis fous de&hellip;\n","protected":false},"author":2,"featured_media":270440,"comment_status":"","ping_status":"","sticky":false,"template":"","format":"standard","meta":{"footnotes":""},"categories":[2818],"tags":[1111,11,3750,1777,674,849,28040,1011,27,4074,29618,873,766,12,2636,40986,40985,25],"class_list":{"0":"post-270439","1":"post","2":"type-post","3":"status-publish","4":"format-standard","5":"has-post-thumbnail","7":"category-nantes","8":"tag-actu","9":"tag-actualites","10":"tag-defi","11":"tag-eu","12":"tag-europe","13":"tag-festival","14":"tag-fou","15":"tag-fr","16":"tag-france","17":"tag-jeunes","18":"tag-lancer","19":"tag-musique","20":"tag-nantes","21":"tag-news","22":"tag-pays-de-la-loire","23":"tag-pecheries","24":"tag-pornicais","25":"tag-republique-francaise"},"share_on_mastodon":{"url":"https:\/\/pubeurope.com\/@fr\/114908241835058226","error":""},"_links":{"self":[{"href":"https:\/\/www.europesays.com\/fr\/wp-json\/wp\/v2\/posts\/270439","targetHints":{"allow":["GET"]}}],"collection":[{"href":"https:\/\/www.europesays.com\/fr\/wp-json\/wp\/v2\/posts"}],"about":[{"href":"https:\/\/www.europesays.com\/fr\/wp-json\/wp\/v2\/types\/post"}],"author":[{"embeddable":true,"href":"https:\/\/www.europesays.com\/fr\/wp-json\/wp\/v2\/users\/2"}],"replies":[{"embeddable":true,"href":"https:\/\/www.europesays.com\/fr\/wp-json\/wp\/v2\/comments?post=270439"}],"version-history":[{"count":0,"href":"https:\/\/www.europesays.com\/fr\/wp-json\/wp\/v2\/posts\/270439\/revisions"}],"wp:featuredmedia":[{"embeddable":true,"href":"https:\/\/www.europesays.com\/fr\/wp-json\/wp\/v2\/media\/270440"}],"wp:attachment":[{"href":"https:\/\/www.europesays.com\/fr\/wp-json\/wp\/v2\/media?parent=270439"}],"wp:term":[{"taxonomy":"category","embeddable":true,"href":"https:\/\/www.europesays.com\/fr\/wp-json\/wp\/v2\/categories?post=270439"},{"taxonomy":"post_tag","embeddable":true,"href":"https:\/\/www.europesays.com\/fr\/wp-json\/wp\/v2\/tags?post=270439"}],"curies":[{"name":"wp","href":"https:\/\/api.w.org\/{rel}","templated":true}]}}