{"id":270441,"date":"2025-07-24T12:36:21","date_gmt":"2025-07-24T12:36:21","guid":{"rendered":"https:\/\/www.europesays.com\/fr\/270441\/"},"modified":"2025-07-24T12:36:21","modified_gmt":"2025-07-24T12:36:21","slug":"les-pompiers-au-secours-dun-ouvrier-victime-dun-malaise-sur-un-echafaudage-a-nantes","status":"publish","type":"post","link":"https:\/\/www.europesays.com\/fr\/270441\/","title":{"rendered":"Les pompiers au secours d\u2019un ouvrier victime d\u2019un malaise sur un \u00e9chafaudage \u00e0 Nantes"},"content":{"rendered":"<p>\u00c9voluer en milieu p\u00e9rilleux est leur sp\u00e9cialit\u00e9. Ce jeudi matin 24\u00a0juillet, peu avant 11\u00a0heures, les passants ont pu voir ces pompiers ranger leur mat\u00e9riel, non loin de la pharmacie du quartier du Breil, \u00e0 <a href=\"https:\/\/www.ouest-france.fr\/presse-ocean\/\" target=\"_blank\" rel=\"noopener\">Nantes.<\/a><\/p>\n<p>\t<img decoding=\"async\" src=\"https:\/\/www.europesays.com\/fr\/wp-content\/uploads\/2025\/07\/P35372402D6912156G_px_640_.jpg\" alt=\"photo le v\u00e9hicule de secours en milieu p\u00e9rilleux \u00e9tait stationn\u00e9 \u00e0 proximit\u00e9 ce jeudi matin.  \u00a9  photo presse oc\u00e9an\" width=\"640\" title=\" Le v\u00e9hicule de secours en milieu p\u00e9rilleux \u00e9tait stationn\u00e9 \u00e0 proximit\u00e9 ce jeudi matin.   Photo Presse Oc\u00e9an \"\/><\/p>\n<p class=\"elmt-legende\"> Le v\u00e9hicule de secours en milieu p\u00e9rilleux \u00e9tait stationn\u00e9 \u00e0 proximit\u00e9 ce jeudi matin.   Photo Presse Oc\u00e9an <\/p>\n<p>Ils venaient d\u2019intervenir un peu plus loin, avenue Richelieu, o\u00f9 de hauts \u00e9chafaudages ont \u00e9t\u00e9 install\u00e9s afin d\u2019effectuer des travaux sur un immeuble.<\/p>\n<p>Transport\u00e9 au CHU<\/p>\n<p>C\u2019est l\u00e0 qu\u2019un ouvrier, \u00e2g\u00e9 de 50\u00a0ans, a \u00e9t\u00e9 pris de crises convulsives peu avant 10\u00a0heures.<\/p>\n<p>Les pompiers sont all\u00e9s le chercher et l\u2019homme a \u00e9t\u00e9 conduit au CHU de Nantes.<\/p>\n<p>\u00a0<\/p>\n","protected":false},"excerpt":{"rendered":"\u00c9voluer en milieu p\u00e9rilleux est leur sp\u00e9cialit\u00e9. Ce jeudi matin 24\u00a0juillet, peu avant 11\u00a0heures, les passants ont pu&hellip;\n","protected":false},"author":2,"featured_media":270442,"comment_status":"","ping_status":"","sticky":false,"template":"","format":"standard","meta":{"footnotes":""},"categories":[2818],"tags":[1111,11,40987,1777,674,1011,27,33355,766,12,16718,2636,1311,25,7342,9418],"class_list":{"0":"post-270441","1":"post","2":"type-post","3":"status-publish","4":"format-standard","5":"has-post-thumbnail","7":"category-nantes","8":"tag-actu","9":"tag-actualites","10":"tag-echafaudage","11":"tag-eu","12":"tag-europe","13":"tag-fr","14":"tag-france","15":"tag-malaise","16":"tag-nantes","17":"tag-news","18":"tag-ouvrier","19":"tag-pays-de-la-loire","20":"tag-pompiers","21":"tag-republique-francaise","22":"tag-secours","23":"tag-victime"},"share_on_mastodon":{"url":"https:\/\/pubeurope.com\/@fr\/114908245815246701","error":""},"_links":{"self":[{"href":"https:\/\/www.europesays.com\/fr\/wp-json\/wp\/v2\/posts\/270441","targetHints":{"allow":["GET"]}}],"collection":[{"href":"https:\/\/www.europesays.com\/fr\/wp-json\/wp\/v2\/posts"}],"about":[{"href":"https:\/\/www.europesays.com\/fr\/wp-json\/wp\/v2\/types\/post"}],"author":[{"embeddable":true,"href":"https:\/\/www.europesays.com\/fr\/wp-json\/wp\/v2\/users\/2"}],"replies":[{"embeddable":true,"href":"https:\/\/www.europesays.com\/fr\/wp-json\/wp\/v2\/comments?post=270441"}],"version-history":[{"count":0,"href":"https:\/\/www.europesays.com\/fr\/wp-json\/wp\/v2\/posts\/270441\/revisions"}],"wp:featuredmedia":[{"embeddable":true,"href":"https:\/\/www.europesays.com\/fr\/wp-json\/wp\/v2\/media\/270442"}],"wp:attachment":[{"href":"https:\/\/www.europesays.com\/fr\/wp-json\/wp\/v2\/media?parent=270441"}],"wp:term":[{"taxonomy":"category","embeddable":true,"href":"https:\/\/www.europesays.com\/fr\/wp-json\/wp\/v2\/categories?post=270441"},{"taxonomy":"post_tag","embeddable":true,"href":"https:\/\/www.europesays.com\/fr\/wp-json\/wp\/v2\/tags?post=270441"}],"curies":[{"name":"wp","href":"https:\/\/api.w.org\/{rel}","templated":true}]}}