{"id":270451,"date":"2025-07-24T12:41:17","date_gmt":"2025-07-24T12:41:17","guid":{"rendered":"https:\/\/www.europesays.com\/fr\/270451\/"},"modified":"2025-07-24T12:41:17","modified_gmt":"2025-07-24T12:41:17","slug":"voici-a-quoi-ressemblera-le-futur-parc","status":"publish","type":"post","link":"https:\/\/www.europesays.com\/fr\/270451\/","title":{"rendered":"voici \u00e0 quoi ressemblera le futur parc"},"content":{"rendered":"<p>            Par<br \/>\n        <strong><br \/>\n            <a href=\"https:\/\/actu.fr\/auteur\/margot-nicodeme\" title=\"Consulter tous les articles de Margot Nicod\u00e8me\" rel=\"nofollow noopener\" target=\"_blank\">Margot Nicod\u00e8me<\/a><br \/>\n        <\/strong><\/p>\n<p>        Publi\u00e9 le<\/p>\n<p>            24 juil. 2025 \u00e0 13h42        <\/p>\n<p>C\u2019est clair comme de l\u2019eau de roche : c\u2019est le plus grand chantier qui animera la d\u00e9cennie \u00e0 <a href=\"https:\/\/actu.fr\/hauts-de-france\/lille_59350\" rel=\"nofollow noopener\" target=\"_blank\">Lille<\/a> (Nord). Ou comme le <a href=\"https:\/\/actu.fr\/hauts-de-france\/lille_59350\/demission-de-martine-aubry-qui-est-le-nouveau-maire-de-lille_62406681.html\" rel=\"nofollow noopener\" target=\"_blank\">maire Arnaud Deslandes<\/a> le dit avec ses mots, \u00ab\u00a0l\u2019apoth\u00e9ose de la m\u00e9tamorphose paysag\u00e8re du centre-ville\u00a0\u00bb. <b>L\u2019avenue du Peuple belge <\/b>va devenir un <b>gigantesque parc<\/b>, <a href=\"https:\/\/actu.fr\/hauts-de-france\/lille_59350\/lille-transformation-de-l-avenue-du-peuple-belge-voici-le-projet-choisi-par-les-habitants_51513476.html\" rel=\"nofollow noopener\" target=\"_blank\">c\u2019est act\u00e9 depuis 2022<\/a>. On passera du tout au tout. D\u2019un axe qui \u00ab\u00a0<b>n\u2019a aujourd\u2019hui aucune id\u00e9e identit\u00e9<\/b>\u00ab\u00a0, d\u00e9crit l\u2019\u00e9dile, \u00e9mergera <b>une all\u00e9e de 900 m\u00e8tres enti\u00e8rement v\u00e9g\u00e9tale<\/b>, o\u00f9 <b>la voiture n\u2019aura plus sa place<\/b>.<\/p>\n<p class=\" wall-content\">Les 261 places de stationnement a\u00e9rien (hors parking souterrain de la place Louise de Bettignies) dispara\u00eetront quasiment int\u00e9gralement, au profit d\u2019une <b>\u00ab\u00a0promenade r\u00e9cr\u00e9ative\u00a0\u00bb<\/b>, incluant m\u00eame <b>un point d\u2019eau<\/b>. Pr\u00e9sentation, en images, du projet par l\u2019\u00e9quipe municipale, ce jeudi 24 juillet 2025.\u00a0<\/p>\n<p>    <img   decoding=\"async\" loading=\"lazy\" class=\"size-large\" src=\"https:\/\/www.europesays.com\/fr\/wp-content\/uploads\/2025\/07\/bf0eb99812886d31eb9981288681ebv-960x640.jpeg\" alt=\"Une \" promenade=\"\" r=\"\" et=\"\" v=\"\" qui=\"\" fera=\"\" la=\"\" part=\"\" belle=\"\" aux=\"\" mobilit=\"\" douces=\"\" :=\"\" voici=\"\" ce=\"\" que=\"\" deviendra=\"\" l=\"\" du=\"\" peuple=\"\" belge=\"\" vieux-lille.=\"\" width=\"960\" height=\"640\"\/><br \/>\n    Une \u00ab\u00a0promenade r\u00e9cr\u00e9ative\u00a0\u00bb et v\u00e9g\u00e9tale, qui fera la part belle aux mobilit\u00e9s douces : voici ce que deviendra l\u2019avenue du Peuple belge \u00e0 l\u2019entr\u00e9e du Vieux-Lille. \u00a9Ville de LilleLe parking a\u00e9rien supprim\u00e9, le souterrain conserv\u00e9 et une circulation qui ne se fera plus que d\u2019un c\u00f4t\u00e9\u00a0<\/p>\n<p class=\" wall-content\">Pour rappel, la transformation de l\u2019avenue fut \u00e9voqu\u00e9e aussi t\u00f4t qu\u2019<a href=\"https:\/\/actu.fr\/hauts-de-france\/lille_59350\/transformation-de-l-avenue-du-peuple-belge-a-lille-preparez-vos-idees_39175587.html\" rel=\"nofollow noopener\" target=\"_blank\">en 2008<\/a>, et officialis\u00e9e en avril 2022, avec <a href=\"https:\/\/actu.fr\/hauts-de-france\/lille_59350\/lille-l-avenue-du-peuple-belge-va-se-transformer-choisissez-entre-ces-quatre-scenarios_50512693.html\" rel=\"nofollow noopener\" target=\"_blank\">le lancement de la consultation citoyenne<\/a>. Les Lillois \u00e9taient appel\u00e9s \u00e0 choisir en 4 sc\u00e9narios, et c\u2019est le <a href=\"https:\/\/actu.fr\/hauts-de-france\/lille_59350\/avenir-de-lavenue-du-peuple-belge-a-lille-les-contours-du-futur-parc-se-precisent_59690378.html\" rel=\"nofollow noopener\" target=\"_blank\">projet de parc g\u00e9ant<\/a> qui a \u00e9t\u00e9 retenu, apr\u00e8s examen des 14 569 votes recueillis. Arnaud Deslandes le r\u00e9v\u00e8le, il avait opt\u00e9 pour <a href=\"https:\/\/actu.fr\/hauts-de-france\/lille_59350\/lille-concertation-sur-l-avenue-du-peuple-belge-ils-soutiennent-la-remise-en-eau-totale_50849774.html\" rel=\"nofollow noopener\" target=\"_blank\">la remise en eau de l\u2019avenue<\/a>, dont le financement aurait exc\u00e9d\u00e9 les 100 millions d\u2019euros. Il revoie sa copie aujourd\u2019hui : \u00ab\u00a0c\u2019est sans regrets\u00a0\u00bb, l\u2019aboutissement de modifications aussi lourdes serait de l\u2019ordre de l\u2019inenvisageable aujourd\u2019hui, tant pour des raisons budg\u00e9taires que techniques.<\/p>\n<p class=\" wall-content\">Concr\u00e8tement, <b>voici ce qui va se passer avenue du Peuple belge<\/b>. Pour un montant de 25 millions d\u2019euros, partag\u00e9 \u00e9quitablement entre la Ville de Lille et la <a href=\"https:\/\/actu.fr\/tag\/metropole-europeenne-de-lille\" rel=\"nofollow noopener\" target=\"_blank\">MEL<\/a>, le parking qui fait face <a href=\"https:\/\/actu.fr\/hauts-de-france\/lille_59350\/a-lille-le-palais-de-justice-de-lavenue-du-peuple-belge-sera-vendu-et-sa-structure-conservee_61022251.html\" rel=\"nofollow noopener\" target=\"_blank\">\u00e0 l\u2019actuel palais de justice<\/a> <b>va \u00eatre supprim\u00e9<\/b>. Le parking souterrain de la place Louise de Bettignies et ses 312 emplacements resteront en place.<\/p>\n<p>    <img   decoding=\"async\" loading=\"lazy\" class=\"size-large\" src=\"https:\/\/www.europesays.com\/fr\/wp-content\/uploads\/2025\/07\/5800782a128865c00782a128870107v-960x640.jpg\" alt=\"La place Louise de Bettignies, en haut, sera encore plus verte et le parking souterrain sera conserv\u00e9. En face du tribunal (en bas), le cadre sera m\u00e9connaissable.\" width=\"960\" height=\"640\"\/><br \/>\n    La place Louise de Bettignies, en haut, sera encore plus verte et le parking souterrain sera conserv\u00e9. En face du tribunal (en bas), le cadre sera m\u00e9connaissable. \u00a9Ville de Lille<\/p>\n<p class=\" wall-content\">Du point de vue de la <a href=\"https:\/\/actu.fr\/tag\/circulation\" rel=\"nofollow noopener\" target=\"_blank\">circulation<\/a>, il n\u2019y aura plus de voie pour les voitures sur la partie ouest de l\u2019avenue, \u00e0 savoir celle le long du palais de justice. Ce c\u00f4t\u00e9 sera r\u00e9serv\u00e9 aux pi\u00e9tons. Le trafic automobile se fera donc <b>dans les deux sens sur la partie est<\/b>, le long <a href=\"https:\/\/actu.fr\/hauts-de-france\/lille_59350\/lille-brasserie-fine-et-abordable-dun-cote-chef-etoile-de-lautre-le-cerisier-renforce-son-attractivite_62410837.html\" rel=\"nofollow noopener\" target=\"_blank\">du restaurant Le Cerisier<\/a>, de Picard (voir photo)\u2026 Autre changement notable, <b>la rampe qui m\u00e8ne sur le pont Neuf sera d\u00e9truite<\/b>.<\/p>\n<p>    <img   decoding=\"async\" loading=\"lazy\" class=\"size-large\" src=\"https:\/\/www.europesays.com\/fr\/wp-content\/uploads\/2025\/07\/7e7dc54212886538dc5421288478dcv-960x640.jpg\" alt=\"La circulation automobile ne se fera plus que de ce c\u00f4t\u00e9, \u00e0 gauche de l'image, en double sens. La voie qui longe le tribunal sera pi\u00e9tonnis\u00e9e.\" width=\"960\" height=\"640\"\/><br \/>\n    La circulation automobile ne se fera plus que de ce c\u00f4t\u00e9, \u00e0 gauche de l\u2019image, en double sens. La voie qui longe le tribunal sera pi\u00e9tonnis\u00e9e. \u00a9Margot Nicod\u00e8me<br \/>\n    <img   decoding=\"async\" loading=\"lazy\" class=\"size-large\" src=\"https:\/\/www.europesays.com\/fr\/wp-content\/uploads\/2025\/07\/c02a554212886e42a55421288092a5v-960x640.jpg\" alt=\"Cette rampe qui m\u00e8ne sur le pont Neuf sera d\u00e9truite, avenue du Peuple belge.\" width=\"960\" height=\"640\"\/><br \/>\n    Cette rampe qui m\u00e8ne sur le pont Neuf sera d\u00e9truite, avenue du Peuple belge. \u00a9Margot Nicod\u00e8me<\/p>\n<p class=\" wall-content\">Il faudra emprunter le Vieux-Lille pour se rendre rue du Pont Neuf.<\/p>\n<p>R\u00e9appropriation du pont Neuf : rampe supprim\u00e9e et point d\u2019eau pour les pi\u00e9tons et cyclistes<\/p>\n<p class=\" wall-content\">Les pi\u00e9tons et cyclistes, en revanche, pourront circuler librement en dessous du pont. <b>Un point d\u2019eau y sera m\u00eame implant\u00e9, et se r\u00e9gulera avec un syst\u00e8me de r\u00e9cup\u00e9ration des eaux pluviales. <\/b>Une installation justifi\u00e9e ainsi par le maire :<b> <\/b>\u00ab\u00a0L\u2019avenue \u00e9tait un ancien canal [combl\u00e9 en 1930 pour des raisons sanitaires], qui servait de port \u00e0 Lille. On doit \u00eatre en mesure de retrouver l\u2019\u00e9vocation de l\u2019eau.\u00a0\u00bb<\/p>\n<p>    <img   decoding=\"async\" loading=\"lazy\" class=\"size-large\" src=\"https:\/\/www.europesays.com\/fr\/wp-content\/uploads\/2025\/07\/8a772e09128868e772e09128862872v-960x640.jpeg\" alt=\"R\u00e9appropriation du pont Neuf par les pi\u00e9tons et cyclistes : la rampe d'acc\u00e8s actuellement emprunt\u00e9e par les voitures sera supprim\u00e9e. Un point d'eau sera install\u00e9.\" width=\"960\" height=\"640\"\/><br \/>\n    R\u00e9appropriation du pont Neuf par les pi\u00e9tons et cyclistes : la rampe d\u2019acc\u00e8s actuellement emprunt\u00e9e par les voitures sera supprim\u00e9e. Un point d\u2019eau sera install\u00e9. \u00a9Ville de Lille<\/p>\n<p class=\" wall-content\">Le parc s\u2019\u00e9tendra sur 5,5 hectares, c\u2019est pr\u00e8s de deux fois la superficie du parc JB Lebas. Evidemment, des pistes cyclables bidirectionnelles seront am\u00e9nag\u00e9es tout son long. Cet axe v\u00e9g\u00e9tal sera pens\u00e9 pour offrir divers \u00eelots de fra\u00eecheur et augmenter la biodiversit\u00e9 ; la r\u00e9flexion \u00e9tant d\u00e9sormais aux mains expertes de <b>l\u2019\u00e9quipe paysagiste OKRA<\/b>, qui a notamment travaill\u00e9 \u00e0 la refonte du quartier de Greenwich \u00e0 Londres ou encore \u00e0 Utrecht.<\/p>\n<p class=\" wall-content\">Cette transformation, la plus grandiose de l\u2019\u00e8re moderne lilloise sans nul doute, sonne le glas d\u2019une \u00e9poque qui intronisait la voiture. L\u2019image d\u2019archives projet\u00e9e lors de la conf\u00e9rence de presse montre une avenue du Peuple belge<b> finalis\u00e9e dans les ann\u00e9es 70<\/b>, qui <b>n\u2019a rien de diff\u00e9rent avec celle de 2025<\/b>. Une apparence fig\u00e9e depuis 50 ans, qu\u2019il \u00e9tait n\u00e9cessaire de faire basculer dans le pass\u00e9 une bonne fois pour toutes.<\/p>\n<p>    <img   decoding=\"async\" loading=\"lazy\" class=\"size-large\" src=\"https:\/\/www.europesays.com\/fr\/wp-content\/uploads\/2025\/07\/bdf70bda1288671080bda128865080v-960x640.jpg\" alt=\"Premiers coups de pioche fin 2027. Saurez-vous, apr\u00e8s 2 ans de travaux au moins, reconna\u00eetre la partie nord de l'avenue, au niveau de l'IAE et de l'usine \u00e9l\u00e9vatoire, comme montr\u00e9 sur les photos ?\" width=\"960\" height=\"640\"\/><br \/>\n    Premiers coups de pioche fin 2027. Saurez-vous, apr\u00e8s 2 ans de travaux au moins, reconna\u00eetre la partie nord de l\u2019avenue, au niveau de l\u2019IAE et de l\u2019usine \u00e9l\u00e9vatoire, comme montr\u00e9 sur les photos ? \u00a9Ville de Lille<\/p>\n<p class=\" wall-content\">Les \u00ab\u00a0s\u00e9quences\u00a0\u00bb successives \u2013 tron\u00e7on en face de l\u2019IAE, section pont Neuf, section palais de justice\u2026 \u2013 n\u2019ont pas leur forme d\u00e9finitive, et les Lillois seront amen\u00e9s, d\u00e8s cette ann\u00e9e 2025, \u00e0 prendre part \u00e0 des ateliers participatifs. Pour \u00ab\u00a0affiner\u00a0\u00bb les derniers d\u00e9tails, dit Stanislas Dendievel, adjoint \u00e0 l\u2019urbanisme.<\/p>\n<p class=\" wall-content\">Le d\u00e9marrage du chantier est pr\u00e9vu<b> fin 2027<\/b>. Il faudra ensuite compter a minima 2 ans de travaux pour avoir un aper\u00e7u de cette entr\u00e9e de ville magnifi\u00e9e.<\/p>\n<p class=\" wall-content\">Suivez toute l\u2019actualit\u00e9 de vos villes et m\u00e9dias favoris en vous inscrivant \u00e0 <a href=\"https:\/\/moncompte.actu.fr\" title=\"D\u00e9couvez Mon Actu\" rel=\"nofollow noopener\" data-trk=\"{&quot;cta&quot;:{&quot;action&quot;:&quot;https:\\\/\\\/moncompte.actu.fr&quot;,&quot;category&quot;:&quot;mon compte&quot;,&quot;from&quot;:&quot;article footer&quot;,&quot;name&quot;:&quot;Mon actu&quot;,&quot;type&quot;:&quot;cta&quot;}}\" target=\"_blank\">Mon Actu<\/a>.<\/p>\n","protected":false},"excerpt":{"rendered":"Par Margot Nicod\u00e8me Publi\u00e9 le 24 juil. 2025 \u00e0 13h42 C\u2019est clair comme de l\u2019eau de roche :&hellip;\n","protected":false},"author":2,"featured_media":270452,"comment_status":"","ping_status":"","sticky":false,"template":"","format":"standard","meta":{"footnotes":""},"categories":[2815],"tags":[1111,11,1777,674,1011,27,811,1307,12,25,104,2086,1352],"class_list":{"0":"post-270451","1":"post","2":"type-post","3":"status-publish","4":"format-standard","5":"has-post-thumbnail","7":"category-lille","8":"tag-actu","9":"tag-actualites","10":"tag-eu","11":"tag-europe","12":"tag-fr","13":"tag-france","14":"tag-hauts-de-france","15":"tag-lille","16":"tag-news","17":"tag-republique-francaise","18":"tag-societe","19":"tag-travaux","20":"tag-urbanisme"},"share_on_mastodon":{"url":"https:\/\/pubeurope.com\/@fr\/114908265562356415","error":""},"_links":{"self":[{"href":"https:\/\/www.europesays.com\/fr\/wp-json\/wp\/v2\/posts\/270451","targetHints":{"allow":["GET"]}}],"collection":[{"href":"https:\/\/www.europesays.com\/fr\/wp-json\/wp\/v2\/posts"}],"about":[{"href":"https:\/\/www.europesays.com\/fr\/wp-json\/wp\/v2\/types\/post"}],"author":[{"embeddable":true,"href":"https:\/\/www.europesays.com\/fr\/wp-json\/wp\/v2\/users\/2"}],"replies":[{"embeddable":true,"href":"https:\/\/www.europesays.com\/fr\/wp-json\/wp\/v2\/comments?post=270451"}],"version-history":[{"count":0,"href":"https:\/\/www.europesays.com\/fr\/wp-json\/wp\/v2\/posts\/270451\/revisions"}],"wp:featuredmedia":[{"embeddable":true,"href":"https:\/\/www.europesays.com\/fr\/wp-json\/wp\/v2\/media\/270452"}],"wp:attachment":[{"href":"https:\/\/www.europesays.com\/fr\/wp-json\/wp\/v2\/media?parent=270451"}],"wp:term":[{"taxonomy":"category","embeddable":true,"href":"https:\/\/www.europesays.com\/fr\/wp-json\/wp\/v2\/categories?post=270451"},{"taxonomy":"post_tag","embeddable":true,"href":"https:\/\/www.europesays.com\/fr\/wp-json\/wp\/v2\/tags?post=270451"}],"curies":[{"name":"wp","href":"https:\/\/api.w.org\/{rel}","templated":true}]}}