{"id":270455,"date":"2025-07-24T12:43:11","date_gmt":"2025-07-24T12:43:11","guid":{"rendered":"https:\/\/www.europesays.com\/fr\/270455\/"},"modified":"2025-07-24T12:43:11","modified_gmt":"2025-07-24T12:43:11","slug":"le-tribunal-administratif-de-marseille-et-la-metropole-aix-marseille-provence","status":"publish","type":"post","link":"https:\/\/www.europesays.com\/fr\/270455\/","title":{"rendered":"Le Tribunal administratif de Marseille et la M\u00e9tropole Aix-Marseille-Provence"},"content":{"rendered":"<p>                    <img loading=\"lazy\" decoding=\"async\" src=\"https:\/\/www.europesays.com\/fr\/wp-content\/uploads\/2025\/07\/b83993c966626723499ab36639c56a.jpg\" class=\"img-responsive post-image\" width=\"680\" height=\"510\" alt=\"Le Tribunal administratif\" title=\"Le Tribunal administratif de Marseille et la M\u00e9tropole Aix-Marseille-Provence s'allient pour promouvoir la m\u00e9diation\"\/><\/p>\n<p class=\"chapo\">Le Tribunal administratif de Marseille, repr\u00e9sent\u00e9 par son pr\u00e9sident M.\u00a0Thierry Trottier, et la M\u00e9tropole Aix-Marseille-Provence (MAMP), repr\u00e9sent\u00e9e par sa pr\u00e9sidente Mme\u00a0Martine Vassal, ont sign\u00e9 une convention de partenariat le 23 juillet pour renforcer le recours \u00e0 la m\u00e9diation dans les diff\u00e9rends impliquant la M\u00e9tropole.<\/p>\n<p>Cette d\u00e9marche s\u2019inscrit dans le cadre des dispositions pr\u00e9vues par les articles L. 213-1 \u00e0 L. 213-14 du code de justice administrative. Ces textes, issus des lois du 18 novembre 2016 et du 22 d\u00e9cembre 2021, encouragent le recours \u00e0 la m\u00e9diation, qu\u2019elle soit engag\u00e9e de mani\u00e8re spontan\u00e9e par les parties ou sur proposition du juge administratif.<\/p>\n<p>L\u2019accord sign\u00e9 au tribunal vise \u00e0 institutionnaliser une pratique d\u00e9j\u00e0 bien amorc\u00e9e entre les deux entit\u00e9s. Il pr\u00e9voit notamment que le tribunal pourra proposer aux parties concern\u00e9es une m\u00e9diation dans toute affaire impliquant la MAMP. En retour, la M\u00e9tropole s\u2019engage \u00e0 envisager syst\u00e9matiquement la m\u00e9diation avant de saisir le juge administratif, et \u00e0 faire part, d\u00e8s ses premi\u00e8res \u00e9critures, de son ouverture \u00e0 cette voie alternative.<br class=\"texte\"\/><br \/>\nAu-del\u00e0 des engagements proc\u00e9duraux, les deux partenaires unissent \u00e9galement leurs efforts pour promouvoir la m\u00e9diation aupr\u00e8s des agents publics, des usagers et de leurs partenaires institutionnels. Cette coop\u00e9ration renforc\u00e9e illustre une volont\u00e9 commune\u00a0: d\u00e9sengorger les tribunaux, apaiser les relations juridiques et favoriser des solutions concert\u00e9es.<\/p>\n<p>Avec un nombre d\u00e9j\u00e0 significatif de m\u00e9diations fructueuses, cette convention vient consolider une dynamique prometteuse en mati\u00e8re de justice administrative, plus rapide, plus accessible et plus apais\u00e9e.<\/p>\n<p>Demander \u00e0 ChatGPT<\/p>\n<p>Visuel de Une \u00a9TA de Marseille<\/p>\n","protected":false},"excerpt":{"rendered":"Le Tribunal administratif de Marseille, repr\u00e9sent\u00e9 par son pr\u00e9sident M.\u00a0Thierry Trottier, et la M\u00e9tropole Aix-Marseille-Provence (MAMP), repr\u00e9sent\u00e9e par&hellip;\n","protected":false},"author":2,"featured_media":270456,"comment_status":"","ping_status":"","sticky":false,"template":"","format":"standard","meta":{"footnotes":""},"categories":[2814],"tags":[1111,11,2408,1777,674,1011,27,884,12,882,25],"class_list":{"0":"post-270455","1":"post","2":"type-post","3":"status-publish","4":"format-standard","5":"has-post-thumbnail","7":"category-marseille","8":"tag-actu","9":"tag-actualites","10":"tag-appels-d","11":"tag-eu","12":"tag-europe","13":"tag-fr","14":"tag-france","15":"tag-marseille","16":"tag-news","17":"tag-provence-alpes-cote-dazur","18":"tag-republique-francaise"},"share_on_mastodon":{"url":"https:\/\/pubeurope.com\/@fr\/114908273341623195","error":""},"_links":{"self":[{"href":"https:\/\/www.europesays.com\/fr\/wp-json\/wp\/v2\/posts\/270455","targetHints":{"allow":["GET"]}}],"collection":[{"href":"https:\/\/www.europesays.com\/fr\/wp-json\/wp\/v2\/posts"}],"about":[{"href":"https:\/\/www.europesays.com\/fr\/wp-json\/wp\/v2\/types\/post"}],"author":[{"embeddable":true,"href":"https:\/\/www.europesays.com\/fr\/wp-json\/wp\/v2\/users\/2"}],"replies":[{"embeddable":true,"href":"https:\/\/www.europesays.com\/fr\/wp-json\/wp\/v2\/comments?post=270455"}],"version-history":[{"count":0,"href":"https:\/\/www.europesays.com\/fr\/wp-json\/wp\/v2\/posts\/270455\/revisions"}],"wp:featuredmedia":[{"embeddable":true,"href":"https:\/\/www.europesays.com\/fr\/wp-json\/wp\/v2\/media\/270456"}],"wp:attachment":[{"href":"https:\/\/www.europesays.com\/fr\/wp-json\/wp\/v2\/media?parent=270455"}],"wp:term":[{"taxonomy":"category","embeddable":true,"href":"https:\/\/www.europesays.com\/fr\/wp-json\/wp\/v2\/categories?post=270455"},{"taxonomy":"post_tag","embeddable":true,"href":"https:\/\/www.europesays.com\/fr\/wp-json\/wp\/v2\/tags?post=270455"}],"curies":[{"name":"wp","href":"https:\/\/api.w.org\/{rel}","templated":true}]}}