{"id":27046,"date":"2025-04-15T17:11:11","date_gmt":"2025-04-15T17:11:11","guid":{"rendered":"https:\/\/www.europesays.com\/fr\/27046\/"},"modified":"2025-04-15T17:11:11","modified_gmt":"2025-04-15T17:11:11","slug":"avec-les-remous-causes-par-trump-lue-doit-elle-se-tourner-vers-la-chine","status":"publish","type":"post","link":"https:\/\/www.europesays.com\/fr\/27046\/","title":{"rendered":"Avec les remous caus\u00e9s par Trump, l\u2019UE doit-elle se tourner vers la Chine ?"},"content":{"rendered":"\n<p>\u201cLa Chine doit \u00eatre vue comme un partenaire, et non pas comme un adversaire.\u201d C\u2019est en tout cas le point de vue d\u2019une trentaine d\u2019entreprises allemandes, r\u00e9sum\u00e9 par<a href=\"https:\/\/www.faz.net\/aktuell\/wirtschaft\/trump-gegen-xi-was-soll-merz-tun-110417293.html\" target=\"_blank\" rel=\"noopener\"> la<strong> Frankfurter Allgemeine Zeitung<\/strong><\/a>. Ces soci\u00e9t\u00e9s proposent <a href=\"https:\/\/www.courrierinternational.com\/sujet\/friedrich-merz\" target=\"_blank\" rel=\"noopener\">au futur chancelier conservateur, Friedrich Merz<\/a>, un plan d\u2019action pour se rapprocher de P\u00e9kin. \u201cC\u2019est p\u00e9rilleux, et elles le savent\u201d, commente le journal. Mais<strong> <\/strong>\u201cles perturbations entra\u00een\u00e9es \u00e0 l\u2019international par la politique commerciale de Donald Trump sont, pour ces grands patrons, l\u2019occasion de changer de politique\u201d. Et de fait, la question se pose\u00a0:<\/p>\n<blockquote><p>\u201cL\u2019Allemagne doit-elle adopter une nouvelle strat\u00e9gie envers la Chine\u00a0?\u201d<\/p><\/blockquote>\n<p>Longtemps premier partenaire commercial de la R\u00e9publique f\u00e9d\u00e9rale, la Chine a perdu ce statut l\u2019an dernier, au profit des \u00c9tats-Unis. Le chancelier social-d\u00e9mocrate sortant Olaf Scholz et son gouvernement s\u2019\u00e9taient rang\u00e9s du c\u00f4t\u00e9 de l\u2019Union europ\u00e9enne (UE) en adoptant <a href=\"https:\/\/www.courrierinternational.com\/article\/le-mot-du-jour-face-a-la-chine-l-ue-prone-la-strategie-bien-pratique-de-l-attenuation-des-risques\" target=\"_blank\" rel=\"noopener\">sa strat\u00e9gie de l\u2019att\u00e9nuation des risques (ou de-risking)<\/a>. Cette approche consistait \u00e0 r\u00e9duire la d\u00e9pendance \u00e9conomique \u00e0 l\u2019\u00e9gard du g\u00e9ant asiatique, sans pour autant couper les ponts.\u00a0P\u00e9kin est aujourd\u2019hui qualifi\u00e9 par Berlin de \u201crival syst\u00e9mique\u201d.<\/p>\n<p>Le retour de Donald Trump \u00e0 la Maison-Blanche et son offensive douani\u00e8re erratique pourraient changer la donne. \u201c\u2018Att\u00e9nuer les risques, se diversifier et r\u00e9organiser la politique commerciale\u2019\u00a0: c\u2019est le mantra qui a servi \u00e0 rendre l\u2019Allemagne moins d\u00e9pendante de la Chine et qui, aujourd\u2019hui, sert \u00e0 <\/p>\n","protected":false},"excerpt":{"rendered":"\u201cLa Chine doit \u00eatre vue comme un partenaire, et non pas comme un adversaire.\u201d C\u2019est en tout cas&hellip;\n","protected":false},"author":2,"featured_media":27047,"comment_status":"","ping_status":"","sticky":false,"template":"","format":"standard","meta":{"footnotes":""},"categories":[1586],"tags":[11,672,6060,309,75,2388,1777,674,1779,1011,27,1892,1074,9550,12,25,2542,1778,364,2475],"class_list":{"0":"post-27046","1":"post","2":"type-post","3":"status-publish","4":"format-standard","5":"has-post-thumbnail","7":"category-europe","8":"tag-actualites","9":"tag-allemagne","10":"tag-asie","11":"tag-chine","12":"tag-donald-trump","13":"tag-droits-de-douane","14":"tag-eu","15":"tag-europe","16":"tag-european-union","17":"tag-fr","18":"tag-france","19":"tag-gu00e9opolitique","20":"tag-guerre-commerciale","21":"tag-libre-u00e9change","22":"tag-news","23":"tag-republique-francaise","24":"tag-u00e9conomie","25":"tag-ue","26":"tag-union-europeenne","27":"tag-union-europu00e9enne"},"share_on_mastodon":{"url":"https:\/\/pubeurope.com\/@fr\/114343096212657446","error":""},"_links":{"self":[{"href":"https:\/\/www.europesays.com\/fr\/wp-json\/wp\/v2\/posts\/27046","targetHints":{"allow":["GET"]}}],"collection":[{"href":"https:\/\/www.europesays.com\/fr\/wp-json\/wp\/v2\/posts"}],"about":[{"href":"https:\/\/www.europesays.com\/fr\/wp-json\/wp\/v2\/types\/post"}],"author":[{"embeddable":true,"href":"https:\/\/www.europesays.com\/fr\/wp-json\/wp\/v2\/users\/2"}],"replies":[{"embeddable":true,"href":"https:\/\/www.europesays.com\/fr\/wp-json\/wp\/v2\/comments?post=27046"}],"version-history":[{"count":0,"href":"https:\/\/www.europesays.com\/fr\/wp-json\/wp\/v2\/posts\/27046\/revisions"}],"wp:featuredmedia":[{"embeddable":true,"href":"https:\/\/www.europesays.com\/fr\/wp-json\/wp\/v2\/media\/27047"}],"wp:attachment":[{"href":"https:\/\/www.europesays.com\/fr\/wp-json\/wp\/v2\/media?parent=27046"}],"wp:term":[{"taxonomy":"category","embeddable":true,"href":"https:\/\/www.europesays.com\/fr\/wp-json\/wp\/v2\/categories?post=27046"},{"taxonomy":"post_tag","embeddable":true,"href":"https:\/\/www.europesays.com\/fr\/wp-json\/wp\/v2\/tags?post=27046"}],"curies":[{"name":"wp","href":"https:\/\/api.w.org\/{rel}","templated":true}]}}