{"id":270461,"date":"2025-07-24T12:46:12","date_gmt":"2025-07-24T12:46:12","guid":{"rendered":"https:\/\/www.europesays.com\/fr\/270461\/"},"modified":"2025-07-24T12:46:12","modified_gmt":"2025-07-24T12:46:12","slug":"la-tension-monte-encore-dun-cran-entre-jean-michel-aulas-et-gregory-doucet","status":"publish","type":"post","link":"https:\/\/www.europesays.com\/fr\/270461\/","title":{"rendered":"la tension monte encore d&rsquo;un cran entre Jean-Michel Aulas et Gr\u00e9gory Doucet"},"content":{"rendered":"<p>            Par<br \/>\n        <strong><br \/>\n            <a href=\"https:\/\/actu.fr\/auteur\/nicolas-zaugra\" title=\"Consulter tous les articles de Nicolas Zaugra\" rel=\"nofollow noopener\" target=\"_blank\">Nicolas Zaugra<\/a><br \/>\n        <\/strong><\/p>\n<p>        Publi\u00e9 le<\/p>\n<p>            24 juil. 2025 \u00e0 14h37<br \/>\n        ; mis \u00e0 jour le 24 juil. 2025 \u00e0 14h40    <\/p>\n<p>Pas de tr\u00eave estivale pour la pr\u00e9-campagne des <a href=\"https:\/\/actu.fr\/tag\/municipales-2026\" rel=\"nofollow noopener\" target=\"_blank\">municipales 2026<\/a> \u00e0 <a href=\"https:\/\/actu.fr\/auvergne-rhone-alpes\/lyon_69123\" rel=\"nofollow noopener\" target=\"_blank\">Lyon<\/a>. Le duel entre le maire \u00e9cologiste sortant <a href=\"https:\/\/actu.fr\/auvergne-rhone-alpes\/lyon_69123\/municipales-2026-a-lyon-il-faudra-voter-trois-fois-le-meme-jour-gregory-doucet-s-agace_62895678.html\" rel=\"nofollow noopener\" target=\"_blank\">Gr\u00e9gory Doucet<\/a> et <a href=\"https:\/\/actu.fr\/auvergne-rhone-alpes\/lyon_69123\/lyon-jean-michel-aulas-annonce-quand-il-officialisera-sa-candidature-aux-municipales-2026_62866766.html\" rel=\"nofollow noopener\" target=\"_blank\">Jean-Michel Aulas<\/a>, qui doit annoncer sa candidature en septembre, s\u2019installe. Et la tension est mont\u00e9e d\u2019un cran ces derniers jours en juillet. Crise \u00e0 l\u2019Olympique lyonnais, accusations de fausses informations, \u0153uvre de la place Bellecour, bouchons et travaux\u2026 Les sujets ne manquent pas.<\/p>\n<p>Crispations autour de l\u2019Olympique lyonnais<\/p>\n<p class=\" wall-content\">Les tensions se sont poursuivies entre les \u00e9cologistes et Jean-Michel Aulas tout le mois de juillet avec comme point culminant les tensions autour de l\u2019Olympique lyonnais. La <a href=\"https:\/\/actu.fr\/auvergne-rhone-alpes\/lyon_69123\/l-ol-retrograde-en-ligue-2-tremblement-de-terre-a-lyon-pour-le-club-de-john-textor_62820611.html\" rel=\"nofollow noopener\" target=\"_blank\">rel\u00e9gation provisoire du club en Ligue 2<\/a>, finalement <a href=\"https:\/\/actu.fr\/auvergne-rhone-alpes\/lyon_69123\/l-ol-maintenu-en-ligue-1-immense-soulagement-les-personnalites-reagissent-a-lyon_62890171.html\" rel=\"nofollow noopener\" target=\"_blank\">sauv\u00e9<\/a>, et ses graves difficult\u00e9s financi\u00e8res ont remis l\u2019ex-pr\u00e9sident de l\u2019OL en premi\u00e8re ligne. Et c\u2019est Gr\u00e9gory Doucet qui est sorti de sa r\u00e9serve en critiquant ouvertement \u00ab\u00a0une responsabilit\u00e9\u00a0\u00bb d\u2019Aulas dans les difficult\u00e9s du club.<\/p>\n<p class=\" wall-content\">Dans les colonnes de <a href=\"https:\/\/www.lequipe.fr\/Football\/Actualites\/Sur-la-situation-de-l-ol-le-maire-de-lyon-gregory-doucet-ne-menage-pas-son-probable-concurrent-aux-municipales-jean-michel-aulas-a-necessairement-une-responsabilite\/1578922\" rel=\"nofollow noopener\" target=\"_blank\">L\u2019\u00c9quipe<\/a>, Doucet a ajout\u00e9 qu\u2019Aulas \u00ab a n\u00e9cessairement une responsabilit\u00e9 \u00bb dans la situation \u00e9conomique de l\u2019OL, pour lui avoir vendu le club en d\u00e9cembre 2022 alors que la DNCG \u00ab pointait les risques (du mod\u00e8le) \u00bb. M\u00eame s\u2019il a affirm\u00e9 qu\u2019Aulas a \u00e9t\u00e9 \u00ab\u00a0un remarquable pr\u00e9sident de l\u2019OL\u00a0\u00bb, <strong>la critique a piqu\u00e9 au vif le futur candidat.\u00a0<\/strong><\/p>\n<p class=\" wall-content\">Encore ce 23 juillet, JMA interpelle directement le maire de Lyon sur X. \u00ab\u00a0Vous auriez mieux fait d\u2019\u00e9couter les sp\u00e9cialistes de la finance et du football, secteurs dont vous ne connaissez rien avant de tenir un discours politique sur l\u2019OL vraiment farfelu et donc d\u00e9plac\u00e9\u00a0\u00bb.<\/p>\n<p class=\" wall-content\">M\u00eame <a href=\"https:\/\/actu.fr\/auvergne-rhone-alpes\/lyon_69123\/lyon-un-candidat-aux-municipales-agressif-avec-une-elue-evacue-par-la-police-a-bellecour_62553465.html\" rel=\"nofollow noopener\" target=\"_blank\">Edouard Hoffmann<\/a>, \u00e9ph\u00e9m\u00e8re candidat \u00e0 la mairie et d\u00e9sormais soutien d\u2019Aulas est envoy\u00e9 au front sur les r\u00e9seaux. \u00ab\u00a0Gr\u00e9gory Doucet parle de l\u2019OL alors qu\u2019il n\u2019en conna\u00eet ni les r\u00e8gles, ni les codes : absent du stade, <a href=\"https:\/\/actu.fr\/auvergne-rhone-alpes\/lyon_69123\/lyon-gregory-doucet-chambre-par-alexandre-lacazette-et-l-ol-pour-son-costume-vert_62638971.html\" rel=\"nofollow noopener\" target=\"_blank\">venu en costume vert<\/a> \u00e0 la c\u00e9r\u00e9monie de l\u2019ordre du M\u00e9rite d\u2019Alex Lacazette, incapable de soutenir le club autrement qu\u2019avec une lettre\u00a0\u00bb, dit-il dans un tweet.<\/p>\n<p>\u00ab\u00a0Mensonges sur mensonges\u00a0\u00bb attaque Gr\u00e9gory Doucet<\/p>\n<p class=\" wall-content\">D\u00e9but juillet, le maire de Lyon \u00e9crivait dans un message Instagram soigneusement pr\u00e9par\u00e9 par sa communication. \u00ab\u00a0Mensonge sur mensonge, cynisme politique pr\u00e9occupant\u00a0\u00bb en visant Jean-Michel Aulas. Ce dernier <a href=\"https:\/\/actu.fr\/auvergne-rhone-alpes\/lyon_69123\/lyon-gregory-doucet-attaque-par-jean-michel-aulas-sur-la-canicule-le-torchon-brule_62860232.html\" rel=\"nofollow noopener\" target=\"_blank\">critiquait les \u00e9cologistes en pleine canicule<\/a>. \u00ab\u00a0Notre ville \u00e9touffe. Que fait la majorit\u00e9 \u00e9cologiste ?\u00a0\u00bb, \u00e9crivait sur X le chef d\u2019entreprise.<\/p>\n<p>    <img   decoding=\"async\" loading=\"lazy\" src=\"https:\/\/www.europesays.com\/fr\/wp-content\/uploads\/2025\/07\/gregory-doucet-maire-de-lyon-bruno-bernard-president-metropole-valentin-lungenstrass-adjoint-960x640.jpeg\" alt=\"Le maire de Lyon Gr\u00e9gory Doucet, son adjoint Valentin Lungenstrass et le pr\u00e9sident de la M\u00e9tropole Bruno Bernard lors d'une conf\u00e9rence de presse \u00e0 la Maison de la Confluence en avril 2025.\" width=\"960\" height=\"640\"\/><br \/>\n    Le maire de Lyon Gr\u00e9gory Doucet, son adjoint Valentin Lungenstrass et le pr\u00e9sident de la M\u00e9tropole Bruno Bernard lors d\u2019une conf\u00e9rence de presse \u00e0 la Maison de la Confluence en avril 2025. (\u00a9Th\u00e9o Zuili \/ actu Lyon)<\/p>\n<p class=\" wall-content\">Autre s\u00e9quence par messages tr\u00e8s sal\u00e9s post\u00e9s en ligne ce mois-ci. Jean-Michel Aulas attaque le 21 juillet la \u00ab\u00a0gabegie d\u2019une pseudo \u0153uvre d\u2019art aux vertus environnementales \u00e0 1,6 million \u20ac sans appel d\u2019offre\u00a0\u00bb en \u00e9voquant l\u2019<a href=\"https:\/\/actu.fr\/auvergne-rhone-alpes\/lyon_69123\/lyon-l-oeuvre-polemique-de-bellecour-sabotee-une-enquete-ouverte-ce-que-l-on-sait_62935106.html\" rel=\"nofollow noopener\" target=\"_blank\">installation Tissage urbain de la place Bellecour<\/a>. Il est imm\u00e9diatement <strong>accus\u00e9 de mensonges, de \u00ab\u00a0trumpisme\u00a0\u00bb, \u00ab\u00a0populisme\u00a0\u00bb<\/strong> par des \u00e9lus \u00e9cologistes puisqu\u2019un <a href=\"http:\/\/marches2.lyon.fr\/avis\/index.cfm?fuseaction=marchesP.affArchive&amp;IDM=1411281\" rel=\"nofollow noopener\" target=\"_blank\">appel \u00e0 candidatures<\/a> avait bien \u00e9t\u00e9 lanc\u00e9 en 2024 par la municipalit\u00e9.\u00a0<\/p>\n<p class=\" wall-content\">\n<p class=\" wall-content\">\n<p>\u00ab\u00a0Rangeons les invectives, et profitons un peu de l\u2019\u00e9t\u00e9\u00a0\u00bb<\/p>\n<p class=\" wall-content\">Si Jean-Michel Aulas a tent\u00e9 d\u2019apaiser la situation apr\u00e8s sa sortie, il en a remis une couche en ciblant \u00e0 nouveau Gr\u00e9gory Doucet. \u00ab\u00a0J\u2019avoue, je ne m\u2019attendais pas \u00e0 d\u00e9clencher un concours de punchlines en plein mois de juillet. Allez, respirons un coup, rangeons les invectives, et profitons un peu de l\u2019\u00e9t\u00e9. On parlera urbanisme et appels d\u2019offres \u00e0 la rentr\u00e9e. Bel \u00e9t\u00e9 \u00e0 toutes et tous, m\u00eame \u00e0 ceux qui me pr\u00e9f\u00e8rent en muet !\u00a0\u00bb, publie-t-il le 22 juillet.<\/p>\n<p class=\" wall-content\">\n<p class=\" wall-content\">Mais le lendemain, ce mercredi, le maire de Lyon est de nouveau cibl\u00e9 par JMA en personne sur X. \u00ab\u00a0Il n\u2019en reste pas moins que votre bilan est catastrophique et affligeant et que le m\u00e9contentement des Lyonnaises et Lyonnais est r\u00e9el !\u00a0\u00bb.<\/p>\n<p class=\" wall-content\">Selon plusieurs \u00e9lus engag\u00e9s aupr\u00e8s d\u2019Aulas, \u00ab\u00a0il bouillonne de se lancer\u00a0\u00bb d\u2019o\u00f9 cette s\u00e9rie de tweets. Ces derniers jours, le patron a continu\u00e9 d\u2019utiliser X, son r\u00e9seau favori, pour attaquer une nouvelle fois les \u00e9cologistes sur les bouchons dans la ville, les travaux, l\u2019ins\u00e9curit\u00e9\u2026<\/p>\n<p>La campagne se pr\u00e9pare cet \u00e9t\u00e9<\/p>\n<p class=\" wall-content\">Chez les \u00e9cologistes comme du c\u00f4t\u00e9 de Jean-Michel Aulas, on profite en tout cas de l\u2019\u00e9t\u00e9 pour pr\u00e9parer en coulisses le vrai lancement de la campagne attendu pour septembre. Les \u00e9cologistes ont lanc\u00e9 ce mois-ci une <strong>op\u00e9ration \u00ab\u00a0La Grande \u00c9coute\u00a0\u00bb des Lyonnais<\/strong> organis\u00e9e jusqu\u2019en octobre. Sur 200 points de rencontre dans les 9 arrondissements, militants et \u00e9lus vont se d\u00e9ployer dans les rues, une occasion de pr\u00e9parer la campagne et le programme de 2026.<\/p>\n<p class=\" wall-content\">Gr\u00e9gory Doucet multiplie aussi les consultations politiques avec ses alli\u00e9s de gauche tandis que LFI et le PS sont tent\u00e9s de se lancer seuls au premier tour.<\/p>\n<p class=\" wall-content\">Du c\u00f4t\u00e9 de Jean-Michel Aulas, on continue de se pr\u00e9parer \u00e0 se lancer officiellement en campagne. Financement, association de campagne, alliances et soutiens avec la droite et la macronie, r\u00e9flexions sur la composition des listes, programme\u2026 Un rendez-vous avec Gabriel Attal est encore pr\u00e9vu ces tous prochains jours, selon nos informations.<\/p>\n<p class=\" wall-content\">Suivez toute l\u2019actualit\u00e9 de vos villes et m\u00e9dias favoris en vous inscrivant \u00e0 <a href=\"https:\/\/moncompte.actu.fr\" title=\"D\u00e9couvez Mon Actu\" rel=\"nofollow noopener\" data-trk=\"{&quot;cta&quot;:{&quot;action&quot;:&quot;https:\\\/\\\/moncompte.actu.fr&quot;,&quot;category&quot;:&quot;mon compte&quot;,&quot;from&quot;:&quot;article footer&quot;,&quot;name&quot;:&quot;Mon actu&quot;,&quot;type&quot;:&quot;cta&quot;}}\" target=\"_blank\">Mon Actu<\/a>.<\/p>\n","protected":false},"excerpt":{"rendered":"Par Nicolas Zaugra Publi\u00e9 le 24 juil. 2025 \u00e0 14h37 ; mis \u00e0 jour le 24 juil. 2025&hellip;\n","protected":false},"author":2,"featured_media":270462,"comment_status":"","ping_status":"","sticky":false,"template":"","format":"standard","meta":{"footnotes":""},"categories":[1889],"tags":[1111,11,2430,4188,1777,674,1011,27,5226,5227,2428,3434,12,316,25],"class_list":{"0":"post-270461","1":"post","2":"type-post","3":"status-publish","4":"format-standard","5":"has-post-thumbnail","7":"category-lyon","8":"tag-actu","9":"tag-actualites","10":"tag-auvergne-rhone-alpes","11":"tag-elections-municipales","12":"tag-eu","13":"tag-europe","14":"tag-fr","15":"tag-france","16":"tag-gregory-doucet","17":"tag-jean-michel-aulas","18":"tag-lyon","19":"tag-municipales-2026","20":"tag-news","21":"tag-politique","22":"tag-republique-francaise"},"share_on_mastodon":{"url":"https:\/\/pubeurope.com\/@fr\/114908285047775828","error":""},"_links":{"self":[{"href":"https:\/\/www.europesays.com\/fr\/wp-json\/wp\/v2\/posts\/270461","targetHints":{"allow":["GET"]}}],"collection":[{"href":"https:\/\/www.europesays.com\/fr\/wp-json\/wp\/v2\/posts"}],"about":[{"href":"https:\/\/www.europesays.com\/fr\/wp-json\/wp\/v2\/types\/post"}],"author":[{"embeddable":true,"href":"https:\/\/www.europesays.com\/fr\/wp-json\/wp\/v2\/users\/2"}],"replies":[{"embeddable":true,"href":"https:\/\/www.europesays.com\/fr\/wp-json\/wp\/v2\/comments?post=270461"}],"version-history":[{"count":0,"href":"https:\/\/www.europesays.com\/fr\/wp-json\/wp\/v2\/posts\/270461\/revisions"}],"wp:featuredmedia":[{"embeddable":true,"href":"https:\/\/www.europesays.com\/fr\/wp-json\/wp\/v2\/media\/270462"}],"wp:attachment":[{"href":"https:\/\/www.europesays.com\/fr\/wp-json\/wp\/v2\/media?parent=270461"}],"wp:term":[{"taxonomy":"category","embeddable":true,"href":"https:\/\/www.europesays.com\/fr\/wp-json\/wp\/v2\/categories?post=270461"},{"taxonomy":"post_tag","embeddable":true,"href":"https:\/\/www.europesays.com\/fr\/wp-json\/wp\/v2\/tags?post=270461"}],"curies":[{"name":"wp","href":"https:\/\/api.w.org\/{rel}","templated":true}]}}