{"id":270467,"date":"2025-07-24T12:50:11","date_gmt":"2025-07-24T12:50:11","guid":{"rendered":"https:\/\/www.europesays.com\/fr\/270467\/"},"modified":"2025-07-24T12:50:11","modified_gmt":"2025-07-24T12:50:11","slug":"notre-dame-de-paris-a-retrouve-toutes-les-statues-ornant-la-base-de-sa-fleche","status":"publish","type":"post","link":"https:\/\/www.europesays.com\/fr\/270467\/","title":{"rendered":"Notre-Dame de Paris a retrouv\u00e9 toutes les statues ornant la base de sa fl\u00e8che"},"content":{"rendered":"<p>La derni\u00e8re des seize statues ornant la base de la fl\u00e8che de Notre-Dame de Paris, retir\u00e9es pour \u00eatre restaur\u00e9es quelques jours avant l&rsquo;incendie qui a ravag\u00e9 l&rsquo;\u00e9difice en 2019, a \u00e9t\u00e9 r\u00e9install\u00e9e jeudi, a constat\u00e9 un journaliste de l&rsquo;AFP.<\/p>\n<p>Apr\u00e8s avoir \u00e9t\u00e9 b\u00e9nie par Mgr Laurent Ulrich, archev\u00eaque de Paris, cette repr\u00e9sentation de Saint-Thomas mesurant trois m\u00e8tres et pesant un peu plus de 100 kg a \u00e9t\u00e9 tract\u00e9e par une imposante grue au petit matin.<\/p>\n<p>\u00ab\u00a0C&rsquo;est un symbole tr\u00e8s fort de revoir toutes les statues l\u00e0-haut car ce sont quasiment les seules survivantes de la fl\u00e8che, avec le coq, mais qui, lui, a \u00e9t\u00e9 tr\u00e8s ab\u00eem\u00e9\u00a0\u00bb, a soulign\u00e9 aupr\u00e8s de l&rsquo;AFP Marie-H\u00e9l\u00e8ne Didier, conservatrice g\u00e9n\u00e9rale du patrimoine et conservatrice des monuments historiques \u00e0 la Direction r\u00e9gionale des affaires culturelles d&rsquo;Ile-de-France.<\/p>\n<p>Ces seize statues n&rsquo;avaient pas \u00e9t\u00e9 endommag\u00e9es par l&rsquo;incendie qui a touch\u00e9 Notre-Dame le 15 avril 2019 car, quatre jours auparavant, elles avaient \u00e9t\u00e9 retir\u00e9es de leur promontoire habituel pour \u00eatre restaur\u00e9es en Dordogne.<\/p>\n<p>\u00ab\u00a0C&rsquo;est presque un miracle\u00a0\u00bb, a ajout\u00e9 Mme Didier.<\/p>\n<p>Actuellement\u00a0masqu\u00e9es par l&rsquo;\u00e9chafaudage de la fl\u00e8che, elles seront pleinement visibles \u00e0 la fin du mois d&rsquo;ao\u00fbt, apr\u00e8s son d\u00e9montage.<\/p>\n<p>Dessin\u00e9es en 1857 par Viollet-le-Duc &#8211; architecte de la fl\u00e8che &#8211; et sculpt\u00e9es par Adolphe-Victor Geoffroy-Dechaume, ces seize statues \u00e0 patine de bronze en cuivre repr\u00e9sentent les douze ap\u00f4tres et les symboles des quatre \u00e9vang\u00e9listes (le lion, le taureau, l&rsquo;ange et l&rsquo;aigle).<\/p>\n<p>Viollet-le-Duc a d&rsquo;ailleurs repr\u00e9sent\u00e9 Saint-Thomas, patron des architectes, \u00e0 son effigie.<\/p>\n<p>cgc-go\/mch\/ms<\/p>\n","protected":false},"excerpt":{"rendered":"La derni\u00e8re des seize statues ornant la base de la fl\u00e8che de Notre-Dame de Paris, retir\u00e9es pour \u00eatre&hellip;\n","protected":false},"author":2,"featured_media":270468,"comment_status":"","ping_status":"","sticky":false,"template":"","format":"standard","meta":{"footnotes":""},"categories":[1888],"tags":[1111,1928,11,1927,40990,1777,674,20601,1011,27,40991,12,1926,1049,626,1925,25,40989,11600],"class_list":{"0":"post-270467","1":"post","2":"type-post","3":"status-publish","4":"format-standard","5":"has-post-thumbnail","7":"category-paris","8":"tag-actu","9":"tag-actu-paris","10":"tag-actualites","11":"tag-actualites-paris","12":"tag-direction-regionale-des-affaires-culturelles","13":"tag-eu","14":"tag-europe","15":"tag-fleche","16":"tag-fr","17":"tag-france","18":"tag-marie-helene-didier","19":"tag-news","20":"tag-news-paris","21":"tag-notre-dame","22":"tag-paris","23":"tag-paris-news","24":"tag-republique-francaise","25":"tag-saint-thomas","26":"tag-statue"},"share_on_mastodon":{"url":"https:\/\/pubeurope.com\/@fr\/114908301060035504","error":""},"_links":{"self":[{"href":"https:\/\/www.europesays.com\/fr\/wp-json\/wp\/v2\/posts\/270467","targetHints":{"allow":["GET"]}}],"collection":[{"href":"https:\/\/www.europesays.com\/fr\/wp-json\/wp\/v2\/posts"}],"about":[{"href":"https:\/\/www.europesays.com\/fr\/wp-json\/wp\/v2\/types\/post"}],"author":[{"embeddable":true,"href":"https:\/\/www.europesays.com\/fr\/wp-json\/wp\/v2\/users\/2"}],"replies":[{"embeddable":true,"href":"https:\/\/www.europesays.com\/fr\/wp-json\/wp\/v2\/comments?post=270467"}],"version-history":[{"count":0,"href":"https:\/\/www.europesays.com\/fr\/wp-json\/wp\/v2\/posts\/270467\/revisions"}],"wp:featuredmedia":[{"embeddable":true,"href":"https:\/\/www.europesays.com\/fr\/wp-json\/wp\/v2\/media\/270468"}],"wp:attachment":[{"href":"https:\/\/www.europesays.com\/fr\/wp-json\/wp\/v2\/media?parent=270467"}],"wp:term":[{"taxonomy":"category","embeddable":true,"href":"https:\/\/www.europesays.com\/fr\/wp-json\/wp\/v2\/categories?post=270467"},{"taxonomy":"post_tag","embeddable":true,"href":"https:\/\/www.europesays.com\/fr\/wp-json\/wp\/v2\/tags?post=270467"}],"curies":[{"name":"wp","href":"https:\/\/api.w.org\/{rel}","templated":true}]}}