{"id":270471,"date":"2025-07-24T12:52:10","date_gmt":"2025-07-24T12:52:10","guid":{"rendered":"https:\/\/www.europesays.com\/fr\/270471\/"},"modified":"2025-07-24T12:52:10","modified_gmt":"2025-07-24T12:52:10","slug":"parade-sur-la-seine-karaoke-geant-fete-des-volontaires-un-an-apres-les-jo-paris-sort-le-grand-jeu","status":"publish","type":"post","link":"https:\/\/www.europesays.com\/fr\/270471\/","title":{"rendered":"Parade sur la Seine, karaok\u00e9 g\u00e9ant, f\u00eate des volontaires\u2026 Un an apr\u00e8s les JO, Paris sort le grand jeu"},"content":{"rendered":"<p class=\"paragraph text_align_left lp-f-body-02\">Un drapeau bleu blanc rouge qui explose sur le pont d\u2019Austerlitz (Ve, XIIIe), peu apr\u00e8s 19h30. Nous \u00e9tions le 26\u00a0juillet 2024 et le coup d\u2019envoi de <a href=\"https:\/\/www.leparisien.fr\/jo-paris-2024\/funambule-patrouille-de-france-chenille-ces-sequences-de-la-ceremonie-douverture-des-jo-passees-a-la-trappe-27-07-2024-LHXO7XDDINEIFN7ILMY7EJ6GUU.php\" target=\"_self\" rel=\"noopener\">la c\u00e9r\u00e9monie d\u2019ouverture<\/a> des <a href=\"https:\/\/www.leparisien.fr\/jo-paris-2024\/\" target=\"_self\" rel=\"noopener\">Jeux olympiques de Paris<\/a> \u00e9tait donn\u00e9. Un an plus tard, Paris va se replonger ce samedi dans cette effervescence sans \u00e9quivalent. Un retour dans le pass\u00e9 qui a d\u00e9j\u00e0 commenc\u00e9 ce jeudi avec l\u2019installation, au premier \u00e9tage de la tour Eiffel, d\u2019une vaste toile faisant figurer les anneaux olympiques.<\/p>\n<p class=\"paragraph text_align_left lp-f-body-02\">Samedi, tout au long de la journ\u00e9e, aux quatre coins de la capitale et en petite couronne, plusieurs \u00e9v\u00e9nements et animations feront revivre la fi\u00e8vre olympique qui a berc\u00e9 l\u2019\u00e9t\u00e9 2024. Avec comme fil rouge la Seine, th\u00e9\u00e2tre de la c\u00e9r\u00e9monie d\u2019ouverture l\u2019an dernier.<\/p>\n<p>Le CIO en visite \u00e0 Paris<\/p>\n<p class=\"paragraph text_align_left lp-f-body-02\">Pour c\u00e9l\u00e9brer cet anniversaire, la Ville de <a href=\"https:\/\/www.leparisien.fr\/paris-75\/\" target=\"_self\" rel=\"noopener\">Paris<\/a> mais aussi le Comit\u00e9 olympique international (CIO) et le Comit\u00e9 national olympique et sportif fran\u00e7ais (CNOSF) seront de la partie. Pr\u00e9sident du CIO pendant les Jeux de Paris, l\u2019Allemand Thomas Bach sera pr\u00e9sent, tout comme celle qui lui a succ\u00e9d\u00e9 fin janvier, la Zimbabw\u00e9enne <a href=\"https:\/\/www.leparisien.fr\/sports\/JO\/fille-du-zimbabwe-grande-nageuse-engagee-qui-est-kirsty-coventry-la-nouvelle-presidente-du-cio-20-03-2025-EPY3NVZFGJBA5JEUV7GEANW7MY.php\" target=\"_self\" rel=\"noopener\">Kirsty Coventry<\/a>.<\/p>\n<p class=\"paragraph text_align_left lp-f-body-02\">D\u00e8s le matin, le fleuve sera sollicit\u00e9. Entre 7h30 et 9h45, plus de cent kayaks, avirons, paddles et dragon boats descendront la Seine, de Bercy (XIIe) au port des Saints-P\u00e8res (VIe, VIIe). Dans le m\u00eame temps, l\u2019EDF Aqua Challenge, le circuit national des courses en eau libre, fera \u00e9tape dans la Seine, au Bras de Grenelle (XVe), de 8\u00a0heures \u00e0 13\u00a0heures, si les conditions le permettent.<\/p>\n<p>Une mini-c\u00e9r\u00e9monie d\u2019ouverture sur la Seine<\/p>\n<p class=\"paragraph text_align_left lp-f-body-02\">Plus tard dans la matin\u00e9e, viendra le temps de l\u2019inauguration des <a href=\"https:\/\/www.leparisien.fr\/paris-75\/paris-la-premiere-des-10-statues-feminines-de-la-ceremonie-des-jo-installee-rue-de-la-chapelle-18-07-2025-BJJ2XFAOVRCPZBKLFICCTAHJSE.php\" target=\"_self\" rel=\"noopener\">dix statues de femmes<\/a> qui avaient justement \u00e9t\u00e9 pr\u00e9sent\u00e9es pendant la c\u00e9r\u00e9monie d\u2019ouverture. Install\u00e9es depuis une semaine rue de la Chapelle <a href=\"https:\/\/www.leparisien.fr\/paris-75\/paris-75018\/\" target=\"_self\" rel=\"noopener\">(XVIIIe)<\/a>, Gis\u00e8le Halimi, Simone Veil ou encore Simone de Beauvoir seront mises \u00e0 l\u2019honneur dans le nord-est de la capitale. Sur le temps de midi, un parfum de c\u00e9r\u00e9monie flottera \u00e0 nouveau sur les flots parisiens avec une trentaine de bateaux d\u00e9cor\u00e9s pour une parade de l\u2019est \u00e0 l\u2019ouest de Paris\u00a0!<\/p>\n<p class=\"paragraph text_align_left lp-f-body-02\">Lors de leur visite dans la capitale, Kirsty Coventry et Thomas Bach se retrouveront au Grand Palais pour une c\u00e9r\u00e9monie officielle, notamment en compagnie de la ministre des Sports, <a href=\"https:\/\/www.leparisien.fr\/sports\/marie-barsacq-defend-les-credits-alloues-au-sport-un-budget-modeste-a-limpact-massif-07-07-2025-6PPZRPRDO5BXPBZDEAWBPQ2XCY.php\" target=\"_blank\" rel=\"noreferrer noopener\">Marie Barsacq <\/a>et celle qui \u00e9tait \u00e0 son poste lors des Jeux, <a href=\"https:\/\/www.leparisien.fr\/sports\/JO\/lex-ministre-amelie-oudea-castera-prend-officiellement-les-renes-du-cnosf-19-06-2025-VV6DO5FOKVHCHB4SQBZSSY7EPI.php\" target=\"_blank\" rel=\"noreferrer noopener\">Am\u00e9lie Oud\u00e9a-Cast\u00e9ra<\/a>, aujourd\u2019hui \u00e0 la t\u00eate du CNOSF. La d\u00e9l\u00e9gation se rendra \u00e9galement en Seine-Saint-Denis dans l\u2019apr\u00e8s-midi, au <a href=\"https:\/\/www.leparisien.fr\/seine-saint-denis-93\/a-jamais-les-premiers-nageurs-le-centre-aquatique-olympique-a-saint-denis-a-ouvert-ce-lundi-matin-02-06-2025-5WOKFPOM4JAIHESQAIKPAMDBSY.php\" target=\"_blank\" rel=\"noreferrer noopener\">centre aquatique olympique de Saint-Denis<\/a> mais aussi \u00e0 La\u00a0Courneuve, o\u00f9 seront d\u00e9voil\u00e9s les anneaux olympiques et o\u00f9 se produira le soir m\u00eame <a href=\"https:\/\/www.leparisien.fr\/seine-saint-denis-93\/tiakola-en-concert-gratuit-dans-le-parc-de-la-courneuve-le-26-juillet-pour-le-premier-anniversaire-de-paris-2024-08-07-2025-CZ32MCJ7ZRGRRO7E2IGZJFCEYU.php\" target=\"_self\" rel=\"noopener\">le rappeur Tiakola pour un concert gratuit<\/a>.<\/p>\n<p>Pour les volontaires, l\u2019heure des retrouvailles<\/p>\n<p class=\"paragraph text_align_left lp-f-body-02\">Des sites que certains et certaines connaissent parfaitement\u00a0: <a href=\"https:\/\/www.leparisien.fr\/jo-paris-2024\/apres-les-jo-jai-ressenti-un-grand-vide-lassociation-tous-volontaires-veut-entretenir-la-flamme-21-01-2025-VVKLAAHSYVCZXAPVUVKGGPOCLU.php\" target=\"_self\" rel=\"noopener\">les volontaires<\/a>, qui avaient grandement contribu\u00e9 \u00e0 la r\u00e9ussite des Jeux olympiques. Un an apr\u00e8s, ils vont se retrouver par dizaines aux quatre coins de la capitale. Au programme, un pique-nique g\u00e9ant \u00e0 la Villette (XXe), un d\u00e9fil\u00e9 d\u2019une cinquantaine de porte-drapeaux entre le stade \u00c9mile-Anthoine (XVe) et la <a href=\"https:\/\/www.leparisien.fr\/paris-75\/tour-eiffel\/\" target=\"_self\" rel=\"noopener\">tour Eiffel<\/a> (VIIe) ou encore une balade sur la Seine en bateau-mouche.<\/p>\n<p class=\"paragraph text_align_left lp-f-body-02\">Ailleurs, dans Paris, la f\u00eate sera le credo de la journ\u00e9e. Remarqu\u00e9 l\u2019an dernier pour leur prestation, les gymnastes des sapeurs-pompiers de Paris offriront un nouveau spectacle au niveau de <a href=\"https:\/\/www.leparisien.fr\/paris-75\/cest-genial-inattendu-avec-les-premiers-baigneurs-au-coeur-des-trois-sites-ouverts-sur-la-seine-05-07-2025-GTKAVTCTUFG5TCZNTQEKQJMOHU.php\" target=\"_self\" rel=\"noopener\">la baignade du Bras Marie<\/a> (IVe). Rendez-vous au ponton de baignade \u00e0 11h30, au pont de Sully \u00e0 14\u00a0heures et en bas de la rampe de Sully \u00e0 15h30.<\/p>\n<p class=\"paragraph text_align_left lp-f-body-02\">Viendra le moment de chanter les Jeux, avec un karaok\u00e9 g\u00e9ant place du Ch\u00e2telet (Ier, IVe) \u00e0 17h30, avant un DJ set de 20\u00a0heures \u00e0 22\u00a0heures. L\u2019\u00e9v\u00e9nement sera gratuit, mais <a href=\"https:\/\/theatredelaville-paris.notre-billetterie.com\/billets?lg=FR&amp;seance=16476\" target=\"_self\" rel=\"noopener\">sur r\u00e9servation<\/a>. La fin de journ\u00e9e se conclura, comme la c\u00e9r\u00e9monie d\u2019ouverture olympique, avec l\u2019envol de la vasque autour de 22\u00a0heures, un an apr\u00e8s avoir quitt\u00e9 le sol des Tuileries pour la premi\u00e8re fois.<\/p>\n","protected":false},"excerpt":{"rendered":"Un drapeau bleu blanc rouge qui explose sur le pont d\u2019Austerlitz (Ve, XIIIe), peu apr\u00e8s 19h30. Nous \u00e9tions&hellip;\n","protected":false},"author":2,"featured_media":270472,"comment_status":"","ping_status":"","sticky":false,"template":"","format":"standard","meta":{"footnotes":""},"categories":[1888],"tags":[11,1777,674,1011,27,1944,12,626,5856,25],"class_list":{"0":"post-270471","1":"post","2":"type-post","3":"status-publish","4":"format-standard","5":"has-post-thumbnail","7":"category-paris","8":"tag-actualites","9":"tag-eu","10":"tag-europe","11":"tag-fr","12":"tag-france","13":"tag-ma-ville","14":"tag-news","15":"tag-paris","16":"tag-paris-2024","17":"tag-republique-francaise"},"share_on_mastodon":{"url":"https:\/\/pubeurope.com\/@fr\/114908308605159154","error":""},"_links":{"self":[{"href":"https:\/\/www.europesays.com\/fr\/wp-json\/wp\/v2\/posts\/270471","targetHints":{"allow":["GET"]}}],"collection":[{"href":"https:\/\/www.europesays.com\/fr\/wp-json\/wp\/v2\/posts"}],"about":[{"href":"https:\/\/www.europesays.com\/fr\/wp-json\/wp\/v2\/types\/post"}],"author":[{"embeddable":true,"href":"https:\/\/www.europesays.com\/fr\/wp-json\/wp\/v2\/users\/2"}],"replies":[{"embeddable":true,"href":"https:\/\/www.europesays.com\/fr\/wp-json\/wp\/v2\/comments?post=270471"}],"version-history":[{"count":0,"href":"https:\/\/www.europesays.com\/fr\/wp-json\/wp\/v2\/posts\/270471\/revisions"}],"wp:featuredmedia":[{"embeddable":true,"href":"https:\/\/www.europesays.com\/fr\/wp-json\/wp\/v2\/media\/270472"}],"wp:attachment":[{"href":"https:\/\/www.europesays.com\/fr\/wp-json\/wp\/v2\/media?parent=270471"}],"wp:term":[{"taxonomy":"category","embeddable":true,"href":"https:\/\/www.europesays.com\/fr\/wp-json\/wp\/v2\/categories?post=270471"},{"taxonomy":"post_tag","embeddable":true,"href":"https:\/\/www.europesays.com\/fr\/wp-json\/wp\/v2\/tags?post=270471"}],"curies":[{"name":"wp","href":"https:\/\/api.w.org\/{rel}","templated":true}]}}